{"id":6580,"date":"2021-08-04T06:44:00","date_gmt":"2021-08-04T06:44:00","guid":{"rendered":"https:\/\/dogoodpeople.com\/?p=6580"},"modified":"2023-03-09T12:32:40","modified_gmt":"2023-03-09T11:32:40","slug":"que-es-la-economia-azul","status":"publish","type":"post","link":"https:\/\/www.dogoodpeople.com\/es\/tendencias-rsc\/accion-climatica\/que-es-la-economia-azul\/","title":{"rendered":"Econom\u00eda azul \u00bfQu\u00e9 es?"},"content":{"rendered":"\r\n<p>Entender c\u00f3mo las personas, empresas y gobiernos toman decisiones sobre el uso del oc\u00e9ano es el primer paso hacia la sostenibilidad. Para definir el valor que se le da al oc\u00e9ano y a sus recursos primero debemos preguntarnos lo m\u00e1s importante para nosotros es el beneficio econ\u00f3mico o si por otro lado, nos interesa m\u00e1s conservar y proteger los recursos naturales.<\/p>\r\n\r\n\r\n\r\n<p>&nbsp;<\/p>\r\n\r\n\r\n\r\n<h2 class=\"wp-block-heading\"><strong>\u00bfQu\u00e9 es la econom\u00eda azul?<\/strong><\/h2>\r\n\r\n\r\n\r\n<p>El concepto de <strong>econom\u00eda azul<\/strong> nace de la necesidad de desvincular el desarrollo socioecon\u00f3mico de la destrucci\u00f3n y explotaci\u00f3n del medio ambiente y sus recursos.<\/p>\r\n\r\n\r\n\r\n<p>La<a href=\"https:\/\/ec.europa.eu\/info\/index_es\"> Comisi\u00f3n Europea<\/a> la define como \u00abTodas las actividades econ\u00f3micas relacionadas con los oc\u00e9anos, mares y costas\u00bb.<\/p>\r\n\r\n\r\n\r\n<p>Al igual que la \u00abeconom\u00eda verde\u00bb, el modelo de econom\u00eda azul tiene como objetivo <strong>mejorar el bienestar humano y la equidad<\/strong> social, al tiempo que reduce significativamente los riesgos ambientales y la escasez de recursos naturales.<\/p>\r\n\r\n\r\n\r\n<p>Seg\u00fan <a href=\"https:\/\/thecommonwealth.org\/\">The Commonwealth of Nations<\/a>, la econom\u00eda azul es considerada como \u00abun concepto emergente que fomenta una mejor administraci\u00f3n de nuestro oc\u00e9ano o recursos azules\u00bb.<\/p>\r\n\r\n\r\n\r\n<p>En pocas palabras, la \u00abeconom\u00eda azul\u00bb se refiere a la variedad de usos econ\u00f3micos de los <strong>recursos oce\u00e1nicos y costeros <\/strong>como la energ\u00eda, el transporte mar\u00edtimo, la pesca, la miner\u00eda y el turismo. Tambi\u00e9n incluye los beneficios econ\u00f3micos que pueden no comercializarse como el almacenamiento de carbono, la protecci\u00f3n de las costas, los valores culturales y la biodiversidad.<\/p>\r\n\r\n\r\n\r\n<p>&nbsp;<\/p>\r\n\r\n\r\n\r\n<figure class=\"wp-block-image size-large\"><img decoding=\"async\" class=\"wp-image-6581\" src=\"https:\/\/dogoodpeople.com\/wp-content\/uploads\/2021\/08\/pexels-ben-mack-5707564-1024x682.jpg\" alt=\"\" \/><\/figure>\r\n\r\n\r\n\r\n<h2 class=\"wp-block-heading\"><strong>\u00bfC\u00f3mo puede contribuir la econom\u00eda azul al Pacto Verde Europeo?<\/strong><\/h2>\r\n\r\n\r\n\r\n<p>A trav\u00e9s de modelos m\u00e1s sostenibles, la econom\u00eda azul utilizar\u00e1 los recursos de los oc\u00e9anos para contribuir a la consecuci\u00f3n de los objetivos del <strong>Pacto Verde Europeo<\/strong> de una econom\u00eda europea m\u00e1s <strong>neutra y resistente<\/strong> desde un punto de vista clim\u00e1tico.<\/p>\r\n\r\n\r\n\r\n<p>La comisi\u00f3n europea agrega que la econom\u00eda azul contribuye con:<\/p>\r\n\r\n\r\n\r\n<ul class=\"wp-block-list\">\r\n<li>Una reducci\u00f3n del 90% de las emisiones de gases de efecto invernadero del transporte mar\u00edtimo.<\/li>\r\n<li>La descarbonizaci\u00f3n del transporte mar\u00edtimo.<\/li>\r\n<li>Minimizar el impacto ambiental de la pesca en los h\u00e1bitats marinos.<\/li>\r\n<li>Hacer m\u00e1s circulares los sectores de la econom\u00eda azul.\u00a0<\/li>\r\n<li>Ampliar la energ\u00eda renovable en alta mar.<\/li>\r\n<li>Contribuir a la transici\u00f3n hacia un sistema alimentario sostenible y con bajas emisiones de carbono.<\/li>\r\n<\/ul>\r\n\r\n\r\n\r\n<p>&nbsp;<\/p>\r\n\r\n\r\n\r\n<p>Por otro lado, la Comisi\u00f3n y el Banco Europeo de Inversiones continuar\u00e1n abogando por los <strong>principios de financiaci\u00f3n sostenible<\/strong> de la econom\u00eda azul ante los inversores privados. Como resultado se crear\u00e1n oportunidades tangibles para nuevos empleos y empresas.<\/p>\r\n\r\n\r\n\r\n<p>&nbsp;<\/p>\r\n\r\n\r\n\r\n<h3 class=\"wp-block-heading\"><strong>M\u00e1s all\u00e1 del mercado<\/strong><\/h3>\r\n\r\n\r\n\r\n<p>La econom\u00eda azul no solo se limita a las oportunidades de mercado, sino que adem\u00e1s vela por la <strong>protecci\u00f3n y el desarrollo de los recursos \u00abazules\u00bb m\u00e1s intangibles<\/strong>, como por ejemplo: la capacidad de recuperaci\u00f3n de las costas para ayudar a los Estados vulnerables a mitigar los efectos del cambio clim\u00e1tico.<\/p>\r\n\r\n\r\n\r\n<p>En DoGood apostamos por mejorar el mundo a trav\u00e9s de peque\u00f1as acciones de forma <strong>innovadora, medible y divertida.<\/strong><\/p>\r\n\r\n\r\n\r\n<p>Adem\u00e1s, te ayudamos a activar los ODS, mejorar tus m\u00e9tricas ESG y mejoramos los Estados de Informaci\u00f3n No Financiera <strong>a trav\u00e9s de tus equipos.<\/strong><\/p>\r\n\r\n\r\n\r\n<p>Si te interesa saber m\u00e1s sobre c\u00f3mo hacemos esto posible de una forma social y de impacto, haz clic <a href=\"https:\/\/dogoodpeople.com\/contacto\/\">aqu\u00ed<\/a>.<\/p>\r\n","protected":false},"excerpt":{"rendered":"<p>Entender c\u00f3mo las personas, empresas y gobiernos toman decisiones sobre el uso del oc\u00e9ano es [&hellip;]<\/p>\n","protected":false},"author":9,"featured_media":18830,"comment_status":"closed","ping_status":"closed","sticky":false,"template":"","format":"standard","meta":{"_acf_changed":false,"content-type":"","footnotes":""},"categories":[184],"tags":[],"class_list":["post-6580","post","type-post","status-publish","format-standard","has-post-thumbnail","hentry","category-accion-climatica"],"acf":[],"yoast_head":"<!-- This site is optimized with the Yoast SEO Premium plugin v25.8 (Yoast SEO v27.4) - https:\/\/yoast.com\/product\/yoast-seo-premium-wordpress\/ -->\n<title>Econom\u00eda azul \u00bfQu\u00e9 es? - DoGood People<\/title>\n<meta name=\"description\" content=\"Las pr\u00e1cticas y acciones que gobiernos y empresas toman para proteger los oc\u00e9anos son una parte crucial de la sostenibilidad.\" \/>\n<meta name=\"robots\" content=\"index, follow, max-snippet:-1, max-image-preview:large, max-video-preview:-1\" \/>\n<link rel=\"canonical\" href=\"https:\/\/www.dogoodpeople.com\/es\/tendencias-rsc\/accion-climatica\/que-es-la-economia-azul\/\" \/>\n<meta property=\"og:locale\" content=\"es_ES\" \/>\n<meta property=\"og:type\" content=\"article\" \/>\n<meta property=\"og:title\" content=\"Econom\u00eda azul \u00bfQu\u00e9 es?\" \/>\n<meta property=\"og:description\" content=\"Las pr\u00e1cticas y acciones que gobiernos y empresas toman para proteger los oc\u00e9anos son una parte crucial de la sostenibilidad.\" \/>\n<meta property=\"og:url\" content=\"https:\/\/www.dogoodpeople.com\/es\/tendencias-rsc\/accion-climatica\/que-es-la-economia-azul\/\" \/>\n<meta property=\"og:site_name\" content=\"DoGood People\" \/>\n<meta property=\"article:published_time\" content=\"2021-08-04T06:44:00+00:00\" \/>\n<meta property=\"article:modified_time\" content=\"2023-03-09T11:32:40+00:00\" \/>\n<meta property=\"og:image\" content=\"https:\/\/www.dogoodpeople.com\/wp-content\/uploads\/2021\/08\/pexels-matt-hardy-1533720.jpg\" \/>\n\t<meta property=\"og:image:width\" content=\"640\" \/>\n\t<meta property=\"og:image:height\" content=\"427\" \/>\n\t<meta property=\"og:image:type\" content=\"image\/jpeg\" \/>\n<meta name=\"author\" content=\"Gabriela Caputo\" \/>\n<meta name=\"twitter:card\" content=\"summary_large_image\" \/>\n<meta name=\"twitter:label1\" content=\"Escrito por\" \/>\n\t<meta name=\"twitter:data1\" content=\"Gabriela Caputo\" \/>\n\t<meta name=\"twitter:label2\" content=\"Tiempo de lectura\" \/>\n\t<meta name=\"twitter:data2\" content=\"3 minutos\" \/>\n<script type=\"application\/ld+json\" class=\"yoast-schema-graph\">{\"@context\":\"https:\\\/\\\/schema.org\",\"@graph\":[{\"@type\":\"Article\",\"@id\":\"https:\\\/\\\/www.dogoodpeople.com\\\/es\\\/tendencias-rsc\\\/accion-climatica\\\/que-es-la-economia-azul\\\/#article\",\"isPartOf\":{\"@id\":\"https:\\\/\\\/www.dogoodpeople.com\\\/es\\\/tendencias-rsc\\\/accion-climatica\\\/que-es-la-economia-azul\\\/\"},\"author\":{\"name\":\"Gabriela Caputo\",\"@id\":\"https:\\\/\\\/www.dogoodpeople.com\\\/es\\\/#\\\/schema\\\/person\\\/ad0494a31458535c7fb30f39e493a2b9\"},\"headline\":\"Econom\u00eda azul \u00bfQu\u00e9 es?\",\"datePublished\":\"2021-08-04T06:44:00+00:00\",\"dateModified\":\"2023-03-09T11:32:40+00:00\",\"mainEntityOfPage\":{\"@id\":\"https:\\\/\\\/www.dogoodpeople.com\\\/es\\\/tendencias-rsc\\\/accion-climatica\\\/que-es-la-economia-azul\\\/\"},\"wordCount\":583,\"publisher\":{\"@id\":\"https:\\\/\\\/www.dogoodpeople.com\\\/es\\\/#organization\"},\"image\":{\"@id\":\"https:\\\/\\\/www.dogoodpeople.com\\\/es\\\/tendencias-rsc\\\/accion-climatica\\\/que-es-la-economia-azul\\\/#primaryimage\"},\"thumbnailUrl\":\"https:\\\/\\\/www.dogoodpeople.com\\\/wp-content\\\/uploads\\\/2021\\\/08\\\/pexels-matt-hardy-1533720.jpg\",\"articleSection\":[\"Acci\u00f3n clim\u00e1tica\"],\"inLanguage\":\"es\"},{\"@type\":\"WebPage\",\"@id\":\"https:\\\/\\\/www.dogoodpeople.com\\\/es\\\/tendencias-rsc\\\/accion-climatica\\\/que-es-la-economia-azul\\\/\",\"url\":\"https:\\\/\\\/www.dogoodpeople.com\\\/es\\\/tendencias-rsc\\\/accion-climatica\\\/que-es-la-economia-azul\\\/\",\"name\":\"Econom\u00eda azul \u00bfQu\u00e9 es? - DoGood People\",\"isPartOf\":{\"@id\":\"https:\\\/\\\/www.dogoodpeople.com\\\/es\\\/#website\"},\"primaryImageOfPage\":{\"@id\":\"https:\\\/\\\/www.dogoodpeople.com\\\/es\\\/tendencias-rsc\\\/accion-climatica\\\/que-es-la-economia-azul\\\/#primaryimage\"},\"image\":{\"@id\":\"https:\\\/\\\/www.dogoodpeople.com\\\/es\\\/tendencias-rsc\\\/accion-climatica\\\/que-es-la-economia-azul\\\/#primaryimage\"},\"thumbnailUrl\":\"https:\\\/\\\/www.dogoodpeople.com\\\/wp-content\\\/uploads\\\/2021\\\/08\\\/pexels-matt-hardy-1533720.jpg\",\"datePublished\":\"2021-08-04T06:44:00+00:00\",\"dateModified\":\"2023-03-09T11:32:40+00:00\",\"description\":\"Las pr\u00e1cticas y acciones que gobiernos y empresas toman para proteger los oc\u00e9anos son una parte crucial de la sostenibilidad.\",\"breadcrumb\":{\"@id\":\"https:\\\/\\\/www.dogoodpeople.com\\\/es\\\/tendencias-rsc\\\/accion-climatica\\\/que-es-la-economia-azul\\\/#breadcrumb\"},\"inLanguage\":\"es\",\"potentialAction\":[{\"@type\":\"ReadAction\",\"target\":[\"https:\\\/\\\/www.dogoodpeople.com\\\/es\\\/tendencias-rsc\\\/accion-climatica\\\/que-es-la-economia-azul\\\/\"]}]},{\"@type\":\"ImageObject\",\"inLanguage\":\"es\",\"@id\":\"https:\\\/\\\/www.dogoodpeople.com\\\/es\\\/tendencias-rsc\\\/accion-climatica\\\/que-es-la-economia-azul\\\/#primaryimage\",\"url\":\"https:\\\/\\\/www.dogoodpeople.com\\\/wp-content\\\/uploads\\\/2021\\\/08\\\/pexels-matt-hardy-1533720.jpg\",\"contentUrl\":\"https:\\\/\\\/www.dogoodpeople.com\\\/wp-content\\\/uploads\\\/2021\\\/08\\\/pexels-matt-hardy-1533720.jpg\",\"width\":640,\"height\":427,\"caption\":\"econom\u00eda azul\"},{\"@type\":\"BreadcrumbList\",\"@id\":\"https:\\\/\\\/www.dogoodpeople.com\\\/es\\\/tendencias-rsc\\\/accion-climatica\\\/que-es-la-economia-azul\\\/#breadcrumb\",\"itemListElement\":[{\"@type\":\"ListItem\",\"position\":1,\"name\":\"Home\",\"item\":\"https:\\\/\\\/www.dogoodpeople.com\\\/es\\\/\"},{\"@type\":\"ListItem\",\"position\":2,\"name\":\"Econom\u00eda azul \u00bfQu\u00e9 es?\"}]},{\"@type\":\"WebSite\",\"@id\":\"https:\\\/\\\/www.dogoodpeople.com\\\/es\\\/#website\",\"url\":\"https:\\\/\\\/www.dogoodpeople.com\\\/es\\\/\",\"name\":\"DoGood People\",\"description\":\"Software para digitalizar el impacto ESG de los empleados y mejorar la reputaci\u00f3n sostenible de las empresas.\",\"publisher\":{\"@id\":\"https:\\\/\\\/www.dogoodpeople.com\\\/es\\\/#organization\"},\"alternateName\":\"DoGood\",\"potentialAction\":[{\"@type\":\"SearchAction\",\"target\":{\"@type\":\"EntryPoint\",\"urlTemplate\":\"https:\\\/\\\/www.dogoodpeople.com\\\/es\\\/?s={search_term_string}\"},\"query-input\":{\"@type\":\"PropertyValueSpecification\",\"valueRequired\":true,\"valueName\":\"search_term_string\"}}],\"inLanguage\":\"es\"},{\"@type\":\"Organization\",\"@id\":\"https:\\\/\\\/www.dogoodpeople.com\\\/es\\\/#organization\",\"name\":\"DoGood People\",\"url\":\"https:\\\/\\\/www.dogoodpeople.com\\\/es\\\/\",\"logo\":{\"@type\":\"ImageObject\",\"inLanguage\":\"es\",\"@id\":\"https:\\\/\\\/www.dogoodpeople.com\\\/es\\\/#\\\/schema\\\/logo\\\/image\\\/\",\"url\":\"https:\\\/\\\/www.dogoodpeople.com\\\/wp-content\\\/uploads\\\/2022\\\/09\\\/Logo-DoGood-people.png\",\"contentUrl\":\"https:\\\/\\\/www.dogoodpeople.com\\\/wp-content\\\/uploads\\\/2022\\\/09\\\/Logo-DoGood-people.png\",\"width\":400,\"height\":280,\"caption\":\"DoGood People\"},\"image\":{\"@id\":\"https:\\\/\\\/www.dogoodpeople.com\\\/es\\\/#\\\/schema\\\/logo\\\/image\\\/\"},\"sameAs\":[\"https:\\\/\\\/www.linkedin.com\\\/company\\\/dogood\\\/\",\"https:\\\/\\\/www.instagram.com\\\/dogood_people\\\/\"]},{\"@type\":\"Person\",\"@id\":\"https:\\\/\\\/www.dogoodpeople.com\\\/es\\\/#\\\/schema\\\/person\\\/ad0494a31458535c7fb30f39e493a2b9\",\"name\":\"Gabriela Caputo\"}]}<\/script>\n<!-- \/ Yoast SEO Premium plugin. -->","yoast_head_json":{"title":"Econom\u00eda azul \u00bfQu\u00e9 es? - DoGood People","description":"Las pr\u00e1cticas y acciones que gobiernos y empresas toman para proteger los oc\u00e9anos son una parte crucial de la sostenibilidad.","robots":{"index":"index","follow":"follow","max-snippet":"max-snippet:-1","max-image-preview":"max-image-preview:large","max-video-preview":"max-video-preview:-1"},"canonical":"https:\/\/www.dogoodpeople.com\/es\/tendencias-rsc\/accion-climatica\/que-es-la-economia-azul\/","og_locale":"es_ES","og_type":"article","og_title":"Econom\u00eda azul \u00bfQu\u00e9 es?","og_description":"Las pr\u00e1cticas y acciones que gobiernos y empresas toman para proteger los oc\u00e9anos son una parte crucial de la sostenibilidad.","og_url":"https:\/\/www.dogoodpeople.com\/es\/tendencias-rsc\/accion-climatica\/que-es-la-economia-azul\/","og_site_name":"DoGood People","article_published_time":"2021-08-04T06:44:00+00:00","article_modified_time":"2023-03-09T11:32:40+00:00","og_image":[{"width":640,"height":427,"url":"https:\/\/www.dogoodpeople.com\/wp-content\/uploads\/2021\/08\/pexels-matt-hardy-1533720.jpg","type":"image\/jpeg"}],"author":"Gabriela Caputo","twitter_card":"summary_large_image","twitter_misc":{"Escrito por":"Gabriela Caputo","Tiempo de lectura":"3 minutos"},"schema":{"@context":"https:\/\/schema.org","@graph":[{"@type":"Article","@id":"https:\/\/www.dogoodpeople.com\/es\/tendencias-rsc\/accion-climatica\/que-es-la-economia-azul\/#article","isPartOf":{"@id":"https:\/\/www.dogoodpeople.com\/es\/tendencias-rsc\/accion-climatica\/que-es-la-economia-azul\/"},"author":{"name":"Gabriela Caputo","@id":"https:\/\/www.dogoodpeople.com\/es\/#\/schema\/person\/ad0494a31458535c7fb30f39e493a2b9"},"headline":"Econom\u00eda azul \u00bfQu\u00e9 es?","datePublished":"2021-08-04T06:44:00+00:00","dateModified":"2023-03-09T11:32:40+00:00","mainEntityOfPage":{"@id":"https:\/\/www.dogoodpeople.com\/es\/tendencias-rsc\/accion-climatica\/que-es-la-economia-azul\/"},"wordCount":583,"publisher":{"@id":"https:\/\/www.dogoodpeople.com\/es\/#organization"},"image":{"@id":"https:\/\/www.dogoodpeople.com\/es\/tendencias-rsc\/accion-climatica\/que-es-la-economia-azul\/#primaryimage"},"thumbnailUrl":"https:\/\/www.dogoodpeople.com\/wp-content\/uploads\/2021\/08\/pexels-matt-hardy-1533720.jpg","articleSection":["Acci\u00f3n clim\u00e1tica"],"inLanguage":"es"},{"@type":"WebPage","@id":"https:\/\/www.dogoodpeople.com\/es\/tendencias-rsc\/accion-climatica\/que-es-la-economia-azul\/","url":"https:\/\/www.dogoodpeople.com\/es\/tendencias-rsc\/accion-climatica\/que-es-la-economia-azul\/","name":"Econom\u00eda azul \u00bfQu\u00e9 es? - DoGood People","isPartOf":{"@id":"https:\/\/www.dogoodpeople.com\/es\/#website"},"primaryImageOfPage":{"@id":"https:\/\/www.dogoodpeople.com\/es\/tendencias-rsc\/accion-climatica\/que-es-la-economia-azul\/#primaryimage"},"image":{"@id":"https:\/\/www.dogoodpeople.com\/es\/tendencias-rsc\/accion-climatica\/que-es-la-economia-azul\/#primaryimage"},"thumbnailUrl":"https:\/\/www.dogoodpeople.com\/wp-content\/uploads\/2021\/08\/pexels-matt-hardy-1533720.jpg","datePublished":"2021-08-04T06:44:00+00:00","dateModified":"2023-03-09T11:32:40+00:00","description":"Las pr\u00e1cticas y acciones que gobiernos y empresas toman para proteger los oc\u00e9anos son una parte crucial de la sostenibilidad.","breadcrumb":{"@id":"https:\/\/www.dogoodpeople.com\/es\/tendencias-rsc\/accion-climatica\/que-es-la-economia-azul\/#breadcrumb"},"inLanguage":"es","potentialAction":[{"@type":"ReadAction","target":["https:\/\/www.dogoodpeople.com\/es\/tendencias-rsc\/accion-climatica\/que-es-la-economia-azul\/"]}]},{"@type":"ImageObject","inLanguage":"es","@id":"https:\/\/www.dogoodpeople.com\/es\/tendencias-rsc\/accion-climatica\/que-es-la-economia-azul\/#primaryimage","url":"https:\/\/www.dogoodpeople.com\/wp-content\/uploads\/2021\/08\/pexels-matt-hardy-1533720.jpg","contentUrl":"https:\/\/www.dogoodpeople.com\/wp-content\/uploads\/2021\/08\/pexels-matt-hardy-1533720.jpg","width":640,"height":427,"caption":"econom\u00eda azul"},{"@type":"BreadcrumbList","@id":"https:\/\/www.dogoodpeople.com\/es\/tendencias-rsc\/accion-climatica\/que-es-la-economia-azul\/#breadcrumb","itemListElement":[{"@type":"ListItem","position":1,"name":"Home","item":"https:\/\/www.dogoodpeople.com\/es\/"},{"@type":"ListItem","position":2,"name":"Econom\u00eda azul \u00bfQu\u00e9 es?"}]},{"@type":"WebSite","@id":"https:\/\/www.dogoodpeople.com\/es\/#website","url":"https:\/\/www.dogoodpeople.com\/es\/","name":"DoGood People","description":"Software para digitalizar el impacto ESG de los empleados y mejorar la reputaci\u00f3n sostenible de las empresas.","publisher":{"@id":"https:\/\/www.dogoodpeople.com\/es\/#organization"},"alternateName":"DoGood","potentialAction":[{"@type":"SearchAction","target":{"@type":"EntryPoint","urlTemplate":"https:\/\/www.dogoodpeople.com\/es\/?s={search_term_string}"},"query-input":{"@type":"PropertyValueSpecification","valueRequired":true,"valueName":"search_term_string"}}],"inLanguage":"es"},{"@type":"Organization","@id":"https:\/\/www.dogoodpeople.com\/es\/#organization","name":"DoGood People","url":"https:\/\/www.dogoodpeople.com\/es\/","logo":{"@type":"ImageObject","inLanguage":"es","@id":"https:\/\/www.dogoodpeople.com\/es\/#\/schema\/logo\/image\/","url":"https:\/\/www.dogoodpeople.com\/wp-content\/uploads\/2022\/09\/Logo-DoGood-people.png","contentUrl":"https:\/\/www.dogoodpeople.com\/wp-content\/uploads\/2022\/09\/Logo-DoGood-people.png","width":400,"height":280,"caption":"DoGood People"},"image":{"@id":"https:\/\/www.dogoodpeople.com\/es\/#\/schema\/logo\/image\/"},"sameAs":["https:\/\/www.linkedin.com\/company\/dogood\/","https:\/\/www.instagram.com\/dogood_people\/"]},{"@type":"Person","@id":"https:\/\/www.dogoodpeople.com\/es\/#\/schema\/person\/ad0494a31458535c7fb30f39e493a2b9","name":"Gabriela Caputo"}]}},"_links":{"self":[{"href":"https:\/\/www.dogoodpeople.com\/es\/wp-json\/wp\/v2\/posts\/6580","targetHints":{"allow":["GET"]}}],"collection":[{"href":"https:\/\/www.dogoodpeople.com\/es\/wp-json\/wp\/v2\/posts"}],"about":[{"href":"https:\/\/www.dogoodpeople.com\/es\/wp-json\/wp\/v2\/types\/post"}],"author":[{"embeddable":true,"href":"https:\/\/www.dogoodpeople.com\/es\/wp-json\/wp\/v2\/users\/9"}],"replies":[{"embeddable":true,"href":"https:\/\/www.dogoodpeople.com\/es\/wp-json\/wp\/v2\/comments?post=6580"}],"version-history":[{"count":0,"href":"https:\/\/www.dogoodpeople.com\/es\/wp-json\/wp\/v2\/posts\/6580\/revisions"}],"wp:featuredmedia":[{"embeddable":true,"href":"https:\/\/www.dogoodpeople.com\/es\/wp-json\/wp\/v2\/media\/18830"}],"wp:attachment":[{"href":"https:\/\/www.dogoodpeople.com\/es\/wp-json\/wp\/v2\/media?parent=6580"}],"wp:term":[{"taxonomy":"category","embeddable":true,"href":"https:\/\/www.dogoodpeople.com\/es\/wp-json\/wp\/v2\/categories?post=6580"},{"taxonomy":"post_tag","embeddable":true,"href":"https:\/\/www.dogoodpeople.com\/es\/wp-json\/wp\/v2\/tags?post=6580"}],"curies":[{"name":"wp","href":"https:\/\/api.w.org\/{rel}","templated":true}]}}