{"id":24634,"date":"2023-12-11T18:36:20","date_gmt":"2023-12-11T17:36:20","guid":{"rendered":"https:\/\/www.dogoodpeople.com\/?p=24634"},"modified":"2023-12-12T08:49:13","modified_gmt":"2023-12-12T07:49:13","slug":"la-relacion-entre-la-sostenibilidad-y-la-salud-mental","status":"publish","type":"post","link":"https:\/\/www.dogoodpeople.com\/es\/tendencias-rsc\/cultura-sostenible\/la-relacion-entre-la-sostenibilidad-y-la-salud-mental\/","title":{"rendered":"La relaci\u00f3n entre la sostenibilidad y la salud mental"},"content":{"rendered":"\t\t<div data-elementor-type=\"wp-post\" data-elementor-id=\"24634\" class=\"elementor elementor-24634 elementor-24598\" data-elementor-post-type=\"post\">\n\t\t\t\t\t\t<section class=\"elementor-section elementor-top-section elementor-element elementor-element-2d2987d elementor-section-boxed elementor-section-height-default elementor-section-height-default\" data-id=\"2d2987d\" data-element_type=\"section\">\n\t\t\t\t\t\t<div class=\"elementor-container elementor-column-gap-default\">\n\t\t\t\t\t<div class=\"elementor-column elementor-col-100 elementor-top-column elementor-element elementor-element-167b845\" data-id=\"167b845\" data-element_type=\"column\">\n\t\t\t<div class=\"elementor-widget-wrap elementor-element-populated\">\n\t\t\t\t\t\t<div class=\"elementor-element elementor-element-53e6e18 elementor-toc--minimized-on-tablet elementor-widget elementor-widget-table-of-contents\" data-id=\"53e6e18\" data-element_type=\"widget\" data-settings=\"{&quot;exclude_headings_by_selector&quot;:[],&quot;headings_by_tags&quot;:[&quot;h2&quot;,&quot;h3&quot;,&quot;h4&quot;,&quot;h5&quot;,&quot;h6&quot;],&quot;marker_view&quot;:&quot;numbers&quot;,&quot;no_headings_message&quot;:&quot;No se ha encontrado ning\\u00fan encabezado en esta p\\u00e1gina.&quot;,&quot;minimize_box&quot;:&quot;yes&quot;,&quot;minimized_on&quot;:&quot;tablet&quot;,&quot;hierarchical_view&quot;:&quot;yes&quot;,&quot;min_height&quot;:{&quot;unit&quot;:&quot;px&quot;,&quot;size&quot;:&quot;&quot;,&quot;sizes&quot;:[]},&quot;min_height_tablet&quot;:{&quot;unit&quot;:&quot;px&quot;,&quot;size&quot;:&quot;&quot;,&quot;sizes&quot;:[]},&quot;min_height_mobile&quot;:{&quot;unit&quot;:&quot;px&quot;,&quot;size&quot;:&quot;&quot;,&quot;sizes&quot;:[]}}\" data-widget_type=\"table-of-contents.default\">\n\t\t\t\t<div class=\"elementor-widget-container\">\n\t\t\t\t\t\t\t\t\t<div class=\"elementor-toc__header\">\n\t\t\t\t\t\t<h4 class=\"elementor-toc__header-title\">\n\t\t\t\tContenidos\t\t\t<\/h4>\n\t\t\t\t\t\t\t\t\t\t<div class=\"elementor-toc__toggle-button elementor-toc__toggle-button--expand\" role=\"button\" tabindex=\"0\" aria-controls=\"elementor-toc__53e6e18\" aria-expanded=\"true\" aria-label=\"Abrir la tabla de contenidos\"><i aria-hidden=\"true\" class=\"fas fa-chevron-down\"><\/i><\/div>\n\t\t\t\t<div class=\"elementor-toc__toggle-button elementor-toc__toggle-button--collapse\" role=\"button\" tabindex=\"0\" aria-controls=\"elementor-toc__53e6e18\" aria-expanded=\"true\" aria-label=\"Cerrar la tabla de contenidos\"><i aria-hidden=\"true\" class=\"fas fa-chevron-up\"><\/i><\/div>\n\t\t\t\t\t<\/div>\n\t\t\t\t<div id=\"elementor-toc__53e6e18\" class=\"elementor-toc__body\">\n\t\t\t<div class=\"elementor-toc__spinner-container\">\n\t\t\t\t<i class=\"elementor-toc__spinner eicon-animation-spin eicon-loading\" aria-hidden=\"true\"><\/i>\t\t\t<\/div>\n\t\t<\/div>\n\t\t\t\t\t\t<\/div>\n\t\t\t\t<\/div>\n\t\t\t\t\t<\/div>\n\t\t<\/div>\n\t\t\t\t\t<\/div>\n\t\t<\/section>\n\t\t\t\t<section class=\"elementor-section elementor-top-section elementor-element elementor-element-fe42e8a elementor-section-boxed elementor-section-height-default elementor-section-height-default\" data-id=\"fe42e8a\" data-element_type=\"section\">\n\t\t\t\t\t\t<div class=\"elementor-container elementor-column-gap-default\">\n\t\t\t\t\t<div class=\"elementor-column elementor-col-100 elementor-top-column elementor-element elementor-element-7151bde\" data-id=\"7151bde\" data-element_type=\"column\">\n\t\t\t<div class=\"elementor-widget-wrap elementor-element-populated\">\n\t\t\t\t\t\t<div class=\"elementor-element elementor-element-a3cc007 elementor-widget elementor-widget-text-editor\" data-id=\"a3cc007\" data-element_type=\"widget\" data-widget_type=\"text-editor.default\">\n\t\t\t\t<div class=\"elementor-widget-container\">\n\t\t\t\t\t\t\t\t\t<p><strong>En un mundo cada vez m\u00e1s polarizado y altamente tecnol\u00f3gico, la conexi\u00f3n humana con los dem\u00e1s y con nuestro entorno natural es peligrosamente dif\u00edcil de establecer. Pero encontrar valor en las cosas que hacemos nunca ha sido tan crucial. <\/strong><\/p>\n\t\t\t\t\t\t\t\t<\/div>\n\t\t\t\t<\/div>\n\t\t\t\t\t<\/div>\n\t\t<\/div>\n\t\t\t\t\t<\/div>\n\t\t<\/section>\n\t\t\t\t<section class=\"elementor-section elementor-top-section elementor-element elementor-element-f34b581 elementor-section-boxed elementor-section-height-default elementor-section-height-default\" data-id=\"f34b581\" data-element_type=\"section\">\n\t\t\t\t\t\t<div class=\"elementor-container elementor-column-gap-default\">\n\t\t\t\t\t<div class=\"elementor-column elementor-col-100 elementor-top-column elementor-element elementor-element-8fa8767\" data-id=\"8fa8767\" data-element_type=\"column\">\n\t\t\t<div class=\"elementor-widget-wrap elementor-element-populated\">\n\t\t\t\t\t\t<div class=\"elementor-element elementor-element-ac8feb1 elementor-widget elementor-widget-text-editor\" data-id=\"ac8feb1\" data-element_type=\"widget\" data-widget_type=\"text-editor.default\">\n\t\t\t\t<div class=\"elementor-widget-container\">\n\t\t\t\t\t\t\t\t\t<p>Los medios de comunicaci\u00f3n no siempre ofrecen las mejores noticias, y el espacio altamente tecnol\u00f3gico en el que existimos y la velocidad con la que se mueve la informaci\u00f3n s\u00f3lo aumentan la sensaci\u00f3n de angustia que muchos experimentan.<\/p>\n<p>Debido a las causas y consecuencias del calentamiento global y a una amplia gama de otras desigualdades igualmente devastadoras, <strong>puede resultar dif\u00edcil escapar a cierto grado de desesperanza.<\/strong> <\/p>\n<p>Y es precisamente este sentimiento que persigue a demasiadas personas hoy en d\u00eda el que se ha convertido no s\u00f3lo en un motivo de pesimismo, sino tambi\u00e9n de inacci\u00f3n. <\/p>\n\t\t\t\t\t\t\t\t<\/div>\n\t\t\t\t<\/div>\n\t\t\t\t\t<\/div>\n\t\t<\/div>\n\t\t\t\t\t<\/div>\n\t\t<\/section>\n\t\t\t\t<section class=\"elementor-section elementor-top-section elementor-element elementor-element-e233716 elementor-section-boxed elementor-section-height-default elementor-section-height-default\" data-id=\"e233716\" data-element_type=\"section\">\n\t\t\t\t\t\t<div class=\"elementor-container elementor-column-gap-default\">\n\t\t\t\t\t<div class=\"elementor-column elementor-col-100 elementor-top-column elementor-element elementor-element-45b853f\" data-id=\"45b853f\" data-element_type=\"column\">\n\t\t\t<div class=\"elementor-widget-wrap elementor-element-populated\">\n\t\t\t\t\t\t<div class=\"elementor-element elementor-element-8e210d9 e-transform elementor-widget elementor-widget-image\" data-id=\"8e210d9\" data-element_type=\"widget\" data-settings=\"{&quot;_transform_scale_effect&quot;:{&quot;unit&quot;:&quot;px&quot;,&quot;size&quot;:0.6,&quot;sizes&quot;:[]},&quot;_transform_scale_effect_tablet&quot;:{&quot;unit&quot;:&quot;px&quot;,&quot;size&quot;:&quot;&quot;,&quot;sizes&quot;:[]},&quot;_transform_scale_effect_mobile&quot;:{&quot;unit&quot;:&quot;px&quot;,&quot;size&quot;:&quot;&quot;,&quot;sizes&quot;:[]}}\" data-widget_type=\"image.default\">\n\t\t\t\t<div class=\"elementor-widget-container\">\n\t\t\t\t\t\t\t\t\t\t\t\t\t\t\t<img fetchpriority=\"high\" decoding=\"async\" width=\"800\" height=\"533\" src=\"https:\/\/www.dogoodpeople.com\/wp-content\/uploads\/2023\/12\/pexels-keenan-constance-2865901-1024x682.jpg\" class=\"attachment-large size-large wp-image-24608\" alt=\"sustainability and mental health\" srcset=\"https:\/\/www.dogoodpeople.com\/wp-content\/uploads\/2023\/12\/pexels-keenan-constance-2865901-1024x682.jpg 1024w, https:\/\/www.dogoodpeople.com\/wp-content\/uploads\/2023\/12\/pexels-keenan-constance-2865901-300x200.jpg 300w, https:\/\/www.dogoodpeople.com\/wp-content\/uploads\/2023\/12\/pexels-keenan-constance-2865901-768x512.jpg 768w, https:\/\/www.dogoodpeople.com\/wp-content\/uploads\/2023\/12\/pexels-keenan-constance-2865901.jpg 1280w\" sizes=\"(max-width: 800px) 100vw, 800px\" \/>\t\t\t\t\t\t\t\t\t\t\t\t\t\t\t<\/div>\n\t\t\t\t<\/div>\n\t\t\t\t\t<\/div>\n\t\t<\/div>\n\t\t\t\t\t<\/div>\n\t\t<\/section>\n\t\t\t\t<section class=\"elementor-section elementor-top-section elementor-element elementor-element-c13161e elementor-section-boxed elementor-section-height-default elementor-section-height-default\" data-id=\"c13161e\" data-element_type=\"section\">\n\t\t\t\t\t\t<div class=\"elementor-container elementor-column-gap-default\">\n\t\t\t\t\t<div class=\"elementor-column elementor-col-100 elementor-top-column elementor-element elementor-element-e247bda\" data-id=\"e247bda\" data-element_type=\"column\">\n\t\t\t<div class=\"elementor-widget-wrap elementor-element-populated\">\n\t\t\t\t\t\t<div class=\"elementor-element elementor-element-d072d17 elementor-widget elementor-widget-heading\" data-id=\"d072d17\" data-element_type=\"widget\" data-widget_type=\"heading.default\">\n\t\t\t\t<div class=\"elementor-widget-container\">\n\t\t\t\t\t<h2 class=\"elementor-heading-title elementor-size-default\">La carga emocional del cambio clim\u00e1tico<\/h2>\t\t\t\t<\/div>\n\t\t\t\t<\/div>\n\t\t\t\t\t<\/div>\n\t\t<\/div>\n\t\t\t\t\t<\/div>\n\t\t<\/section>\n\t\t\t\t<section class=\"elementor-section elementor-top-section elementor-element elementor-element-a00afa7 elementor-section-boxed elementor-section-height-default elementor-section-height-default\" data-id=\"a00afa7\" data-element_type=\"section\">\n\t\t\t\t\t\t<div class=\"elementor-container elementor-column-gap-default\">\n\t\t\t\t\t<div class=\"elementor-column elementor-col-100 elementor-top-column elementor-element elementor-element-f65d9a8\" data-id=\"f65d9a8\" data-element_type=\"column\">\n\t\t\t<div class=\"elementor-widget-wrap elementor-element-populated\">\n\t\t\t\t\t\t<div class=\"elementor-element elementor-element-d7c1a96 elementor-widget elementor-widget-text-editor\" data-id=\"d7c1a96\" data-element_type=\"widget\" data-widget_type=\"text-editor.default\">\n\t\t\t\t<div class=\"elementor-widget-container\">\n\t\t\t\t\t\t\t\t\t<p>Com\u00fanmente conocida como <a href=\"https:\/\/www.dogoodpeople.com\/es\/tendencias-rsc\/accion-climatica\/como-abordar-la-carga-emocional-del-cambio-climatico\/\"><strong>ecoansiedad<\/strong><\/a>, la carga emocional que el cambio clim\u00e1tico supone para las personas ha sido un elemento de preocupaci\u00f3n social durante bastante tiempo.<\/p>\n<p>Y aunque todav\u00eda es demasiado pronto para hablar de un diagn\u00f3stico oficialmente aceptado, <strong>es dif\u00edcil ignorar una realidad emocional tan angustiosa<\/strong> que ha conquistado especialmente a las generaciones m\u00e1s j\u00f3venes. <\/p>\n<p>Este estado emocional es comprensible si pensamos en lo que significan desastres naturales como los incendios forestales, las inundaciones frecuentes o las condiciones clim\u00e1ticas extremas para nuestra capacidad de vivir una vida sana y feliz. <\/p>\n\t\t\t\t\t\t\t\t<\/div>\n\t\t\t\t<\/div>\n\t\t\t\t\t<\/div>\n\t\t<\/div>\n\t\t\t\t\t<\/div>\n\t\t<\/section>\n\t\t\t\t<section class=\"elementor-section elementor-top-section elementor-element elementor-element-a1e47e4 elementor-section-boxed elementor-section-height-default elementor-section-height-default\" data-id=\"a1e47e4\" data-element_type=\"section\">\n\t\t\t\t\t\t<div class=\"elementor-container elementor-column-gap-default\">\n\t\t\t\t\t<div class=\"elementor-column elementor-col-100 elementor-top-column elementor-element elementor-element-83012b0\" data-id=\"83012b0\" data-element_type=\"column\">\n\t\t\t<div class=\"elementor-widget-wrap elementor-element-populated\">\n\t\t\t\t\t\t<div class=\"elementor-element elementor-element-74dc147 elementor-cta--skin-cover elementor-animated-content elementor-bg-transform elementor-bg-transform-zoom-in elementor-widget elementor-widget-call-to-action\" data-id=\"74dc147\" data-element_type=\"widget\" data-widget_type=\"call-to-action.default\">\n\t\t\t\t<div class=\"elementor-widget-container\">\n\t\t\t\t\t\t\t<div class=\"elementor-cta\">\n\t\t\t\t\t<div class=\"elementor-cta__bg-wrapper\">\n\t\t\t\t<div class=\"elementor-cta__bg elementor-bg\" style=\"background-image: url();\" role=\"img\" aria-label=\"\"><\/div>\n\t\t\t\t<div class=\"elementor-cta__bg-overlay\"><\/div>\n\t\t\t<\/div>\n\t\t\t\t\t\t\t<div class=\"elementor-cta__content\">\n\t\t\t\t\n\t\t\t\t\t\t\t\t\t<h5 class=\"elementor-cta__title elementor-cta__content-item elementor-content-item elementor-animated-item--grow\">\n\t\t\t\t\t\tInvolucra a los empleados en la estrategia de sostenibilidad\t\t\t\t\t<\/h5>\n\t\t\t\t\n\t\t\t\t\t\t\t\t\t<div class=\"elementor-cta__description elementor-cta__content-item elementor-content-item elementor-animated-item--grow\">\n\t\t\t\t\t\t<p>Descubre c\u00f3mo ayudamos a generar engagement<\/p>\n\t\t\t\t\t<\/div>\n\t\t\t\t\n\t\t\t\t\t\t\t\t\t<div class=\"elementor-cta__button-wrapper elementor-cta__content-item elementor-content-item elementor-animated-item--grow\">\n\t\t\t\t\t<a class=\"elementor-cta__button elementor-button elementor-size-xs\" href=\"https:\/\/www.dogoodpeople.com\/es\/contacto\/\">\n\t\t\t\t\t\tCONTACTO\t\t\t\t\t<\/a>\n\t\t\t\t\t<\/div>\n\t\t\t\t\t\t\t<\/div>\n\t\t\t\t\t\t<\/div>\n\t\t\t\t\t\t<\/div>\n\t\t\t\t<\/div>\n\t\t\t\t\t<\/div>\n\t\t<\/div>\n\t\t\t\t\t<\/div>\n\t\t<\/section>\n\t\t\t\t<section class=\"elementor-section elementor-top-section elementor-element elementor-element-524baaf elementor-section-boxed elementor-section-height-default elementor-section-height-default\" data-id=\"524baaf\" data-element_type=\"section\">\n\t\t\t\t\t\t<div class=\"elementor-container elementor-column-gap-default\">\n\t\t\t\t\t<div class=\"elementor-column elementor-col-100 elementor-top-column elementor-element elementor-element-6b3b1e8\" data-id=\"6b3b1e8\" data-element_type=\"column\">\n\t\t\t<div class=\"elementor-widget-wrap elementor-element-populated\">\n\t\t\t\t\t\t<div class=\"elementor-element elementor-element-e4873e0 elementor-widget elementor-widget-text-editor\" data-id=\"e4873e0\" data-element_type=\"widget\" data-widget_type=\"text-editor.default\">\n\t\t\t\t<div class=\"elementor-widget-container\">\n\t\t\t\t\t\t\t\t\t<p>Adem\u00e1s, ese sentimiento de miedo a la cat\u00e1strofe ambiental no s\u00f3lo alimenta la incapacidad de tomar medidas en favor del planeta y la sociedad, sino que, de hecho, puede resultar paralizante para otras cuestiones de la vida de las personas. <\/p>\n<p>Pero no hay por que temer, ya que no todo est\u00e1 perdido y, de hecho, nosotros creemos y defendemos firmemente la esperanza que puede llevarnos lejos en <strong>nuestro viaje hacia la sostenibilidad, tanto personal como profesionalmente.<\/strong> <\/p>\n\t\t\t\t\t\t\t\t<\/div>\n\t\t\t\t<\/div>\n\t\t\t\t\t<\/div>\n\t\t<\/div>\n\t\t\t\t\t<\/div>\n\t\t<\/section>\n\t\t\t\t<section class=\"elementor-section elementor-top-section elementor-element elementor-element-13aaa3e elementor-section-boxed elementor-section-height-default elementor-section-height-default\" data-id=\"13aaa3e\" data-element_type=\"section\">\n\t\t\t\t\t\t<div class=\"elementor-container elementor-column-gap-default\">\n\t\t\t\t\t<div class=\"elementor-column elementor-col-100 elementor-top-column elementor-element elementor-element-53cd706\" data-id=\"53cd706\" data-element_type=\"column\">\n\t\t\t<div class=\"elementor-widget-wrap elementor-element-populated\">\n\t\t\t\t\t\t<div class=\"elementor-element elementor-element-6fbe8bc elementor-widget elementor-widget-heading\" data-id=\"6fbe8bc\" data-element_type=\"widget\" data-widget_type=\"heading.default\">\n\t\t\t\t<div class=\"elementor-widget-container\">\n\t\t\t\t\t<h3 class=\"elementor-heading-title elementor-size-default\">Los beneficios de comprender la ansiedad clim\u00e1tica <\/h3>\t\t\t\t<\/div>\n\t\t\t\t<\/div>\n\t\t\t\t\t<\/div>\n\t\t<\/div>\n\t\t\t\t\t<\/div>\n\t\t<\/section>\n\t\t\t\t<section class=\"elementor-section elementor-top-section elementor-element elementor-element-c19874d elementor-section-boxed elementor-section-height-default elementor-section-height-default\" data-id=\"c19874d\" data-element_type=\"section\">\n\t\t\t\t\t\t<div class=\"elementor-container elementor-column-gap-default\">\n\t\t\t\t\t<div class=\"elementor-column elementor-col-50 elementor-top-column elementor-element elementor-element-62d6051\" data-id=\"62d6051\" data-element_type=\"column\">\n\t\t\t<div class=\"elementor-widget-wrap elementor-element-populated\">\n\t\t\t\t\t\t<div class=\"elementor-element elementor-element-6d7c02d elementor-widget elementor-widget-text-editor\" data-id=\"6d7c02d\" data-element_type=\"widget\" data-widget_type=\"text-editor.default\">\n\t\t\t\t<div class=\"elementor-widget-container\">\n\t\t\t\t\t\t\t\t\t<p>Precisamente porque la impotencia ante la degradaci\u00f3n ambiental a veces puede desempe\u00f1ar un papel protagonista en nuestras vidas, <strong>es muy \u00fatil comprender este sentimiento.<\/strong><\/p>\n<p>La respuesta a nuestro problema est\u00e1, literalmente, en ser capaces de mirar directamente a los ojos de nuestro miedo, reconocerlo, comprenderlo y luego actuar en consecuencia para afrontarlo. <\/p>\n<p>Ser capaces de entender qu\u00e9 es lo que est\u00e1 causando un sentimiento paralizante puede finalmente ayudarnos a <strong>desarrollar una mentalidad m\u00e1s resiliente<\/strong> ante un problema tan particular. Pero lejos de s\u00f3lo pensar diferente, cambiar nuestra mentalidad implica tambi\u00e9n actuar de manera diferente. <\/p>\n\t\t\t\t\t\t\t\t<\/div>\n\t\t\t\t<\/div>\n\t\t\t\t\t<\/div>\n\t\t<\/div>\n\t\t\t\t<div class=\"elementor-column elementor-col-50 elementor-top-column elementor-element elementor-element-030a0b4\" data-id=\"030a0b4\" data-element_type=\"column\">\n\t\t\t<div class=\"elementor-widget-wrap elementor-element-populated\">\n\t\t\t\t\t\t<div class=\"elementor-element elementor-element-6cd17fc e-transform elementor-widget elementor-widget-image\" data-id=\"6cd17fc\" data-element_type=\"widget\" data-settings=\"{&quot;_transform_scale_effect&quot;:{&quot;unit&quot;:&quot;px&quot;,&quot;size&quot;:0.8,&quot;sizes&quot;:[]},&quot;_transform_scale_effect_tablet&quot;:{&quot;unit&quot;:&quot;px&quot;,&quot;size&quot;:&quot;&quot;,&quot;sizes&quot;:[]},&quot;_transform_scale_effect_mobile&quot;:{&quot;unit&quot;:&quot;px&quot;,&quot;size&quot;:&quot;&quot;,&quot;sizes&quot;:[]}}\" data-widget_type=\"image.default\">\n\t\t\t\t<div class=\"elementor-widget-container\">\n\t\t\t\t\t\t\t\t\t\t\t\t\t\t\t<img decoding=\"async\" width=\"683\" height=\"1024\" src=\"https:\/\/www.dogoodpeople.com\/wp-content\/uploads\/2023\/12\/pexels-markus-spiske-2058778-683x1024.jpg\" class=\"attachment-large size-large wp-image-24623\" alt=\"sustainability and mental health\" srcset=\"https:\/\/www.dogoodpeople.com\/wp-content\/uploads\/2023\/12\/pexels-markus-spiske-2058778-683x1024.jpg 683w, https:\/\/www.dogoodpeople.com\/wp-content\/uploads\/2023\/12\/pexels-markus-spiske-2058778-200x300.jpg 200w, https:\/\/www.dogoodpeople.com\/wp-content\/uploads\/2023\/12\/pexels-markus-spiske-2058778-768x1152.jpg 768w, https:\/\/www.dogoodpeople.com\/wp-content\/uploads\/2023\/12\/pexels-markus-spiske-2058778-1024x1536.jpg 1024w, https:\/\/www.dogoodpeople.com\/wp-content\/uploads\/2023\/12\/pexels-markus-spiske-2058778.jpg 1280w\" sizes=\"(max-width: 683px) 100vw, 683px\" \/>\t\t\t\t\t\t\t\t\t\t\t\t\t\t\t<\/div>\n\t\t\t\t<\/div>\n\t\t\t\t\t<\/div>\n\t\t<\/div>\n\t\t\t\t\t<\/div>\n\t\t<\/section>\n\t\t\t\t<section class=\"elementor-section elementor-top-section elementor-element elementor-element-6f1a759 elementor-section-boxed elementor-section-height-default elementor-section-height-default\" data-id=\"6f1a759\" data-element_type=\"section\">\n\t\t\t\t\t\t<div class=\"elementor-container elementor-column-gap-default\">\n\t\t\t\t\t<div class=\"elementor-column elementor-col-100 elementor-top-column elementor-element elementor-element-e1b1139\" data-id=\"e1b1139\" data-element_type=\"column\">\n\t\t\t<div class=\"elementor-widget-wrap elementor-element-populated\">\n\t\t\t\t\t\t<div class=\"elementor-element elementor-element-18dd284 elementor-widget elementor-widget-heading\" data-id=\"18dd284\" data-element_type=\"widget\" data-widget_type=\"heading.default\">\n\t\t\t\t<div class=\"elementor-widget-container\">\n\t\t\t\t\t<h2 class=\"elementor-heading-title elementor-size-default\">Tomar medidas sostenibles para mejorar la salud mental<\/h2>\t\t\t\t<\/div>\n\t\t\t\t<\/div>\n\t\t\t\t\t<\/div>\n\t\t<\/div>\n\t\t\t\t\t<\/div>\n\t\t<\/section>\n\t\t\t\t<section class=\"elementor-section elementor-top-section elementor-element elementor-element-8f9125d elementor-section-boxed elementor-section-height-default elementor-section-height-default\" data-id=\"8f9125d\" data-element_type=\"section\">\n\t\t\t\t\t\t<div class=\"elementor-container elementor-column-gap-default\">\n\t\t\t\t\t<div class=\"elementor-column elementor-col-100 elementor-top-column elementor-element elementor-element-4154b86\" data-id=\"4154b86\" data-element_type=\"column\">\n\t\t\t<div class=\"elementor-widget-wrap elementor-element-populated\">\n\t\t\t\t\t\t<div class=\"elementor-element elementor-element-e09872b elementor-widget elementor-widget-text-editor\" data-id=\"e09872b\" data-element_type=\"widget\" data-widget_type=\"text-editor.default\">\n\t\t\t\t<div class=\"elementor-widget-container\">\n\t\t\t\t\t\t\t\t\t<p>Es seguro decir que un aumento de la conciencia clim\u00e1tica y emocional es el catalizador perfecto para tomar medidas sostenibles y mejorar nuestra relaci\u00f3n con el mundo para hacer frente a sus recurrentes problemas ambientales y sociales. <\/p>\n<p><strong>Pero, \u00bfc\u00f3mo se traduce esto en un entorno corporativo, si es que puede traducirse?<\/strong> \u00bfPodemos construir una cultura de resiliencia ante las acciones y pr\u00e1cticas de sostenibilidad?<\/p>\n\t\t\t\t\t\t\t\t<\/div>\n\t\t\t\t<\/div>\n\t\t\t\t\t<\/div>\n\t\t<\/div>\n\t\t\t\t\t<\/div>\n\t\t<\/section>\n\t\t\t\t<section class=\"elementor-section elementor-top-section elementor-element elementor-element-9e13d57 elementor-section-boxed elementor-section-height-default elementor-section-height-default\" data-id=\"9e13d57\" data-element_type=\"section\">\n\t\t\t\t\t\t<div class=\"elementor-container elementor-column-gap-default\">\n\t\t\t\t\t<div class=\"elementor-column elementor-col-100 elementor-top-column elementor-element elementor-element-046f3ee\" data-id=\"046f3ee\" data-element_type=\"column\">\n\t\t\t<div class=\"elementor-widget-wrap elementor-element-populated\">\n\t\t\t\t\t\t<div class=\"elementor-element elementor-element-d0ce539 e-transform elementor-widget elementor-widget-image\" data-id=\"d0ce539\" data-element_type=\"widget\" data-settings=\"{&quot;_transform_scale_effect&quot;:{&quot;unit&quot;:&quot;px&quot;,&quot;size&quot;:0.6,&quot;sizes&quot;:[]},&quot;_transform_scale_effect_tablet&quot;:{&quot;unit&quot;:&quot;px&quot;,&quot;size&quot;:&quot;&quot;,&quot;sizes&quot;:[]},&quot;_transform_scale_effect_mobile&quot;:{&quot;unit&quot;:&quot;px&quot;,&quot;size&quot;:&quot;&quot;,&quot;sizes&quot;:[]}}\" data-widget_type=\"image.default\">\n\t\t\t\t<div class=\"elementor-widget-container\">\n\t\t\t\t\t\t\t\t\t\t\t\t\t\t\t<img decoding=\"async\" width=\"800\" height=\"533\" src=\"https:\/\/www.dogoodpeople.com\/wp-content\/uploads\/2023\/12\/pexels-markus-spiske-2990612-1024x682.jpg\" class=\"attachment-large size-large wp-image-24627\" alt=\"sustainability and mental health\" srcset=\"https:\/\/www.dogoodpeople.com\/wp-content\/uploads\/2023\/12\/pexels-markus-spiske-2990612-1024x682.jpg 1024w, https:\/\/www.dogoodpeople.com\/wp-content\/uploads\/2023\/12\/pexels-markus-spiske-2990612-300x200.jpg 300w, https:\/\/www.dogoodpeople.com\/wp-content\/uploads\/2023\/12\/pexels-markus-spiske-2990612-768x512.jpg 768w, https:\/\/www.dogoodpeople.com\/wp-content\/uploads\/2023\/12\/pexels-markus-spiske-2990612.jpg 1280w\" sizes=\"(max-width: 800px) 100vw, 800px\" \/>\t\t\t\t\t\t\t\t\t\t\t\t\t\t\t<\/div>\n\t\t\t\t<\/div>\n\t\t\t\t\t<\/div>\n\t\t<\/div>\n\t\t\t\t\t<\/div>\n\t\t<\/section>\n\t\t\t\t<section class=\"elementor-section elementor-top-section elementor-element elementor-element-7707c5e elementor-section-boxed elementor-section-height-default elementor-section-height-default\" data-id=\"7707c5e\" data-element_type=\"section\">\n\t\t\t\t\t\t<div class=\"elementor-container elementor-column-gap-default\">\n\t\t\t\t\t<div class=\"elementor-column elementor-col-100 elementor-top-column elementor-element elementor-element-d8c470f\" data-id=\"d8c470f\" data-element_type=\"column\">\n\t\t\t<div class=\"elementor-widget-wrap elementor-element-populated\">\n\t\t\t\t\t\t<div class=\"elementor-element elementor-element-2337240 elementor-widget elementor-widget-text-editor\" data-id=\"2337240\" data-element_type=\"widget\" data-widget_type=\"text-editor.default\">\n\t\t\t\t<div class=\"elementor-widget-container\">\n\t\t\t\t\t\t\t\t\t<p>De hecho, existen muchos argumentos y ejemplos que ayudan a comprender c\u00f3mo la <a href=\"https:\/\/www.dogoodpeople.com\/es\/tendencias-rsc\/cultura-sostenible\/por-que-y-como-crear-una-cultura-de-sostenibilidad-corporativa\/\"><strong>construcci\u00f3n de una cultura de sostenibilidad<\/strong><\/a> puede mejorar, en t\u00e9rminos generales, la productividad laboral, el compromiso y la rotaci\u00f3n de los empleados y, lo m\u00e1s importante, el bienestar de las personas. <\/p>\n<p>Cuidar el planeta y la sociedad, comprender lo que podemos y no podemos hacer para lograr el cambio y hacerlo en un entorno colaborativo es una receta para el \u00e9xito de la sostenibilidad corporativa.<\/p>\n\t\t\t\t\t\t\t\t<\/div>\n\t\t\t\t<\/div>\n\t\t\t\t\t<\/div>\n\t\t<\/div>\n\t\t\t\t\t<\/div>\n\t\t<\/section>\n\t\t\t\t<section class=\"elementor-section elementor-top-section elementor-element elementor-element-25506df elementor-section-boxed elementor-section-height-default elementor-section-height-default\" data-id=\"25506df\" data-element_type=\"section\">\n\t\t\t\t\t\t<div class=\"elementor-container elementor-column-gap-default\">\n\t\t\t\t\t<div class=\"elementor-column elementor-col-100 elementor-top-column elementor-element elementor-element-4856994\" data-id=\"4856994\" data-element_type=\"column\">\n\t\t\t<div class=\"elementor-widget-wrap elementor-element-populated\">\n\t\t\t\t\t\t<div class=\"elementor-element elementor-element-7ded9f5 elementor-widget elementor-widget-heading\" data-id=\"7ded9f5\" data-element_type=\"widget\" data-widget_type=\"heading.default\">\n\t\t\t\t<div class=\"elementor-widget-container\">\n\t\t\t\t\t<h3 class=\"elementor-heading-title elementor-size-default\">Utilizar la tecnolog\u00eda para crear una cultura de sostenibilidad s\u00f3lida<\/h3>\t\t\t\t<\/div>\n\t\t\t\t<\/div>\n\t\t\t\t\t<\/div>\n\t\t<\/div>\n\t\t\t\t\t<\/div>\n\t\t<\/section>\n\t\t\t\t<section class=\"elementor-section elementor-top-section elementor-element elementor-element-a12bd5a elementor-section-boxed elementor-section-height-default elementor-section-height-default\" data-id=\"a12bd5a\" data-element_type=\"section\">\n\t\t\t\t\t\t<div class=\"elementor-container elementor-column-gap-default\">\n\t\t\t\t\t<div class=\"elementor-column elementor-col-100 elementor-top-column elementor-element elementor-element-bdedfb3\" data-id=\"bdedfb3\" data-element_type=\"column\">\n\t\t\t<div class=\"elementor-widget-wrap elementor-element-populated\">\n\t\t\t\t\t\t<div class=\"elementor-element elementor-element-816ec15 elementor-widget elementor-widget-text-editor\" data-id=\"816ec15\" data-element_type=\"widget\" data-widget_type=\"text-editor.default\">\n\t\t\t\t<div class=\"elementor-widget-container\">\n\t\t\t\t\t\t\t\t\t<p>Creemos que los empleados est\u00e1n lejos de ser indiferentes a la participaci\u00f3n en esfuerzos sostenibles y, de hecho, buscan la oportunidad de participar activamente y encontrar el prop\u00f3sito de tener un impacto positivo a trav\u00e9s de sus trabajos. <\/p>\n<p>Es por eso que a trav\u00e9s de nuestra tecnolog\u00eda trabajamos para activar y medir el impacto de los empleados, <strong>creando un compromiso que se traduce en mejores m\u00e9tricas ESG<\/strong>, valor reputacional y un impacto positivo para el medio ambiente y la sociedad.<\/p>\n<p>Porque el lugar de trabajo puede convertirse en el entorno perfecto para encontrar ese af\u00e1n colectivo de marcar la diferencia, tanto por la sostenibilidad y el prop\u00f3sito de la empresa como por una forma de ser m\u00e1s sostenible para todos.<\/p>\n\t\t\t\t\t\t\t\t<\/div>\n\t\t\t\t<\/div>\n\t\t\t\t\t<\/div>\n\t\t<\/div>\n\t\t\t\t\t<\/div>\n\t\t<\/section>\n\t\t\t\t<\/div>\n\t\t","protected":false},"excerpt":{"rendered":"<p>Contenidos En un mundo cada vez m\u00e1s polarizado y altamente tecnol\u00f3gico, la conexi\u00f3n humana con [&hellip;]<\/p>\n","protected":false},"author":10,"featured_media":24602,"comment_status":"closed","ping_status":"closed","sticky":false,"template":"","format":"standard","meta":{"_acf_changed":false,"content-type":"","footnotes":""},"categories":[172],"tags":[],"class_list":["post-24634","post","type-post","status-publish","format-standard","has-post-thumbnail","hentry","category-cultura-sostenible"],"acf":[],"yoast_head":"<!-- This site is optimized with the Yoast SEO Premium plugin v25.8 (Yoast SEO v27.5) - https:\/\/yoast.com\/product\/yoast-seo-premium-wordpress\/ -->\n<title>La relaci\u00f3n entre la sostenibilidad y la salud mental - DoGood People<\/title>\n<meta name=\"description\" content=\"\u00bfExiste relaci\u00f3n entre la sostenibilidad y la salud mental? Y si es as\u00ed, \u00bfc\u00f3mo pueden las empresas canalizarlo por el bien de sus empleados y de su negocio?\" \/>\n<meta name=\"robots\" content=\"index, follow, max-snippet:-1, max-image-preview:large, max-video-preview:-1\" \/>\n<link rel=\"canonical\" href=\"https:\/\/www.dogoodpeople.com\/es\/tendencias-rsc\/cultura-sostenible\/la-relacion-entre-la-sostenibilidad-y-la-salud-mental\/\" \/>\n<meta property=\"og:locale\" content=\"es_ES\" \/>\n<meta property=\"og:type\" content=\"article\" \/>\n<meta property=\"og:title\" content=\"La relaci\u00f3n entre la sostenibilidad y la salud mental\" \/>\n<meta property=\"og:description\" content=\"\u00bfExiste relaci\u00f3n entre la sostenibilidad y la salud mental? Y si es as\u00ed, \u00bfc\u00f3mo pueden las empresas canalizarlo por el bien de sus empleados y de su negocio?\" \/>\n<meta property=\"og:url\" content=\"https:\/\/www.dogoodpeople.com\/es\/tendencias-rsc\/cultura-sostenible\/la-relacion-entre-la-sostenibilidad-y-la-salud-mental\/\" \/>\n<meta property=\"og:site_name\" content=\"DoGood People\" \/>\n<meta property=\"article:published_time\" content=\"2023-12-11T17:36:20+00:00\" \/>\n<meta property=\"article:modified_time\" content=\"2023-12-12T07:49:13+00:00\" \/>\n<meta property=\"og:image\" content=\"https:\/\/www.dogoodpeople.com\/wp-content\/uploads\/2023\/12\/pexels-cottonbro-studio-4101177.jpg\" \/>\n\t<meta property=\"og:image:width\" content=\"1280\" \/>\n\t<meta property=\"og:image:height\" content=\"853\" \/>\n\t<meta property=\"og:image:type\" content=\"image\/jpeg\" \/>\n<meta name=\"author\" content=\"Natalia Mart\u00ednez\" \/>\n<meta name=\"twitter:card\" content=\"summary_large_image\" \/>\n<meta name=\"twitter:label1\" content=\"Escrito por\" \/>\n\t<meta name=\"twitter:data1\" content=\"Natalia Mart\u00ednez\" \/>\n\t<meta name=\"twitter:label2\" content=\"Tiempo de lectura\" \/>\n\t<meta name=\"twitter:data2\" content=\"4 minutos\" \/>\n<script type=\"application\/ld+json\" class=\"yoast-schema-graph\">{\"@context\":\"https:\\\/\\\/schema.org\",\"@graph\":[{\"@type\":\"Article\",\"@id\":\"https:\\\/\\\/www.dogoodpeople.com\\\/es\\\/tendencias-rsc\\\/cultura-sostenible\\\/la-relacion-entre-la-sostenibilidad-y-la-salud-mental\\\/#article\",\"isPartOf\":{\"@id\":\"https:\\\/\\\/www.dogoodpeople.com\\\/es\\\/tendencias-rsc\\\/cultura-sostenible\\\/la-relacion-entre-la-sostenibilidad-y-la-salud-mental\\\/\"},\"author\":{\"name\":\"Natalia Mart\u00ednez\",\"@id\":\"https:\\\/\\\/www.dogoodpeople.com\\\/es\\\/#\\\/schema\\\/person\\\/4f4fd41172bd8893ed23be07b6fccb3d\"},\"headline\":\"La relaci\u00f3n entre la sostenibilidad y la salud mental\",\"datePublished\":\"2023-12-11T17:36:20+00:00\",\"dateModified\":\"2023-12-12T07:49:13+00:00\",\"mainEntityOfPage\":{\"@id\":\"https:\\\/\\\/www.dogoodpeople.com\\\/es\\\/tendencias-rsc\\\/cultura-sostenible\\\/la-relacion-entre-la-sostenibilidad-y-la-salud-mental\\\/\"},\"wordCount\":770,\"publisher\":{\"@id\":\"https:\\\/\\\/www.dogoodpeople.com\\\/es\\\/#organization\"},\"image\":{\"@id\":\"https:\\\/\\\/www.dogoodpeople.com\\\/es\\\/tendencias-rsc\\\/cultura-sostenible\\\/la-relacion-entre-la-sostenibilidad-y-la-salud-mental\\\/#primaryimage\"},\"thumbnailUrl\":\"https:\\\/\\\/www.dogoodpeople.com\\\/wp-content\\\/uploads\\\/2023\\\/12\\\/pexels-cottonbro-studio-4101177.jpg\",\"articleSection\":[\"Cultura sostenible\"],\"inLanguage\":\"es\"},{\"@type\":\"WebPage\",\"@id\":\"https:\\\/\\\/www.dogoodpeople.com\\\/es\\\/tendencias-rsc\\\/cultura-sostenible\\\/la-relacion-entre-la-sostenibilidad-y-la-salud-mental\\\/\",\"url\":\"https:\\\/\\\/www.dogoodpeople.com\\\/es\\\/tendencias-rsc\\\/cultura-sostenible\\\/la-relacion-entre-la-sostenibilidad-y-la-salud-mental\\\/\",\"name\":\"La relaci\u00f3n entre la sostenibilidad y la salud mental - DoGood People\",\"isPartOf\":{\"@id\":\"https:\\\/\\\/www.dogoodpeople.com\\\/es\\\/#website\"},\"primaryImageOfPage\":{\"@id\":\"https:\\\/\\\/www.dogoodpeople.com\\\/es\\\/tendencias-rsc\\\/cultura-sostenible\\\/la-relacion-entre-la-sostenibilidad-y-la-salud-mental\\\/#primaryimage\"},\"image\":{\"@id\":\"https:\\\/\\\/www.dogoodpeople.com\\\/es\\\/tendencias-rsc\\\/cultura-sostenible\\\/la-relacion-entre-la-sostenibilidad-y-la-salud-mental\\\/#primaryimage\"},\"thumbnailUrl\":\"https:\\\/\\\/www.dogoodpeople.com\\\/wp-content\\\/uploads\\\/2023\\\/12\\\/pexels-cottonbro-studio-4101177.jpg\",\"datePublished\":\"2023-12-11T17:36:20+00:00\",\"dateModified\":\"2023-12-12T07:49:13+00:00\",\"description\":\"\u00bfExiste relaci\u00f3n entre la sostenibilidad y la salud mental? Y si es as\u00ed, \u00bfc\u00f3mo pueden las empresas canalizarlo por el bien de sus empleados y de su negocio?\",\"breadcrumb\":{\"@id\":\"https:\\\/\\\/www.dogoodpeople.com\\\/es\\\/tendencias-rsc\\\/cultura-sostenible\\\/la-relacion-entre-la-sostenibilidad-y-la-salud-mental\\\/#breadcrumb\"},\"inLanguage\":\"es\",\"potentialAction\":[{\"@type\":\"ReadAction\",\"target\":[\"https:\\\/\\\/www.dogoodpeople.com\\\/es\\\/tendencias-rsc\\\/cultura-sostenible\\\/la-relacion-entre-la-sostenibilidad-y-la-salud-mental\\\/\"]}]},{\"@type\":\"ImageObject\",\"inLanguage\":\"es\",\"@id\":\"https:\\\/\\\/www.dogoodpeople.com\\\/es\\\/tendencias-rsc\\\/cultura-sostenible\\\/la-relacion-entre-la-sostenibilidad-y-la-salud-mental\\\/#primaryimage\",\"url\":\"https:\\\/\\\/www.dogoodpeople.com\\\/wp-content\\\/uploads\\\/2023\\\/12\\\/pexels-cottonbro-studio-4101177.jpg\",\"contentUrl\":\"https:\\\/\\\/www.dogoodpeople.com\\\/wp-content\\\/uploads\\\/2023\\\/12\\\/pexels-cottonbro-studio-4101177.jpg\",\"width\":1280,\"height\":853,\"caption\":\"sustainability and mental health\"},{\"@type\":\"BreadcrumbList\",\"@id\":\"https:\\\/\\\/www.dogoodpeople.com\\\/es\\\/tendencias-rsc\\\/cultura-sostenible\\\/la-relacion-entre-la-sostenibilidad-y-la-salud-mental\\\/#breadcrumb\",\"itemListElement\":[{\"@type\":\"ListItem\",\"position\":1,\"name\":\"Home\",\"item\":\"https:\\\/\\\/www.dogoodpeople.com\\\/es\\\/\"},{\"@type\":\"ListItem\",\"position\":2,\"name\":\"La relaci\u00f3n entre la sostenibilidad y la salud mental\"}]},{\"@type\":\"WebSite\",\"@id\":\"https:\\\/\\\/www.dogoodpeople.com\\\/es\\\/#website\",\"url\":\"https:\\\/\\\/www.dogoodpeople.com\\\/es\\\/\",\"name\":\"DoGood People\",\"description\":\"Software para digitalizar el impacto ESG de los empleados y mejorar la reputaci\u00f3n sostenible de las empresas.\",\"publisher\":{\"@id\":\"https:\\\/\\\/www.dogoodpeople.com\\\/es\\\/#organization\"},\"alternateName\":\"DoGood\",\"potentialAction\":[{\"@type\":\"SearchAction\",\"target\":{\"@type\":\"EntryPoint\",\"urlTemplate\":\"https:\\\/\\\/www.dogoodpeople.com\\\/es\\\/?s={search_term_string}\"},\"query-input\":{\"@type\":\"PropertyValueSpecification\",\"valueRequired\":true,\"valueName\":\"search_term_string\"}}],\"inLanguage\":\"es\"},{\"@type\":\"Organization\",\"@id\":\"https:\\\/\\\/www.dogoodpeople.com\\\/es\\\/#organization\",\"name\":\"DoGood People\",\"url\":\"https:\\\/\\\/www.dogoodpeople.com\\\/es\\\/\",\"logo\":{\"@type\":\"ImageObject\",\"inLanguage\":\"es\",\"@id\":\"https:\\\/\\\/www.dogoodpeople.com\\\/es\\\/#\\\/schema\\\/logo\\\/image\\\/\",\"url\":\"https:\\\/\\\/www.dogoodpeople.com\\\/wp-content\\\/uploads\\\/2022\\\/09\\\/Logo-DoGood-people.png\",\"contentUrl\":\"https:\\\/\\\/www.dogoodpeople.com\\\/wp-content\\\/uploads\\\/2022\\\/09\\\/Logo-DoGood-people.png\",\"width\":400,\"height\":280,\"caption\":\"DoGood People\"},\"image\":{\"@id\":\"https:\\\/\\\/www.dogoodpeople.com\\\/es\\\/#\\\/schema\\\/logo\\\/image\\\/\"},\"sameAs\":[\"https:\\\/\\\/www.linkedin.com\\\/company\\\/dogood\\\/\",\"https:\\\/\\\/www.instagram.com\\\/dogood_people\\\/\"]},{\"@type\":\"Person\",\"@id\":\"https:\\\/\\\/www.dogoodpeople.com\\\/es\\\/#\\\/schema\\\/person\\\/4f4fd41172bd8893ed23be07b6fccb3d\",\"name\":\"Natalia Mart\u00ednez\"}]}<\/script>\n<!-- \/ Yoast SEO Premium plugin. -->","yoast_head_json":{"title":"La relaci\u00f3n entre la sostenibilidad y la salud mental - DoGood People","description":"\u00bfExiste relaci\u00f3n entre la sostenibilidad y la salud mental? Y si es as\u00ed, \u00bfc\u00f3mo pueden las empresas canalizarlo por el bien de sus empleados y de su negocio?","robots":{"index":"index","follow":"follow","max-snippet":"max-snippet:-1","max-image-preview":"max-image-preview:large","max-video-preview":"max-video-preview:-1"},"canonical":"https:\/\/www.dogoodpeople.com\/es\/tendencias-rsc\/cultura-sostenible\/la-relacion-entre-la-sostenibilidad-y-la-salud-mental\/","og_locale":"es_ES","og_type":"article","og_title":"La relaci\u00f3n entre la sostenibilidad y la salud mental","og_description":"\u00bfExiste relaci\u00f3n entre la sostenibilidad y la salud mental? Y si es as\u00ed, \u00bfc\u00f3mo pueden las empresas canalizarlo por el bien de sus empleados y de su negocio?","og_url":"https:\/\/www.dogoodpeople.com\/es\/tendencias-rsc\/cultura-sostenible\/la-relacion-entre-la-sostenibilidad-y-la-salud-mental\/","og_site_name":"DoGood People","article_published_time":"2023-12-11T17:36:20+00:00","article_modified_time":"2023-12-12T07:49:13+00:00","og_image":[{"width":1280,"height":853,"url":"https:\/\/www.dogoodpeople.com\/wp-content\/uploads\/2023\/12\/pexels-cottonbro-studio-4101177.jpg","type":"image\/jpeg"}],"author":"Natalia Mart\u00ednez","twitter_card":"summary_large_image","twitter_misc":{"Escrito por":"Natalia Mart\u00ednez","Tiempo de lectura":"4 minutos"},"schema":{"@context":"https:\/\/schema.org","@graph":[{"@type":"Article","@id":"https:\/\/www.dogoodpeople.com\/es\/tendencias-rsc\/cultura-sostenible\/la-relacion-entre-la-sostenibilidad-y-la-salud-mental\/#article","isPartOf":{"@id":"https:\/\/www.dogoodpeople.com\/es\/tendencias-rsc\/cultura-sostenible\/la-relacion-entre-la-sostenibilidad-y-la-salud-mental\/"},"author":{"name":"Natalia Mart\u00ednez","@id":"https:\/\/www.dogoodpeople.com\/es\/#\/schema\/person\/4f4fd41172bd8893ed23be07b6fccb3d"},"headline":"La relaci\u00f3n entre la sostenibilidad y la salud mental","datePublished":"2023-12-11T17:36:20+00:00","dateModified":"2023-12-12T07:49:13+00:00","mainEntityOfPage":{"@id":"https:\/\/www.dogoodpeople.com\/es\/tendencias-rsc\/cultura-sostenible\/la-relacion-entre-la-sostenibilidad-y-la-salud-mental\/"},"wordCount":770,"publisher":{"@id":"https:\/\/www.dogoodpeople.com\/es\/#organization"},"image":{"@id":"https:\/\/www.dogoodpeople.com\/es\/tendencias-rsc\/cultura-sostenible\/la-relacion-entre-la-sostenibilidad-y-la-salud-mental\/#primaryimage"},"thumbnailUrl":"https:\/\/www.dogoodpeople.com\/wp-content\/uploads\/2023\/12\/pexels-cottonbro-studio-4101177.jpg","articleSection":["Cultura sostenible"],"inLanguage":"es"},{"@type":"WebPage","@id":"https:\/\/www.dogoodpeople.com\/es\/tendencias-rsc\/cultura-sostenible\/la-relacion-entre-la-sostenibilidad-y-la-salud-mental\/","url":"https:\/\/www.dogoodpeople.com\/es\/tendencias-rsc\/cultura-sostenible\/la-relacion-entre-la-sostenibilidad-y-la-salud-mental\/","name":"La relaci\u00f3n entre la sostenibilidad y la salud mental - DoGood People","isPartOf":{"@id":"https:\/\/www.dogoodpeople.com\/es\/#website"},"primaryImageOfPage":{"@id":"https:\/\/www.dogoodpeople.com\/es\/tendencias-rsc\/cultura-sostenible\/la-relacion-entre-la-sostenibilidad-y-la-salud-mental\/#primaryimage"},"image":{"@id":"https:\/\/www.dogoodpeople.com\/es\/tendencias-rsc\/cultura-sostenible\/la-relacion-entre-la-sostenibilidad-y-la-salud-mental\/#primaryimage"},"thumbnailUrl":"https:\/\/www.dogoodpeople.com\/wp-content\/uploads\/2023\/12\/pexels-cottonbro-studio-4101177.jpg","datePublished":"2023-12-11T17:36:20+00:00","dateModified":"2023-12-12T07:49:13+00:00","description":"\u00bfExiste relaci\u00f3n entre la sostenibilidad y la salud mental? Y si es as\u00ed, \u00bfc\u00f3mo pueden las empresas canalizarlo por el bien de sus empleados y de su negocio?","breadcrumb":{"@id":"https:\/\/www.dogoodpeople.com\/es\/tendencias-rsc\/cultura-sostenible\/la-relacion-entre-la-sostenibilidad-y-la-salud-mental\/#breadcrumb"},"inLanguage":"es","potentialAction":[{"@type":"ReadAction","target":["https:\/\/www.dogoodpeople.com\/es\/tendencias-rsc\/cultura-sostenible\/la-relacion-entre-la-sostenibilidad-y-la-salud-mental\/"]}]},{"@type":"ImageObject","inLanguage":"es","@id":"https:\/\/www.dogoodpeople.com\/es\/tendencias-rsc\/cultura-sostenible\/la-relacion-entre-la-sostenibilidad-y-la-salud-mental\/#primaryimage","url":"https:\/\/www.dogoodpeople.com\/wp-content\/uploads\/2023\/12\/pexels-cottonbro-studio-4101177.jpg","contentUrl":"https:\/\/www.dogoodpeople.com\/wp-content\/uploads\/2023\/12\/pexels-cottonbro-studio-4101177.jpg","width":1280,"height":853,"caption":"sustainability and mental health"},{"@type":"BreadcrumbList","@id":"https:\/\/www.dogoodpeople.com\/es\/tendencias-rsc\/cultura-sostenible\/la-relacion-entre-la-sostenibilidad-y-la-salud-mental\/#breadcrumb","itemListElement":[{"@type":"ListItem","position":1,"name":"Home","item":"https:\/\/www.dogoodpeople.com\/es\/"},{"@type":"ListItem","position":2,"name":"La relaci\u00f3n entre la sostenibilidad y la salud mental"}]},{"@type":"WebSite","@id":"https:\/\/www.dogoodpeople.com\/es\/#website","url":"https:\/\/www.dogoodpeople.com\/es\/","name":"DoGood People","description":"Software para digitalizar el impacto ESG de los empleados y mejorar la reputaci\u00f3n sostenible de las empresas.","publisher":{"@id":"https:\/\/www.dogoodpeople.com\/es\/#organization"},"alternateName":"DoGood","potentialAction":[{"@type":"SearchAction","target":{"@type":"EntryPoint","urlTemplate":"https:\/\/www.dogoodpeople.com\/es\/?s={search_term_string}"},"query-input":{"@type":"PropertyValueSpecification","valueRequired":true,"valueName":"search_term_string"}}],"inLanguage":"es"},{"@type":"Organization","@id":"https:\/\/www.dogoodpeople.com\/es\/#organization","name":"DoGood People","url":"https:\/\/www.dogoodpeople.com\/es\/","logo":{"@type":"ImageObject","inLanguage":"es","@id":"https:\/\/www.dogoodpeople.com\/es\/#\/schema\/logo\/image\/","url":"https:\/\/www.dogoodpeople.com\/wp-content\/uploads\/2022\/09\/Logo-DoGood-people.png","contentUrl":"https:\/\/www.dogoodpeople.com\/wp-content\/uploads\/2022\/09\/Logo-DoGood-people.png","width":400,"height":280,"caption":"DoGood People"},"image":{"@id":"https:\/\/www.dogoodpeople.com\/es\/#\/schema\/logo\/image\/"},"sameAs":["https:\/\/www.linkedin.com\/company\/dogood\/","https:\/\/www.instagram.com\/dogood_people\/"]},{"@type":"Person","@id":"https:\/\/www.dogoodpeople.com\/es\/#\/schema\/person\/4f4fd41172bd8893ed23be07b6fccb3d","name":"Natalia Mart\u00ednez"}]}},"_links":{"self":[{"href":"https:\/\/www.dogoodpeople.com\/es\/wp-json\/wp\/v2\/posts\/24634","targetHints":{"allow":["GET"]}}],"collection":[{"href":"https:\/\/www.dogoodpeople.com\/es\/wp-json\/wp\/v2\/posts"}],"about":[{"href":"https:\/\/www.dogoodpeople.com\/es\/wp-json\/wp\/v2\/types\/post"}],"author":[{"embeddable":true,"href":"https:\/\/www.dogoodpeople.com\/es\/wp-json\/wp\/v2\/users\/10"}],"replies":[{"embeddable":true,"href":"https:\/\/www.dogoodpeople.com\/es\/wp-json\/wp\/v2\/comments?post=24634"}],"version-history":[{"count":9,"href":"https:\/\/www.dogoodpeople.com\/es\/wp-json\/wp\/v2\/posts\/24634\/revisions"}],"predecessor-version":[{"id":24646,"href":"https:\/\/www.dogoodpeople.com\/es\/wp-json\/wp\/v2\/posts\/24634\/revisions\/24646"}],"wp:featuredmedia":[{"embeddable":true,"href":"https:\/\/www.dogoodpeople.com\/es\/wp-json\/wp\/v2\/media\/24602"}],"wp:attachment":[{"href":"https:\/\/www.dogoodpeople.com\/es\/wp-json\/wp\/v2\/media?parent=24634"}],"wp:term":[{"taxonomy":"category","embeddable":true,"href":"https:\/\/www.dogoodpeople.com\/es\/wp-json\/wp\/v2\/categories?post=24634"},{"taxonomy":"post_tag","embeddable":true,"href":"https:\/\/www.dogoodpeople.com\/es\/wp-json\/wp\/v2\/tags?post=24634"}],"curies":[{"name":"wp","href":"https:\/\/api.w.org\/{rel}","templated":true}]}}