{"id":21587,"date":"2023-06-29T09:09:46","date_gmt":"2023-06-29T07:09:46","guid":{"rendered":"https:\/\/www.dogoodpeople.com\/?p=21587"},"modified":"2023-06-29T09:10:25","modified_gmt":"2023-06-29T07:10:25","slug":"la-importancia-de-medir-la-s-en-esg","status":"publish","type":"post","link":"https:\/\/www.dogoodpeople.com\/es\/tendencias-rsc\/criterios-esg\/social-es\/la-importancia-de-medir-la-s-en-esg\/","title":{"rendered":"La importancia de medir la &#8216;S&#8217; en ESG"},"content":{"rendered":"\t\t<div data-elementor-type=\"wp-post\" data-elementor-id=\"21587\" class=\"elementor elementor-21587 elementor-21552\" data-elementor-post-type=\"post\">\n\t\t\t\t\t\t<section class=\"elementor-section elementor-top-section elementor-element elementor-element-2797092 elementor-section-boxed elementor-section-height-default elementor-section-height-default\" data-id=\"2797092\" data-element_type=\"section\">\n\t\t\t\t\t\t<div class=\"elementor-container elementor-column-gap-default\">\n\t\t\t\t\t<div class=\"elementor-column elementor-col-100 elementor-top-column elementor-element elementor-element-63595da\" data-id=\"63595da\" data-element_type=\"column\">\n\t\t\t<div class=\"elementor-widget-wrap elementor-element-populated\">\n\t\t\t\t\t\t<div class=\"elementor-element elementor-element-da05428 elementor-widget elementor-widget-text-editor\" data-id=\"da05428\" data-element_type=\"widget\" data-widget_type=\"text-editor.default\">\n\t\t\t\t<div class=\"elementor-widget-container\">\n\t\t\t\t\t\t\t\t\t<p><strong>Si bien muchas empresas han logrado proporcionar excelentes datos ambientales y de gobernanza en los \u00faltimos a\u00f1os, la &#8216;S&#8217; en ESG parece haberse quedado un poco atr\u00e1s. <\/strong><\/p>\n\t\t\t\t\t\t\t\t<\/div>\n\t\t\t\t<\/div>\n\t\t\t\t\t<\/div>\n\t\t<\/div>\n\t\t\t\t\t<\/div>\n\t\t<\/section>\n\t\t\t\t<section class=\"elementor-section elementor-top-section elementor-element elementor-element-bae96cd elementor-section-boxed elementor-section-height-default elementor-section-height-default\" data-id=\"bae96cd\" data-element_type=\"section\">\n\t\t\t\t\t\t<div class=\"elementor-container elementor-column-gap-default\">\n\t\t\t\t\t<div class=\"elementor-column elementor-col-100 elementor-top-column elementor-element elementor-element-1d4d30c\" data-id=\"1d4d30c\" data-element_type=\"column\">\n\t\t\t<div class=\"elementor-widget-wrap elementor-element-populated\">\n\t\t\t\t\t\t<div class=\"elementor-element elementor-element-7e522e7 elementor-widget elementor-widget-text-editor\" data-id=\"7e522e7\" data-element_type=\"widget\" data-widget_type=\"text-editor.default\">\n\t\t\t\t<div class=\"elementor-widget-container\">\n\t\t\t\t\t\t\t\t\t<p>\u00bfC\u00f3mo miden las empresas el impacto social, si es que lo miden? Y, \u00bfcu\u00e1l es la mejor manera de proporcionar a los inversores y los sistemas de calificaci\u00f3n ESG informaci\u00f3n buena, precisa y transparente sobre los esfuerzos de la empresa en la &#8216;S&#8217; en ESG? <\/p>\n<p>Estas preguntas han cobrado importancia recientemente entre los directorios de las empresas con respecto a su capacidad no solo para trabajar en sus iniciativas de impacto social, sino tambi\u00e9n en la forma en que pueden <strong>ofrecer datos medibles<\/strong> a los inversores y partes interesadas. <\/p>\n\t\t\t\t\t\t\t\t<\/div>\n\t\t\t\t<\/div>\n\t\t\t\t\t<\/div>\n\t\t<\/div>\n\t\t\t\t\t<\/div>\n\t\t<\/section>\n\t\t\t\t<section class=\"elementor-section elementor-top-section elementor-element elementor-element-b3c6b49 elementor-section-boxed elementor-section-height-default elementor-section-height-default\" data-id=\"b3c6b49\" data-element_type=\"section\">\n\t\t\t\t\t\t<div class=\"elementor-container elementor-column-gap-default\">\n\t\t\t\t\t<div class=\"elementor-column elementor-col-100 elementor-top-column elementor-element elementor-element-9a0a081\" data-id=\"9a0a081\" data-element_type=\"column\">\n\t\t\t<div class=\"elementor-widget-wrap elementor-element-populated\">\n\t\t\t\t\t\t<div class=\"elementor-element elementor-element-b08a1f5 e-transform elementor-widget elementor-widget-image\" data-id=\"b08a1f5\" data-element_type=\"widget\" data-settings=\"{&quot;_transform_scale_effect&quot;:{&quot;unit&quot;:&quot;px&quot;,&quot;size&quot;:0.7,&quot;sizes&quot;:[]},&quot;_transform_scale_effect_tablet&quot;:{&quot;unit&quot;:&quot;px&quot;,&quot;size&quot;:&quot;&quot;,&quot;sizes&quot;:[]},&quot;_transform_scale_effect_mobile&quot;:{&quot;unit&quot;:&quot;px&quot;,&quot;size&quot;:&quot;&quot;,&quot;sizes&quot;:[]}}\" data-widget_type=\"image.default\">\n\t\t\t\t<div class=\"elementor-widget-container\">\n\t\t\t\t\t\t\t\t\t\t\t\t\t\t\t<img fetchpriority=\"high\" decoding=\"async\" width=\"640\" height=\"427\" src=\"https:\/\/www.dogoodpeople.com\/wp-content\/uploads\/2023\/06\/pexels-rdne-stock-project-7947663.jpg\" class=\"attachment-large size-large wp-image-21565\" alt=\"the &#039;S&#039; in ESG\" srcset=\"https:\/\/www.dogoodpeople.com\/wp-content\/uploads\/2023\/06\/pexels-rdne-stock-project-7947663.jpg 640w, https:\/\/www.dogoodpeople.com\/wp-content\/uploads\/2023\/06\/pexels-rdne-stock-project-7947663-300x200.jpg 300w\" sizes=\"(max-width: 640px) 100vw, 640px\" \/>\t\t\t\t\t\t\t\t\t\t\t\t\t\t\t<\/div>\n\t\t\t\t<\/div>\n\t\t\t\t\t<\/div>\n\t\t<\/div>\n\t\t\t\t\t<\/div>\n\t\t<\/section>\n\t\t\t\t<section class=\"elementor-section elementor-top-section elementor-element elementor-element-d51f9e3 elementor-section-boxed elementor-section-height-default elementor-section-height-default\" data-id=\"d51f9e3\" data-element_type=\"section\">\n\t\t\t\t\t\t<div class=\"elementor-container elementor-column-gap-default\">\n\t\t\t\t\t<div class=\"elementor-column elementor-col-100 elementor-top-column elementor-element elementor-element-36082f6\" data-id=\"36082f6\" data-element_type=\"column\">\n\t\t\t<div class=\"elementor-widget-wrap elementor-element-populated\">\n\t\t\t\t\t\t<div class=\"elementor-element elementor-element-34f0cd9 elementor-widget elementor-widget-text-editor\" data-id=\"34f0cd9\" data-element_type=\"widget\" data-widget_type=\"text-editor.default\">\n\t\t\t\t<div class=\"elementor-widget-container\">\n\t\t\t\t\t\t\t\t\t<p><a href=\"https:\/\/www.dogoodpeople.com\/es\/tendencias-rsc\/regulaciones-sostenibles\/la-comision-europea-contra-el-greenwashing\/\">Dado que el greenwashing sigue representando un peligro grande y real entre el mundo corporativo<\/a>, los inversores son cada vez m\u00e1s conscientes \u200b\u200bdel tipo de informaci\u00f3n ESG que las organizaciones tienen que ofrecer. En este sentido la &#8216;S&#8217; se ha convertido en un reto importante para muchos. Profundicemos. <\/p>\n\t\t\t\t\t\t\t\t<\/div>\n\t\t\t\t<\/div>\n\t\t\t\t\t<\/div>\n\t\t<\/div>\n\t\t\t\t\t<\/div>\n\t\t<\/section>\n\t\t\t\t<section class=\"elementor-section elementor-top-section elementor-element elementor-element-6134856 elementor-section-boxed elementor-section-height-default elementor-section-height-default\" data-id=\"6134856\" data-element_type=\"section\">\n\t\t\t\t\t\t<div class=\"elementor-container elementor-column-gap-default\">\n\t\t\t\t\t<div class=\"elementor-column elementor-col-100 elementor-top-column elementor-element elementor-element-2f75d07\" data-id=\"2f75d07\" data-element_type=\"column\">\n\t\t\t<div class=\"elementor-widget-wrap elementor-element-populated\">\n\t\t\t\t\t\t<div class=\"elementor-element elementor-element-839c9ce elementor-widget elementor-widget-heading\" data-id=\"839c9ce\" data-element_type=\"widget\" data-widget_type=\"heading.default\">\n\t\t\t\t<div class=\"elementor-widget-container\">\n\t\t\t\t\t<h2 class=\"elementor-heading-title elementor-size-default\">La importancia de las m\u00e9tricas de impacto social<\/h2>\t\t\t\t<\/div>\n\t\t\t\t<\/div>\n\t\t\t\t\t<\/div>\n\t\t<\/div>\n\t\t\t\t\t<\/div>\n\t\t<\/section>\n\t\t\t\t<section class=\"elementor-section elementor-top-section elementor-element elementor-element-69d6e79 elementor-section-boxed elementor-section-height-default elementor-section-height-default\" data-id=\"69d6e79\" data-element_type=\"section\">\n\t\t\t\t\t\t<div class=\"elementor-container elementor-column-gap-default\">\n\t\t\t\t\t<div class=\"elementor-column elementor-col-100 elementor-top-column elementor-element elementor-element-e01b099\" data-id=\"e01b099\" data-element_type=\"column\">\n\t\t\t<div class=\"elementor-widget-wrap elementor-element-populated\">\n\t\t\t\t\t\t<div class=\"elementor-element elementor-element-084f946 elementor-widget elementor-widget-text-editor\" data-id=\"084f946\" data-element_type=\"widget\" data-widget_type=\"text-editor.default\">\n\t\t\t\t<div class=\"elementor-widget-container\">\n\t\t\t\t\t\t\t\t\t<p>Aunque todav\u00eda queda mucho trabajo por hacer, las empresas parecen haber entendido la importancia y las implicaciones de medir y verificar sus datos de impacto ambiental, ya sea por las regulaciones o por la gran presi\u00f3n social para actuar sobre nuestro clima en declive. <\/p>\n<p>La gobernanza tambi\u00e9n parece estar en su lugar, con <a href=\"https:\/\/www.dogoodpeople.com\/es\/tendencias-rsc\/criterios-esg\/gobernanza\/aplicando-el-pensamiento-resiliente-para-el-exito-de-la-sostenibilidad-corporativa\/\">tendencias de pensamiento transformadoras y resilientes<\/a> dentro de las juntas ejecutivas de las empresas, las empresas se est\u00e1n alineando cada vez m\u00e1s con las personas y el planeta y, en el proceso, algunas logran proporcionar informaci\u00f3n precisa y transparente. <\/p>\n\t\t\t\t\t\t\t\t<\/div>\n\t\t\t\t<\/div>\n\t\t\t\t\t<\/div>\n\t\t<\/div>\n\t\t\t\t\t<\/div>\n\t\t<\/section>\n\t\t\t\t<section class=\"elementor-section elementor-top-section elementor-element elementor-element-4f0c233 elementor-section-boxed elementor-section-height-default elementor-section-height-default\" data-id=\"4f0c233\" data-element_type=\"section\">\n\t\t\t\t\t\t<div class=\"elementor-container elementor-column-gap-default\">\n\t\t\t\t\t<div class=\"elementor-column elementor-col-100 elementor-top-column elementor-element elementor-element-73b12e9\" data-id=\"73b12e9\" data-element_type=\"column\">\n\t\t\t<div class=\"elementor-widget-wrap elementor-element-populated\">\n\t\t\t\t\t\t<div class=\"elementor-element elementor-element-44f04a4 elementor-cta--skin-cover elementor-animated-content elementor-bg-transform elementor-bg-transform-zoom-in elementor-widget elementor-widget-call-to-action\" data-id=\"44f04a4\" data-element_type=\"widget\" data-widget_type=\"call-to-action.default\">\n\t\t\t\t<div class=\"elementor-widget-container\">\n\t\t\t\t\t\t\t<div class=\"elementor-cta\">\n\t\t\t\t\t<div class=\"elementor-cta__bg-wrapper\">\n\t\t\t\t<div class=\"elementor-cta__bg elementor-bg\" style=\"background-image: url();\" role=\"img\" aria-label=\"\"><\/div>\n\t\t\t\t<div class=\"elementor-cta__bg-overlay\"><\/div>\n\t\t\t<\/div>\n\t\t\t\t\t\t\t<div class=\"elementor-cta__content\">\n\t\t\t\t\n\t\t\t\t\t\t\t\t\t<h2 class=\"elementor-cta__title elementor-cta__content-item elementor-content-item elementor-animated-item--grow\">\n\t\t\t\t\t\tInvolucra a los empleados en la estrategia de sostenibilidad\t\t\t\t\t<\/h2>\n\t\t\t\t\n\t\t\t\t\t\t\t\t\t<div class=\"elementor-cta__description elementor-cta__content-item elementor-content-item elementor-animated-item--grow\">\n\t\t\t\t\t\t<p>Descubre m\u00e1s sobre c\u00f3mo ayudamos a crear engagement<\/p>\n\t\t\t\t\t<\/div>\n\t\t\t\t\n\t\t\t\t\t\t\t\t\t<div class=\"elementor-cta__button-wrapper elementor-cta__content-item elementor-content-item elementor-animated-item--grow\">\n\t\t\t\t\t<a class=\"elementor-cta__button elementor-button elementor-size-xs\" href=\"https:\/\/www.dogoodpeople.com\/es\/contacto\/\">\n\t\t\t\t\t\tCONTACTO\t\t\t\t\t<\/a>\n\t\t\t\t\t<\/div>\n\t\t\t\t\t\t\t<\/div>\n\t\t\t\t\t\t<\/div>\n\t\t\t\t\t\t<\/div>\n\t\t\t\t<\/div>\n\t\t\t\t\t<\/div>\n\t\t<\/div>\n\t\t\t\t\t<\/div>\n\t\t<\/section>\n\t\t\t\t<section class=\"elementor-section elementor-top-section elementor-element elementor-element-66d30a1 elementor-section-boxed elementor-section-height-default elementor-section-height-default\" data-id=\"66d30a1\" data-element_type=\"section\">\n\t\t\t\t\t\t<div class=\"elementor-container elementor-column-gap-default\">\n\t\t\t\t\t<div class=\"elementor-column elementor-col-100 elementor-top-column elementor-element elementor-element-e661b59\" data-id=\"e661b59\" data-element_type=\"column\">\n\t\t\t<div class=\"elementor-widget-wrap elementor-element-populated\">\n\t\t\t\t\t\t<div class=\"elementor-element elementor-element-8d57670 elementor-widget elementor-widget-text-editor\" data-id=\"8d57670\" data-element_type=\"widget\" data-widget_type=\"text-editor.default\">\n\t\t\t\t<div class=\"elementor-widget-container\">\n\t\t\t\t\t\t\t\t\t<p>Realmente no se puede decir lo mismo sobre la &#8216;S&#8217; en ESG; y aunque no se trata necesariamente de una cuesti\u00f3n de poca acci\u00f3n social de las empresas, el problema radica en que, en la mayor\u00eda de los casos, la informaci\u00f3n proporcionada carece de uno o ambos <strong>elementos cualitativos y cuantitativos<\/strong> que aseguren a los inversores sobre la eficiencia de la estrategia ESG general de una organizaci\u00f3n. <\/p>\n<p>Pero tales piezas de informaci\u00f3n son tan cruciales como la capacidad de una empresa para generar valor social. \u00bfPor qu\u00e9? Porque el prop\u00f3sito de una empresa no est\u00e1 en sus ganancias, sino en el progreso que puede generar, que, ahora m\u00e1s que nunca, no es dinero, sino progreso social (y ambiental). <\/p>\n<p>Adem\u00e1s, la falta de impacto social, as\u00ed como la incapacidad de proporcionar m\u00e9tricas medibles, muy probablemente se convertir\u00e1n en un riesgo para la supervivencia general de una empresa. <\/p>\n\t\t\t\t\t\t\t\t<\/div>\n\t\t\t\t<\/div>\n\t\t\t\t\t<\/div>\n\t\t<\/div>\n\t\t\t\t\t<\/div>\n\t\t<\/section>\n\t\t\t\t<section class=\"elementor-section elementor-top-section elementor-element elementor-element-7788793 elementor-section-boxed elementor-section-height-default elementor-section-height-default\" data-id=\"7788793\" data-element_type=\"section\">\n\t\t\t\t\t\t<div class=\"elementor-container elementor-column-gap-default\">\n\t\t\t\t\t<div class=\"elementor-column elementor-col-100 elementor-top-column elementor-element elementor-element-5dddcb7\" data-id=\"5dddcb7\" data-element_type=\"column\">\n\t\t\t<div class=\"elementor-widget-wrap elementor-element-populated\">\n\t\t\t\t\t\t<div class=\"elementor-element elementor-element-0b61319 elementor-widget elementor-widget-heading\" data-id=\"0b61319\" data-element_type=\"widget\" data-widget_type=\"heading.default\">\n\t\t\t\t<div class=\"elementor-widget-container\">\n\t\t\t\t\t<h3 class=\"elementor-heading-title elementor-size-default\">Medir la 'S' en ESG<\/h3>\t\t\t\t<\/div>\n\t\t\t\t<\/div>\n\t\t\t\t\t<\/div>\n\t\t<\/div>\n\t\t\t\t\t<\/div>\n\t\t<\/section>\n\t\t\t\t<section class=\"elementor-section elementor-top-section elementor-element elementor-element-edc4e04 elementor-section-boxed elementor-section-height-default elementor-section-height-default\" data-id=\"edc4e04\" data-element_type=\"section\">\n\t\t\t\t\t\t<div class=\"elementor-container elementor-column-gap-default\">\n\t\t\t\t\t<div class=\"elementor-column elementor-col-100 elementor-top-column elementor-element elementor-element-8afdd7a\" data-id=\"8afdd7a\" data-element_type=\"column\">\n\t\t\t<div class=\"elementor-widget-wrap elementor-element-populated\">\n\t\t\t\t\t\t<div class=\"elementor-element elementor-element-2710bdf elementor-widget elementor-widget-text-editor\" data-id=\"2710bdf\" data-element_type=\"widget\" data-widget_type=\"text-editor.default\">\n\t\t\t\t<div class=\"elementor-widget-container\">\n\t\t\t\t\t\t\t\t\t<p>Sin duda, la capacidad de una empresa para proporcionar valor social y poder verificar dicho impacto se ha convertido en una prioridad para los inversores ESG, los gestores de fondos y las propias empresas. Pero, \u00bfc\u00f3mo pueden las organizaciones abordar la medici\u00f3n de la &#8216;S&#8217; en ESG?<\/p>\n\t\t\t\t\t\t\t\t<\/div>\n\t\t\t\t<\/div>\n\t\t\t\t\t<\/div>\n\t\t<\/div>\n\t\t\t\t\t<\/div>\n\t\t<\/section>\n\t\t\t\t<section class=\"elementor-section elementor-top-section elementor-element elementor-element-e84d875 elementor-section-boxed elementor-section-height-default elementor-section-height-default\" data-id=\"e84d875\" data-element_type=\"section\">\n\t\t\t\t\t\t<div class=\"elementor-container elementor-column-gap-default\">\n\t\t\t\t\t<div class=\"elementor-column elementor-col-100 elementor-top-column elementor-element elementor-element-8587582\" data-id=\"8587582\" data-element_type=\"column\">\n\t\t\t<div class=\"elementor-widget-wrap elementor-element-populated\">\n\t\t\t\t\t\t<div class=\"elementor-element elementor-element-1c821ab e-transform elementor-widget elementor-widget-image\" data-id=\"1c821ab\" data-element_type=\"widget\" data-settings=\"{&quot;_transform_scale_effect&quot;:{&quot;unit&quot;:&quot;px&quot;,&quot;size&quot;:0.7,&quot;sizes&quot;:[]},&quot;_transform_scale_effect_tablet&quot;:{&quot;unit&quot;:&quot;px&quot;,&quot;size&quot;:&quot;&quot;,&quot;sizes&quot;:[]},&quot;_transform_scale_effect_mobile&quot;:{&quot;unit&quot;:&quot;px&quot;,&quot;size&quot;:&quot;&quot;,&quot;sizes&quot;:[]}}\" data-widget_type=\"image.default\">\n\t\t\t\t<div class=\"elementor-widget-container\">\n\t\t\t\t\t\t\t\t\t\t\t\t\t\t\t<img decoding=\"async\" width=\"640\" height=\"427\" src=\"https:\/\/www.dogoodpeople.com\/wp-content\/uploads\/2023\/06\/pexels-ketut-subiyanto-4963437.jpg\" class=\"attachment-large size-large wp-image-21579\" alt=\"the &#039;S&#039; in ESG\" srcset=\"https:\/\/www.dogoodpeople.com\/wp-content\/uploads\/2023\/06\/pexels-ketut-subiyanto-4963437.jpg 640w, https:\/\/www.dogoodpeople.com\/wp-content\/uploads\/2023\/06\/pexels-ketut-subiyanto-4963437-300x200.jpg 300w\" sizes=\"(max-width: 640px) 100vw, 640px\" \/>\t\t\t\t\t\t\t\t\t\t\t\t\t\t\t<\/div>\n\t\t\t\t<\/div>\n\t\t\t\t\t<\/div>\n\t\t<\/div>\n\t\t\t\t\t<\/div>\n\t\t<\/section>\n\t\t\t\t<section class=\"elementor-section elementor-top-section elementor-element elementor-element-7b15997 elementor-section-boxed elementor-section-height-default elementor-section-height-default\" data-id=\"7b15997\" data-element_type=\"section\">\n\t\t\t\t\t\t<div class=\"elementor-container elementor-column-gap-default\">\n\t\t\t\t\t<div class=\"elementor-column elementor-col-100 elementor-top-column elementor-element elementor-element-ba9ab48\" data-id=\"ba9ab48\" data-element_type=\"column\">\n\t\t\t<div class=\"elementor-widget-wrap elementor-element-populated\">\n\t\t\t\t\t\t<div class=\"elementor-element elementor-element-1e60923 elementor-widget elementor-widget-heading\" data-id=\"1e60923\" data-element_type=\"widget\" data-widget_type=\"heading.default\">\n\t\t\t\t<div class=\"elementor-widget-container\">\n\t\t\t\t\t<h4 class=\"elementor-heading-title elementor-size-default\">Datos cualitativos y cuantitativos<\/h4>\t\t\t\t<\/div>\n\t\t\t\t<\/div>\n\t\t\t\t\t<\/div>\n\t\t<\/div>\n\t\t\t\t\t<\/div>\n\t\t<\/section>\n\t\t\t\t<section class=\"elementor-section elementor-top-section elementor-element elementor-element-e75646c elementor-section-boxed elementor-section-height-default elementor-section-height-default\" data-id=\"e75646c\" data-element_type=\"section\">\n\t\t\t\t\t\t<div class=\"elementor-container elementor-column-gap-default\">\n\t\t\t\t\t<div class=\"elementor-column elementor-col-100 elementor-top-column elementor-element elementor-element-5607cb6\" data-id=\"5607cb6\" data-element_type=\"column\">\n\t\t\t<div class=\"elementor-widget-wrap elementor-element-populated\">\n\t\t\t\t\t\t<div class=\"elementor-element elementor-element-c949765 elementor-widget elementor-widget-text-editor\" data-id=\"c949765\" data-element_type=\"widget\" data-widget_type=\"text-editor.default\">\n\t\t\t\t<div class=\"elementor-widget-container\">\n\t\t\t\t\t\t\t\t\t<p>Los datos cuantitativos son tan importantes como la informaci\u00f3n cualitativa; es decir, medir el impacto social debe consistir en un acercamiento completo a la informaci\u00f3n que recopilamos.<\/p>\n<p>Tomemos por ejemplo una empresa que administra un programa de donaci\u00f3n de alimentos para ayudar a alimentar a las personas sin hogar o necesitadas en la comunidad. Si bien muestra una gran iniciativa con claros beneficios para la sociedad, los datos cuantitativos no ser\u00edan suficientes para comprender cu\u00e1n buena es esta iniciativa social.<\/p>\n<p>La cantidad de comidas proporcionadas (cuantitativo) debe ir acompa\u00f1ada, por ejemplo, de qu\u00e9 tan saludable (cualitativo) son tales opciones de alimentos para comprender realmente el valor y los beneficios sociales de esta acci\u00f3n. <\/p>\n\t\t\t\t\t\t\t\t<\/div>\n\t\t\t\t<\/div>\n\t\t\t\t\t<\/div>\n\t\t<\/div>\n\t\t\t\t\t<\/div>\n\t\t<\/section>\n\t\t\t\t<section class=\"elementor-section elementor-top-section elementor-element elementor-element-a0aad7c elementor-section-boxed elementor-section-height-default elementor-section-height-default\" data-id=\"a0aad7c\" data-element_type=\"section\">\n\t\t\t\t\t\t<div class=\"elementor-container elementor-column-gap-default\">\n\t\t\t\t\t<div class=\"elementor-column elementor-col-100 elementor-top-column elementor-element elementor-element-1df8bf4\" data-id=\"1df8bf4\" data-element_type=\"column\">\n\t\t\t<div class=\"elementor-widget-wrap elementor-element-populated\">\n\t\t\t\t\t\t<div class=\"elementor-element elementor-element-3a0371c elementor-widget elementor-widget-heading\" data-id=\"3a0371c\" data-element_type=\"widget\" data-widget_type=\"heading.default\">\n\t\t\t\t<div class=\"elementor-widget-container\">\n\t\t\t\t\t<h4 class=\"elementor-heading-title elementor-size-default\">Informaci\u00f3n transparente e independiente<\/h4>\t\t\t\t<\/div>\n\t\t\t\t<\/div>\n\t\t\t\t\t<\/div>\n\t\t<\/div>\n\t\t\t\t\t<\/div>\n\t\t<\/section>\n\t\t\t\t<section class=\"elementor-section elementor-top-section elementor-element elementor-element-14bdea7 elementor-section-boxed elementor-section-height-default elementor-section-height-default\" data-id=\"14bdea7\" data-element_type=\"section\">\n\t\t\t\t\t\t<div class=\"elementor-container elementor-column-gap-default\">\n\t\t\t\t\t<div class=\"elementor-column elementor-col-100 elementor-top-column elementor-element elementor-element-86d5ac2\" data-id=\"86d5ac2\" data-element_type=\"column\">\n\t\t\t<div class=\"elementor-widget-wrap elementor-element-populated\">\n\t\t\t\t\t\t<div class=\"elementor-element elementor-element-28344eb elementor-widget elementor-widget-text-editor\" data-id=\"28344eb\" data-element_type=\"widget\" data-widget_type=\"text-editor.default\">\n\t\t\t\t<div class=\"elementor-widget-container\">\n\t\t\t\t\t\t\t\t\t<p>Nada supera las afirmaciones de greenwashing como la transparencia y las fuentes de informaci\u00f3n independientes. Sin embargo, muchas empresas eligen optar por no hacerlo y, en su lugar, utilizan las llamadas t\u00e9cnicas de <a href=\"https:\/\/www.dogoodpeople.com\/es\/tendencias-rsc\/reputacion-sostenible\/que-es-el-green-hushing\/\">\u00abgreen-hushing\u00bb<\/a> para evitar la mala reputaci\u00f3n, solo para encontrar el lado negativo de una tendencia tan peligrosa. <\/p>\n<p>Adem\u00e1s, la falta de transparencia y de encuestas y entrevistas cuantitativas y cualitativas independientes no solo son un obst\u00e1culo para la reputaci\u00f3n, sino que de hecho representan un gran riesgo para el desempe\u00f1o de la empresa. En pocas palabras, <strong>no puedes gestionar lo que no entiendes.<\/strong> <\/p>\n<p>Y aunque los conocimientos internos de la empresa son cruciales, el sesgo es inevitable y los inversores lo saben. Es fundamental que busquemos formas cualitativas e independientes de verificar el valor social que se ha creado. <\/p>\n\t\t\t\t\t\t\t\t<\/div>\n\t\t\t\t<\/div>\n\t\t\t\t\t<\/div>\n\t\t<\/div>\n\t\t\t\t\t<\/div>\n\t\t<\/section>\n\t\t\t\t<section class=\"elementor-section elementor-top-section elementor-element elementor-element-968c9c5 elementor-section-boxed elementor-section-height-default elementor-section-height-default\" data-id=\"968c9c5\" data-element_type=\"section\">\n\t\t\t\t\t\t<div class=\"elementor-container elementor-column-gap-default\">\n\t\t\t\t\t<div class=\"elementor-column elementor-col-100 elementor-top-column elementor-element elementor-element-0cdcde6\" data-id=\"0cdcde6\" data-element_type=\"column\">\n\t\t\t<div class=\"elementor-widget-wrap elementor-element-populated\">\n\t\t\t\t\t\t<div class=\"elementor-element elementor-element-90b0bfe elementor-cta--skin-cover elementor-animated-content elementor-bg-transform elementor-bg-transform-zoom-in elementor-widget elementor-widget-call-to-action\" data-id=\"90b0bfe\" data-element_type=\"widget\" data-widget_type=\"call-to-action.default\">\n\t\t\t\t<div class=\"elementor-widget-container\">\n\t\t\t\t\t\t\t<div class=\"elementor-cta\">\n\t\t\t\t\t<div class=\"elementor-cta__bg-wrapper\">\n\t\t\t\t<div class=\"elementor-cta__bg elementor-bg\" style=\"background-image: url(https:\/\/www.dogoodpeople.com\/wp-content\/uploads\/2023\/05\/pexels-jakob-schlothane-11791008.jpg);\" role=\"img\" aria-label=\"employee engagement\"><\/div>\n\t\t\t\t<div class=\"elementor-cta__bg-overlay\"><\/div>\n\t\t\t<\/div>\n\t\t\t\t\t\t\t<div class=\"elementor-cta__content\">\n\t\t\t\t\n\t\t\t\t\t\t\t\t\t<h2 class=\"elementor-cta__title elementor-cta__content-item elementor-content-item elementor-animated-item--grow\">\n\t\t\t\t\t\tGu\u00eda sobre los beneficios de la transparencia\t\t\t\t\t<\/h2>\n\t\t\t\t\n\t\t\t\t\t\t\t\t\t<div class=\"elementor-cta__description elementor-cta__content-item elementor-content-item elementor-animated-item--grow\">\n\t\t\t\t\t\t<p>Por qu\u00e9 las empresas deber\u00edan abordar la transparencia y los beneficios que esta crea para la empresa, la sociedad y el planeta.<\/p>\n\t\t\t\t\t<\/div>\n\t\t\t\t\n\t\t\t\t\t\t\t\t\t<div class=\"elementor-cta__button-wrapper elementor-cta__content-item elementor-content-item elementor-animated-item--grow\">\n\t\t\t\t\t<a class=\"elementor-cta__button elementor-button elementor-size-xs\" href=\"https:\/\/www.dogoodpeople.com\/sdg-guides\/guide-to-the-benefits-of-transparency\/\">\n\t\t\t\t\t\tDesc\u00e1rgala aqu\u00ed\t\t\t\t\t<\/a>\n\t\t\t\t\t<\/div>\n\t\t\t\t\t\t\t<\/div>\n\t\t\t\t\t\t<\/div>\n\t\t\t\t\t\t<\/div>\n\t\t\t\t<\/div>\n\t\t\t\t\t<\/div>\n\t\t<\/div>\n\t\t\t\t\t<\/div>\n\t\t<\/section>\n\t\t\t\t<section class=\"elementor-section elementor-top-section elementor-element elementor-element-535f304 elementor-section-boxed elementor-section-height-default elementor-section-height-default\" data-id=\"535f304\" data-element_type=\"section\">\n\t\t\t\t\t\t<div class=\"elementor-container elementor-column-gap-default\">\n\t\t\t\t\t<div class=\"elementor-column elementor-col-100 elementor-top-column elementor-element elementor-element-d2b4a3c\" data-id=\"d2b4a3c\" data-element_type=\"column\">\n\t\t\t<div class=\"elementor-widget-wrap elementor-element-populated\">\n\t\t\t\t\t\t<div class=\"elementor-element elementor-element-4b005be elementor-widget elementor-widget-heading\" data-id=\"4b005be\" data-element_type=\"widget\" data-widget_type=\"heading.default\">\n\t\t\t\t<div class=\"elementor-widget-container\">\n\t\t\t\t\t<h4 class=\"elementor-heading-title elementor-size-default\">Aprovechar la tecnolog\u00eda para hacer el bien<\/h4>\t\t\t\t<\/div>\n\t\t\t\t<\/div>\n\t\t\t\t\t<\/div>\n\t\t<\/div>\n\t\t\t\t\t<\/div>\n\t\t<\/section>\n\t\t\t\t<section class=\"elementor-section elementor-top-section elementor-element elementor-element-6e53e53 elementor-section-boxed elementor-section-height-default elementor-section-height-default\" data-id=\"6e53e53\" data-element_type=\"section\">\n\t\t\t\t\t\t<div class=\"elementor-container elementor-column-gap-default\">\n\t\t\t\t\t<div class=\"elementor-column elementor-col-100 elementor-top-column elementor-element elementor-element-fd4b4bf\" data-id=\"fd4b4bf\" data-element_type=\"column\">\n\t\t\t<div class=\"elementor-widget-wrap elementor-element-populated\">\n\t\t\t\t\t\t<div class=\"elementor-element elementor-element-6988aa0 elementor-widget elementor-widget-text-editor\" data-id=\"6988aa0\" data-element_type=\"widget\" data-widget_type=\"text-editor.default\">\n\t\t\t\t<div class=\"elementor-widget-container\">\n\t\t\t\t\t\t\t\t\t<p>En la era digital y tecnol\u00f3gica en la que vivimos, no podemos socavar el poder de la tecnolog\u00eda para crear valor social, as\u00ed como el relacionado con el medioambiente y la gobernanza. <\/p>\n<p>Buscar <strong>una transformaci\u00f3n digital de la estrategia ESG de la empresa<\/strong> podr\u00eda no solo brindar un mejor desempe\u00f1o en sustentabilidad, sino tambi\u00e9n una mayor evaluaci\u00f3n y m\u00e9tricas de lo bueno (y lo no tan bueno) que estamos ayudando a crear. <\/p>\n<p>Adem\u00e1s, un enfoque tecnol\u00f3gico para el impacto social puede ayudar a involucrar a m\u00e1s personas en la mezcla y ayudar a comprender mejor el impacto que debe ocurrir y el desarrollo necesario para llegar all\u00ed. <\/p>\n\t\t\t\t\t\t\t\t<\/div>\n\t\t\t\t<\/div>\n\t\t\t\t\t<\/div>\n\t\t<\/div>\n\t\t\t\t\t<\/div>\n\t\t<\/section>\n\t\t\t\t<section class=\"elementor-section elementor-top-section elementor-element elementor-element-08cad62 elementor-section-boxed elementor-section-height-default elementor-section-height-default\" data-id=\"08cad62\" data-element_type=\"section\">\n\t\t\t\t\t\t<div class=\"elementor-container elementor-column-gap-default\">\n\t\t\t\t\t<div class=\"elementor-column elementor-col-100 elementor-top-column elementor-element elementor-element-2416341\" data-id=\"2416341\" data-element_type=\"column\">\n\t\t\t<div class=\"elementor-widget-wrap elementor-element-populated\">\n\t\t\t\t\t\t<div class=\"elementor-element elementor-element-b80d909 e-transform elementor-widget elementor-widget-image\" data-id=\"b80d909\" data-element_type=\"widget\" data-settings=\"{&quot;_transform_scale_effect&quot;:{&quot;unit&quot;:&quot;px&quot;,&quot;size&quot;:0.7,&quot;sizes&quot;:[]},&quot;_transform_scale_effect_tablet&quot;:{&quot;unit&quot;:&quot;px&quot;,&quot;size&quot;:&quot;&quot;,&quot;sizes&quot;:[]},&quot;_transform_scale_effect_mobile&quot;:{&quot;unit&quot;:&quot;px&quot;,&quot;size&quot;:&quot;&quot;,&quot;sizes&quot;:[]}}\" data-widget_type=\"image.default\">\n\t\t\t\t<div class=\"elementor-widget-container\">\n\t\t\t\t\t\t\t\t\t\t\t\t\t\t\t<img decoding=\"async\" width=\"639\" height=\"427\" src=\"https:\/\/www.dogoodpeople.com\/wp-content\/uploads\/2023\/06\/pexels-cottonbro-studio-4065140.jpg\" class=\"attachment-large size-large wp-image-21583\" alt=\"the &#039;S&#039; in ESG\" srcset=\"https:\/\/www.dogoodpeople.com\/wp-content\/uploads\/2023\/06\/pexels-cottonbro-studio-4065140.jpg 639w, https:\/\/www.dogoodpeople.com\/wp-content\/uploads\/2023\/06\/pexels-cottonbro-studio-4065140-300x200.jpg 300w\" sizes=\"(max-width: 639px) 100vw, 639px\" \/>\t\t\t\t\t\t\t\t\t\t\t\t\t\t\t<\/div>\n\t\t\t\t<\/div>\n\t\t\t\t\t<\/div>\n\t\t<\/div>\n\t\t\t\t\t<\/div>\n\t\t<\/section>\n\t\t\t\t<section class=\"elementor-section elementor-top-section elementor-element elementor-element-4440af5 elementor-section-boxed elementor-section-height-default elementor-section-height-default\" data-id=\"4440af5\" data-element_type=\"section\">\n\t\t\t\t\t\t<div class=\"elementor-container elementor-column-gap-default\">\n\t\t\t\t\t<div class=\"elementor-column elementor-col-100 elementor-top-column elementor-element elementor-element-6d8e606\" data-id=\"6d8e606\" data-element_type=\"column\">\n\t\t\t<div class=\"elementor-widget-wrap elementor-element-populated\">\n\t\t\t\t\t\t<div class=\"elementor-element elementor-element-19b5171 elementor-widget elementor-widget-heading\" data-id=\"19b5171\" data-element_type=\"widget\" data-widget_type=\"heading.default\">\n\t\t\t\t<div class=\"elementor-widget-container\">\n\t\t\t\t\t<h3 class=\"elementor-heading-title elementor-size-default\">El papel de los empleados en la estrategia ESG de la empresa<\/h3>\t\t\t\t<\/div>\n\t\t\t\t<\/div>\n\t\t\t\t\t<\/div>\n\t\t<\/div>\n\t\t\t\t\t<\/div>\n\t\t<\/section>\n\t\t\t\t<section class=\"elementor-section elementor-top-section elementor-element elementor-element-0438bc6 elementor-section-boxed elementor-section-height-default elementor-section-height-default\" data-id=\"0438bc6\" data-element_type=\"section\">\n\t\t\t\t\t\t<div class=\"elementor-container elementor-column-gap-default\">\n\t\t\t\t\t<div class=\"elementor-column elementor-col-100 elementor-top-column elementor-element elementor-element-9b8a4d5\" data-id=\"9b8a4d5\" data-element_type=\"column\">\n\t\t\t<div class=\"elementor-widget-wrap elementor-element-populated\">\n\t\t\t\t\t\t<div class=\"elementor-element elementor-element-3bf93b6 elementor-widget elementor-widget-text-editor\" data-id=\"3bf93b6\" data-element_type=\"widget\" data-widget_type=\"text-editor.default\">\n\t\t\t\t<div class=\"elementor-widget-container\">\n\t\t\t\t\t\t\t\t\t<p>Lejos de ser indiferentes a la participaci\u00f3n en los esfuerzos ESG de la empresa, los empleados buscan la oportunidad de participar activamente y <strong>encontrar un prop\u00f3sito en tener un impacto positivo<\/strong> a trav\u00e9s de su trabajo. <\/p>\n<p>En <strong>DoGood<\/strong> creemos que el trabajo colectivo puede ayudarnos a encontrar aquello que por s\u00ed solo puede parecer inalcanzable o in\u00fatil. Por eso creemos que <strong>el lugar de trabajo es el entorno perfecto para encontrar ese af\u00e1n colectivo de marcar la diferencia<\/strong>, tanto por la sostenibilidad y prop\u00f3sito de la empresa como por una forma de ser m\u00e1s sostenible para todos.<\/p>\n<p>Mediante nuestra tecnolog\u00eda somos capaces de activar y trazar el impacto de los empleados ayudando a crear mayor involucraci\u00f3n, mejores m\u00e9tricas ESG, valor reputacional y un <strong>impacto positivo<\/strong> para el planeta y la sociedad.<\/p>\n\t\t\t\t\t\t\t\t<\/div>\n\t\t\t\t<\/div>\n\t\t\t\t\t<\/div>\n\t\t<\/div>\n\t\t\t\t\t<\/div>\n\t\t<\/section>\n\t\t\t\t<\/div>\n\t\t","protected":false},"excerpt":{"rendered":"<p>Si bien muchas empresas han logrado proporcionar excelentes datos ambientales y de gobernanza en los [&hellip;]<\/p>\n","protected":false},"author":10,"featured_media":21556,"comment_status":"closed","ping_status":"closed","sticky":false,"template":"","format":"standard","meta":{"_acf_changed":false,"content-type":"","footnotes":""},"categories":[169],"tags":[],"class_list":["post-21587","post","type-post","status-publish","format-standard","has-post-thumbnail","hentry","category-social-es"],"acf":[],"yoast_head":"<!-- This site is optimized with the Yoast SEO Premium plugin v25.8 (Yoast SEO v27.5) - https:\/\/yoast.com\/product\/yoast-seo-premium-wordpress\/ -->\n<title>La importancia de medir la &#039;S&#039; en ESG - DoGood People<\/title>\n<meta name=\"description\" content=\"Si bien las empresas ofrecen datos ambientales y de gobernanza, la &#039;S&#039; del ESG parece haberse quedado un poco atr\u00e1s. Pero \u00bfpor qu\u00e9 medirlo?\" \/>\n<meta name=\"robots\" content=\"index, follow, max-snippet:-1, max-image-preview:large, max-video-preview:-1\" \/>\n<link rel=\"canonical\" href=\"https:\/\/www.dogoodpeople.com\/es\/tendencias-rsc\/criterios-esg\/social-es\/la-importancia-de-medir-la-s-en-esg\/\" \/>\n<meta property=\"og:locale\" content=\"es_ES\" \/>\n<meta property=\"og:type\" content=\"article\" \/>\n<meta property=\"og:title\" content=\"La importancia de medir la &#039;S&#039; en ESG\" \/>\n<meta property=\"og:description\" content=\"Si bien las empresas ofrecen datos ambientales y de gobernanza, la &#039;S&#039; del ESG parece haberse quedado un poco atr\u00e1s. Pero \u00bfpor qu\u00e9 medirlo?\" \/>\n<meta property=\"og:url\" content=\"https:\/\/www.dogoodpeople.com\/es\/tendencias-rsc\/criterios-esg\/social-es\/la-importancia-de-medir-la-s-en-esg\/\" \/>\n<meta property=\"og:site_name\" content=\"DoGood People\" \/>\n<meta property=\"article:published_time\" content=\"2023-06-29T07:09:46+00:00\" \/>\n<meta property=\"article:modified_time\" content=\"2023-06-29T07:10:25+00:00\" \/>\n<meta property=\"og:image\" content=\"https:\/\/www.dogoodpeople.com\/wp-content\/uploads\/2023\/06\/pexels-juan-pablo-serrano-arenas-1047330.jpg\" \/>\n\t<meta property=\"og:image:width\" content=\"640\" \/>\n\t<meta property=\"og:image:height\" content=\"427\" \/>\n\t<meta property=\"og:image:type\" content=\"image\/jpeg\" \/>\n<meta name=\"author\" content=\"Natalia Mart\u00ednez\" \/>\n<meta name=\"twitter:card\" content=\"summary_large_image\" \/>\n<meta name=\"twitter:label1\" content=\"Escrito por\" \/>\n\t<meta name=\"twitter:data1\" content=\"Natalia Mart\u00ednez\" \/>\n\t<meta name=\"twitter:label2\" content=\"Tiempo de lectura\" \/>\n\t<meta name=\"twitter:data2\" content=\"6 minutos\" \/>\n<script type=\"application\/ld+json\" class=\"yoast-schema-graph\">{\"@context\":\"https:\\\/\\\/schema.org\",\"@graph\":[{\"@type\":\"Article\",\"@id\":\"https:\\\/\\\/www.dogoodpeople.com\\\/es\\\/tendencias-rsc\\\/criterios-esg\\\/social-es\\\/la-importancia-de-medir-la-s-en-esg\\\/#article\",\"isPartOf\":{\"@id\":\"https:\\\/\\\/www.dogoodpeople.com\\\/es\\\/tendencias-rsc\\\/criterios-esg\\\/social-es\\\/la-importancia-de-medir-la-s-en-esg\\\/\"},\"author\":{\"name\":\"Natalia Mart\u00ednez\",\"@id\":\"https:\\\/\\\/www.dogoodpeople.com\\\/es\\\/#\\\/schema\\\/person\\\/4f4fd41172bd8893ed23be07b6fccb3d\"},\"headline\":\"La importancia de medir la &#8216;S&#8217; en ESG\",\"datePublished\":\"2023-06-29T07:09:46+00:00\",\"dateModified\":\"2023-06-29T07:10:25+00:00\",\"mainEntityOfPage\":{\"@id\":\"https:\\\/\\\/www.dogoodpeople.com\\\/es\\\/tendencias-rsc\\\/criterios-esg\\\/social-es\\\/la-importancia-de-medir-la-s-en-esg\\\/\"},\"wordCount\":1101,\"publisher\":{\"@id\":\"https:\\\/\\\/www.dogoodpeople.com\\\/es\\\/#organization\"},\"image\":{\"@id\":\"https:\\\/\\\/www.dogoodpeople.com\\\/es\\\/tendencias-rsc\\\/criterios-esg\\\/social-es\\\/la-importancia-de-medir-la-s-en-esg\\\/#primaryimage\"},\"thumbnailUrl\":\"https:\\\/\\\/www.dogoodpeople.com\\\/wp-content\\\/uploads\\\/2023\\\/06\\\/pexels-juan-pablo-serrano-arenas-1047330.jpg\",\"articleSection\":[\"Social\"],\"inLanguage\":\"es\"},{\"@type\":\"WebPage\",\"@id\":\"https:\\\/\\\/www.dogoodpeople.com\\\/es\\\/tendencias-rsc\\\/criterios-esg\\\/social-es\\\/la-importancia-de-medir-la-s-en-esg\\\/\",\"url\":\"https:\\\/\\\/www.dogoodpeople.com\\\/es\\\/tendencias-rsc\\\/criterios-esg\\\/social-es\\\/la-importancia-de-medir-la-s-en-esg\\\/\",\"name\":\"La importancia de medir la 'S' en ESG - DoGood People\",\"isPartOf\":{\"@id\":\"https:\\\/\\\/www.dogoodpeople.com\\\/es\\\/#website\"},\"primaryImageOfPage\":{\"@id\":\"https:\\\/\\\/www.dogoodpeople.com\\\/es\\\/tendencias-rsc\\\/criterios-esg\\\/social-es\\\/la-importancia-de-medir-la-s-en-esg\\\/#primaryimage\"},\"image\":{\"@id\":\"https:\\\/\\\/www.dogoodpeople.com\\\/es\\\/tendencias-rsc\\\/criterios-esg\\\/social-es\\\/la-importancia-de-medir-la-s-en-esg\\\/#primaryimage\"},\"thumbnailUrl\":\"https:\\\/\\\/www.dogoodpeople.com\\\/wp-content\\\/uploads\\\/2023\\\/06\\\/pexels-juan-pablo-serrano-arenas-1047330.jpg\",\"datePublished\":\"2023-06-29T07:09:46+00:00\",\"dateModified\":\"2023-06-29T07:10:25+00:00\",\"description\":\"Si bien las empresas ofrecen datos ambientales y de gobernanza, la 'S' del ESG parece haberse quedado un poco atr\u00e1s. Pero \u00bfpor qu\u00e9 medirlo?\",\"breadcrumb\":{\"@id\":\"https:\\\/\\\/www.dogoodpeople.com\\\/es\\\/tendencias-rsc\\\/criterios-esg\\\/social-es\\\/la-importancia-de-medir-la-s-en-esg\\\/#breadcrumb\"},\"inLanguage\":\"es\",\"potentialAction\":[{\"@type\":\"ReadAction\",\"target\":[\"https:\\\/\\\/www.dogoodpeople.com\\\/es\\\/tendencias-rsc\\\/criterios-esg\\\/social-es\\\/la-importancia-de-medir-la-s-en-esg\\\/\"]}]},{\"@type\":\"ImageObject\",\"inLanguage\":\"es\",\"@id\":\"https:\\\/\\\/www.dogoodpeople.com\\\/es\\\/tendencias-rsc\\\/criterios-esg\\\/social-es\\\/la-importancia-de-medir-la-s-en-esg\\\/#primaryimage\",\"url\":\"https:\\\/\\\/www.dogoodpeople.com\\\/wp-content\\\/uploads\\\/2023\\\/06\\\/pexels-juan-pablo-serrano-arenas-1047330.jpg\",\"contentUrl\":\"https:\\\/\\\/www.dogoodpeople.com\\\/wp-content\\\/uploads\\\/2023\\\/06\\\/pexels-juan-pablo-serrano-arenas-1047330.jpg\",\"width\":640,\"height\":427,\"caption\":\"the 'S' in ESG\"},{\"@type\":\"BreadcrumbList\",\"@id\":\"https:\\\/\\\/www.dogoodpeople.com\\\/es\\\/tendencias-rsc\\\/criterios-esg\\\/social-es\\\/la-importancia-de-medir-la-s-en-esg\\\/#breadcrumb\",\"itemListElement\":[{\"@type\":\"ListItem\",\"position\":1,\"name\":\"Home\",\"item\":\"https:\\\/\\\/www.dogoodpeople.com\\\/es\\\/\"},{\"@type\":\"ListItem\",\"position\":2,\"name\":\"La importancia de medir la &#8216;S&#8217; en ESG\"}]},{\"@type\":\"WebSite\",\"@id\":\"https:\\\/\\\/www.dogoodpeople.com\\\/es\\\/#website\",\"url\":\"https:\\\/\\\/www.dogoodpeople.com\\\/es\\\/\",\"name\":\"DoGood People\",\"description\":\"Software para digitalizar el impacto ESG de los empleados y mejorar la reputaci\u00f3n sostenible de las empresas.\",\"publisher\":{\"@id\":\"https:\\\/\\\/www.dogoodpeople.com\\\/es\\\/#organization\"},\"alternateName\":\"DoGood\",\"potentialAction\":[{\"@type\":\"SearchAction\",\"target\":{\"@type\":\"EntryPoint\",\"urlTemplate\":\"https:\\\/\\\/www.dogoodpeople.com\\\/es\\\/?s={search_term_string}\"},\"query-input\":{\"@type\":\"PropertyValueSpecification\",\"valueRequired\":true,\"valueName\":\"search_term_string\"}}],\"inLanguage\":\"es\"},{\"@type\":\"Organization\",\"@id\":\"https:\\\/\\\/www.dogoodpeople.com\\\/es\\\/#organization\",\"name\":\"DoGood People\",\"url\":\"https:\\\/\\\/www.dogoodpeople.com\\\/es\\\/\",\"logo\":{\"@type\":\"ImageObject\",\"inLanguage\":\"es\",\"@id\":\"https:\\\/\\\/www.dogoodpeople.com\\\/es\\\/#\\\/schema\\\/logo\\\/image\\\/\",\"url\":\"https:\\\/\\\/www.dogoodpeople.com\\\/wp-content\\\/uploads\\\/2022\\\/09\\\/Logo-DoGood-people.png\",\"contentUrl\":\"https:\\\/\\\/www.dogoodpeople.com\\\/wp-content\\\/uploads\\\/2022\\\/09\\\/Logo-DoGood-people.png\",\"width\":400,\"height\":280,\"caption\":\"DoGood People\"},\"image\":{\"@id\":\"https:\\\/\\\/www.dogoodpeople.com\\\/es\\\/#\\\/schema\\\/logo\\\/image\\\/\"},\"sameAs\":[\"https:\\\/\\\/www.linkedin.com\\\/company\\\/dogood\\\/\",\"https:\\\/\\\/www.instagram.com\\\/dogood_people\\\/\"]},{\"@type\":\"Person\",\"@id\":\"https:\\\/\\\/www.dogoodpeople.com\\\/es\\\/#\\\/schema\\\/person\\\/4f4fd41172bd8893ed23be07b6fccb3d\",\"name\":\"Natalia Mart\u00ednez\"}]}<\/script>\n<!-- \/ Yoast SEO Premium plugin. -->","yoast_head_json":{"title":"La importancia de medir la 'S' en ESG - DoGood People","description":"Si bien las empresas ofrecen datos ambientales y de gobernanza, la 'S' del ESG parece haberse quedado un poco atr\u00e1s. Pero \u00bfpor qu\u00e9 medirlo?","robots":{"index":"index","follow":"follow","max-snippet":"max-snippet:-1","max-image-preview":"max-image-preview:large","max-video-preview":"max-video-preview:-1"},"canonical":"https:\/\/www.dogoodpeople.com\/es\/tendencias-rsc\/criterios-esg\/social-es\/la-importancia-de-medir-la-s-en-esg\/","og_locale":"es_ES","og_type":"article","og_title":"La importancia de medir la 'S' en ESG","og_description":"Si bien las empresas ofrecen datos ambientales y de gobernanza, la 'S' del ESG parece haberse quedado un poco atr\u00e1s. Pero \u00bfpor qu\u00e9 medirlo?","og_url":"https:\/\/www.dogoodpeople.com\/es\/tendencias-rsc\/criterios-esg\/social-es\/la-importancia-de-medir-la-s-en-esg\/","og_site_name":"DoGood People","article_published_time":"2023-06-29T07:09:46+00:00","article_modified_time":"2023-06-29T07:10:25+00:00","og_image":[{"width":640,"height":427,"url":"https:\/\/www.dogoodpeople.com\/wp-content\/uploads\/2023\/06\/pexels-juan-pablo-serrano-arenas-1047330.jpg","type":"image\/jpeg"}],"author":"Natalia Mart\u00ednez","twitter_card":"summary_large_image","twitter_misc":{"Escrito por":"Natalia Mart\u00ednez","Tiempo de lectura":"6 minutos"},"schema":{"@context":"https:\/\/schema.org","@graph":[{"@type":"Article","@id":"https:\/\/www.dogoodpeople.com\/es\/tendencias-rsc\/criterios-esg\/social-es\/la-importancia-de-medir-la-s-en-esg\/#article","isPartOf":{"@id":"https:\/\/www.dogoodpeople.com\/es\/tendencias-rsc\/criterios-esg\/social-es\/la-importancia-de-medir-la-s-en-esg\/"},"author":{"name":"Natalia Mart\u00ednez","@id":"https:\/\/www.dogoodpeople.com\/es\/#\/schema\/person\/4f4fd41172bd8893ed23be07b6fccb3d"},"headline":"La importancia de medir la &#8216;S&#8217; en ESG","datePublished":"2023-06-29T07:09:46+00:00","dateModified":"2023-06-29T07:10:25+00:00","mainEntityOfPage":{"@id":"https:\/\/www.dogoodpeople.com\/es\/tendencias-rsc\/criterios-esg\/social-es\/la-importancia-de-medir-la-s-en-esg\/"},"wordCount":1101,"publisher":{"@id":"https:\/\/www.dogoodpeople.com\/es\/#organization"},"image":{"@id":"https:\/\/www.dogoodpeople.com\/es\/tendencias-rsc\/criterios-esg\/social-es\/la-importancia-de-medir-la-s-en-esg\/#primaryimage"},"thumbnailUrl":"https:\/\/www.dogoodpeople.com\/wp-content\/uploads\/2023\/06\/pexels-juan-pablo-serrano-arenas-1047330.jpg","articleSection":["Social"],"inLanguage":"es"},{"@type":"WebPage","@id":"https:\/\/www.dogoodpeople.com\/es\/tendencias-rsc\/criterios-esg\/social-es\/la-importancia-de-medir-la-s-en-esg\/","url":"https:\/\/www.dogoodpeople.com\/es\/tendencias-rsc\/criterios-esg\/social-es\/la-importancia-de-medir-la-s-en-esg\/","name":"La importancia de medir la 'S' en ESG - DoGood People","isPartOf":{"@id":"https:\/\/www.dogoodpeople.com\/es\/#website"},"primaryImageOfPage":{"@id":"https:\/\/www.dogoodpeople.com\/es\/tendencias-rsc\/criterios-esg\/social-es\/la-importancia-de-medir-la-s-en-esg\/#primaryimage"},"image":{"@id":"https:\/\/www.dogoodpeople.com\/es\/tendencias-rsc\/criterios-esg\/social-es\/la-importancia-de-medir-la-s-en-esg\/#primaryimage"},"thumbnailUrl":"https:\/\/www.dogoodpeople.com\/wp-content\/uploads\/2023\/06\/pexels-juan-pablo-serrano-arenas-1047330.jpg","datePublished":"2023-06-29T07:09:46+00:00","dateModified":"2023-06-29T07:10:25+00:00","description":"Si bien las empresas ofrecen datos ambientales y de gobernanza, la 'S' del ESG parece haberse quedado un poco atr\u00e1s. Pero \u00bfpor qu\u00e9 medirlo?","breadcrumb":{"@id":"https:\/\/www.dogoodpeople.com\/es\/tendencias-rsc\/criterios-esg\/social-es\/la-importancia-de-medir-la-s-en-esg\/#breadcrumb"},"inLanguage":"es","potentialAction":[{"@type":"ReadAction","target":["https:\/\/www.dogoodpeople.com\/es\/tendencias-rsc\/criterios-esg\/social-es\/la-importancia-de-medir-la-s-en-esg\/"]}]},{"@type":"ImageObject","inLanguage":"es","@id":"https:\/\/www.dogoodpeople.com\/es\/tendencias-rsc\/criterios-esg\/social-es\/la-importancia-de-medir-la-s-en-esg\/#primaryimage","url":"https:\/\/www.dogoodpeople.com\/wp-content\/uploads\/2023\/06\/pexels-juan-pablo-serrano-arenas-1047330.jpg","contentUrl":"https:\/\/www.dogoodpeople.com\/wp-content\/uploads\/2023\/06\/pexels-juan-pablo-serrano-arenas-1047330.jpg","width":640,"height":427,"caption":"the 'S' in ESG"},{"@type":"BreadcrumbList","@id":"https:\/\/www.dogoodpeople.com\/es\/tendencias-rsc\/criterios-esg\/social-es\/la-importancia-de-medir-la-s-en-esg\/#breadcrumb","itemListElement":[{"@type":"ListItem","position":1,"name":"Home","item":"https:\/\/www.dogoodpeople.com\/es\/"},{"@type":"ListItem","position":2,"name":"La importancia de medir la &#8216;S&#8217; en ESG"}]},{"@type":"WebSite","@id":"https:\/\/www.dogoodpeople.com\/es\/#website","url":"https:\/\/www.dogoodpeople.com\/es\/","name":"DoGood People","description":"Software para digitalizar el impacto ESG de los empleados y mejorar la reputaci\u00f3n sostenible de las empresas.","publisher":{"@id":"https:\/\/www.dogoodpeople.com\/es\/#organization"},"alternateName":"DoGood","potentialAction":[{"@type":"SearchAction","target":{"@type":"EntryPoint","urlTemplate":"https:\/\/www.dogoodpeople.com\/es\/?s={search_term_string}"},"query-input":{"@type":"PropertyValueSpecification","valueRequired":true,"valueName":"search_term_string"}}],"inLanguage":"es"},{"@type":"Organization","@id":"https:\/\/www.dogoodpeople.com\/es\/#organization","name":"DoGood People","url":"https:\/\/www.dogoodpeople.com\/es\/","logo":{"@type":"ImageObject","inLanguage":"es","@id":"https:\/\/www.dogoodpeople.com\/es\/#\/schema\/logo\/image\/","url":"https:\/\/www.dogoodpeople.com\/wp-content\/uploads\/2022\/09\/Logo-DoGood-people.png","contentUrl":"https:\/\/www.dogoodpeople.com\/wp-content\/uploads\/2022\/09\/Logo-DoGood-people.png","width":400,"height":280,"caption":"DoGood People"},"image":{"@id":"https:\/\/www.dogoodpeople.com\/es\/#\/schema\/logo\/image\/"},"sameAs":["https:\/\/www.linkedin.com\/company\/dogood\/","https:\/\/www.instagram.com\/dogood_people\/"]},{"@type":"Person","@id":"https:\/\/www.dogoodpeople.com\/es\/#\/schema\/person\/4f4fd41172bd8893ed23be07b6fccb3d","name":"Natalia Mart\u00ednez"}]}},"_links":{"self":[{"href":"https:\/\/www.dogoodpeople.com\/es\/wp-json\/wp\/v2\/posts\/21587","targetHints":{"allow":["GET"]}}],"collection":[{"href":"https:\/\/www.dogoodpeople.com\/es\/wp-json\/wp\/v2\/posts"}],"about":[{"href":"https:\/\/www.dogoodpeople.com\/es\/wp-json\/wp\/v2\/types\/post"}],"author":[{"embeddable":true,"href":"https:\/\/www.dogoodpeople.com\/es\/wp-json\/wp\/v2\/users\/10"}],"replies":[{"embeddable":true,"href":"https:\/\/www.dogoodpeople.com\/es\/wp-json\/wp\/v2\/comments?post=21587"}],"version-history":[{"count":4,"href":"https:\/\/www.dogoodpeople.com\/es\/wp-json\/wp\/v2\/posts\/21587\/revisions"}],"predecessor-version":[{"id":21592,"href":"https:\/\/www.dogoodpeople.com\/es\/wp-json\/wp\/v2\/posts\/21587\/revisions\/21592"}],"wp:featuredmedia":[{"embeddable":true,"href":"https:\/\/www.dogoodpeople.com\/es\/wp-json\/wp\/v2\/media\/21556"}],"wp:attachment":[{"href":"https:\/\/www.dogoodpeople.com\/es\/wp-json\/wp\/v2\/media?parent=21587"}],"wp:term":[{"taxonomy":"category","embeddable":true,"href":"https:\/\/www.dogoodpeople.com\/es\/wp-json\/wp\/v2\/categories?post=21587"},{"taxonomy":"post_tag","embeddable":true,"href":"https:\/\/www.dogoodpeople.com\/es\/wp-json\/wp\/v2\/tags?post=21587"}],"curies":[{"name":"wp","href":"https:\/\/api.w.org\/{rel}","templated":true}]}}