{"id":21073,"date":"2023-06-14T18:18:33","date_gmt":"2023-06-14T16:18:33","guid":{"rendered":"https:\/\/www.dogoodpeople.com\/?p=21073"},"modified":"2023-06-14T18:18:59","modified_gmt":"2023-06-14T16:18:59","slug":"como-adoptar-una-vision-sostenible-en-toda-la-organizacion","status":"publish","type":"post","link":"https:\/\/www.dogoodpeople.com\/es\/tendencias-rsc\/cultura-sostenible\/como-adoptar-una-vision-sostenible-en-toda-la-organizacion\/","title":{"rendered":"C\u00f3mo adoptar una visi\u00f3n sostenible en toda la organizaci\u00f3n"},"content":{"rendered":"\t\t<div data-elementor-type=\"wp-post\" data-elementor-id=\"21073\" class=\"elementor elementor-21073 elementor-21052\" data-elementor-post-type=\"post\">\n\t\t\t\t\t\t<section class=\"elementor-section elementor-top-section elementor-element elementor-element-6ebea21 elementor-section-boxed elementor-section-height-default elementor-section-height-default\" data-id=\"6ebea21\" data-element_type=\"section\">\n\t\t\t\t\t\t<div class=\"elementor-container elementor-column-gap-default\">\n\t\t\t\t\t<div class=\"elementor-column elementor-col-100 elementor-top-column elementor-element elementor-element-7388660\" data-id=\"7388660\" data-element_type=\"column\">\n\t\t\t<div class=\"elementor-widget-wrap elementor-element-populated\">\n\t\t\t\t\t\t<div class=\"elementor-element elementor-element-bdf750b elementor-widget elementor-widget-text-editor\" data-id=\"bdf750b\" data-element_type=\"widget\" data-widget_type=\"text-editor.default\">\n\t\t\t\t<div class=\"elementor-widget-container\">\n\t\t\t\t\t\t\t\t\t<p><strong>La sostenibilidad solo ser\u00e1 efectiva si est\u00e1 profundamente arraigada en toda la organizaci\u00f3n; desde el liderazgo hasta los empleados en todos los niveles, adoptar una visi\u00f3n sostenible en nuestro trabajo diario en la empresa es clave para promover un cambio positivo para el planeta. <\/strong><\/p>\n\t\t\t\t\t\t\t\t<\/div>\n\t\t\t\t<\/div>\n\t\t\t\t\t<\/div>\n\t\t<\/div>\n\t\t\t\t\t<\/div>\n\t\t<\/section>\n\t\t\t\t<section class=\"elementor-section elementor-top-section elementor-element elementor-element-ff03820 elementor-section-boxed elementor-section-height-default elementor-section-height-default\" data-id=\"ff03820\" data-element_type=\"section\">\n\t\t\t\t\t\t<div class=\"elementor-container elementor-column-gap-default\">\n\t\t\t\t\t<div class=\"elementor-column elementor-col-100 elementor-top-column elementor-element elementor-element-0c8703e\" data-id=\"0c8703e\" data-element_type=\"column\">\n\t\t\t<div class=\"elementor-widget-wrap elementor-element-populated\">\n\t\t\t\t\t\t<div class=\"elementor-element elementor-element-6ae72ff elementor-widget elementor-widget-text-editor\" data-id=\"6ae72ff\" data-element_type=\"widget\" data-widget_type=\"text-editor.default\">\n\t\t\t\t<div class=\"elementor-widget-container\">\n\t\t\t\t\t\t\t\t\t<p>Si bien la mayor\u00eda de las organizaciones han tomado medidas deliberadas para establecer objetivos de sostenibilidad, como <a href=\"https:\/\/www.un.org\/es\/climatechange\/net-zero-coalition\" target=\"_blank\" rel=\"noopener\">emisiones netas cero<\/a> o planes de circularidad, el progreso real parece sugerir que algo no est\u00e1 funcionando del todo. <\/p>\n<p>La ambici\u00f3n es importante, y tambi\u00e9n lo es establecer objetivos que ayuden a las empresas a adoptar formas m\u00e1s sostenibles de hacer negocios; sin embargo, si dichos objetivos y valores no est\u00e1n arraigados en las propias personas y en lo que saben que es el prop\u00f3sito de la empresa, lo m\u00e1s probable es que la ambici\u00f3n fracase. <\/p>\n<p>Los siguientes p\u00e1rrafos tienen como objetivo abordar algunas acciones o iniciativas clave que las organizaciones pueden tomar para <strong>hacer de la sostenibilidad una parte intr\u00ednseca de la estrategia empresarial<\/strong> mediante la implementaci\u00f3n de una visi\u00f3n de sostenibilidad en toda la empresa. Empecemos. <\/p>\n\t\t\t\t\t\t\t\t<\/div>\n\t\t\t\t<\/div>\n\t\t\t\t\t<\/div>\n\t\t<\/div>\n\t\t\t\t\t<\/div>\n\t\t<\/section>\n\t\t\t\t<section class=\"elementor-section elementor-top-section elementor-element elementor-element-4543261 elementor-section-boxed elementor-section-height-default elementor-section-height-default\" data-id=\"4543261\" data-element_type=\"section\">\n\t\t\t\t\t\t<div class=\"elementor-container elementor-column-gap-default\">\n\t\t\t\t\t<div class=\"elementor-column elementor-col-100 elementor-top-column elementor-element elementor-element-26593d4\" data-id=\"26593d4\" data-element_type=\"column\">\n\t\t\t<div class=\"elementor-widget-wrap elementor-element-populated\">\n\t\t\t\t\t\t<div class=\"elementor-element elementor-element-69b8429 e-transform elementor-widget elementor-widget-image\" data-id=\"69b8429\" data-element_type=\"widget\" data-settings=\"{&quot;_transform_scale_effect&quot;:{&quot;unit&quot;:&quot;px&quot;,&quot;size&quot;:0.8,&quot;sizes&quot;:[]},&quot;_transform_scale_effect_tablet&quot;:{&quot;unit&quot;:&quot;px&quot;,&quot;size&quot;:&quot;&quot;,&quot;sizes&quot;:[]},&quot;_transform_scale_effect_mobile&quot;:{&quot;unit&quot;:&quot;px&quot;,&quot;size&quot;:&quot;&quot;,&quot;sizes&quot;:[]}}\" data-widget_type=\"image.default\">\n\t\t\t\t<div class=\"elementor-widget-container\">\n\t\t\t\t\t\t\t\t\t\t\t\t\t\t\t<img fetchpriority=\"high\" decoding=\"async\" width=\"640\" height=\"427\" src=\"https:\/\/www.dogoodpeople.com\/wp-content\/uploads\/2023\/06\/pexels-kasuma-426893.jpg\" class=\"attachment-large size-large wp-image-21062\" alt=\"sustainability lenses\" srcset=\"https:\/\/www.dogoodpeople.com\/wp-content\/uploads\/2023\/06\/pexels-kasuma-426893.jpg 640w, https:\/\/www.dogoodpeople.com\/wp-content\/uploads\/2023\/06\/pexels-kasuma-426893-300x200.jpg 300w\" sizes=\"(max-width: 640px) 100vw, 640px\" \/>\t\t\t\t\t\t\t\t\t\t\t\t\t\t\t<\/div>\n\t\t\t\t<\/div>\n\t\t\t\t\t<\/div>\n\t\t<\/div>\n\t\t\t\t\t<\/div>\n\t\t<\/section>\n\t\t\t\t<section class=\"elementor-section elementor-top-section elementor-element elementor-element-f559f5a elementor-section-boxed elementor-section-height-default elementor-section-height-default\" data-id=\"f559f5a\" data-element_type=\"section\">\n\t\t\t\t\t\t<div class=\"elementor-container elementor-column-gap-default\">\n\t\t\t\t\t<div class=\"elementor-column elementor-col-100 elementor-top-column elementor-element elementor-element-d835000\" data-id=\"d835000\" data-element_type=\"column\">\n\t\t\t<div class=\"elementor-widget-wrap elementor-element-populated\">\n\t\t\t\t\t\t<div class=\"elementor-element elementor-element-ac8c51b elementor-widget elementor-widget-heading\" data-id=\"ac8c51b\" data-element_type=\"widget\" data-widget_type=\"heading.default\">\n\t\t\t\t<div class=\"elementor-widget-container\">\n\t\t\t\t\t<h2 class=\"elementor-heading-title elementor-size-default\">Por qu\u00e9 ponerse las gafas de la sostenibilidad<\/h2>\t\t\t\t<\/div>\n\t\t\t\t<\/div>\n\t\t\t\t\t<\/div>\n\t\t<\/div>\n\t\t\t\t\t<\/div>\n\t\t<\/section>\n\t\t\t\t<section class=\"elementor-section elementor-top-section elementor-element elementor-element-2b4e1b7 elementor-section-boxed elementor-section-height-default elementor-section-height-default\" data-id=\"2b4e1b7\" data-element_type=\"section\">\n\t\t\t\t\t\t<div class=\"elementor-container elementor-column-gap-default\">\n\t\t\t\t\t<div class=\"elementor-column elementor-col-100 elementor-top-column elementor-element elementor-element-8f1b732\" data-id=\"8f1b732\" data-element_type=\"column\">\n\t\t\t<div class=\"elementor-widget-wrap elementor-element-populated\">\n\t\t\t\t\t\t<div class=\"elementor-element elementor-element-a72ed35 elementor-widget elementor-widget-text-editor\" data-id=\"a72ed35\" data-element_type=\"widget\" data-widget_type=\"text-editor.default\">\n\t\t\t\t<div class=\"elementor-widget-container\">\n\t\t\t\t\t\t\t\t\t<p>Uno de los errores m\u00e1s comunes entre las empresas que se encaminan hacia la sostenibilidad, es hacer de esta \u00faltima una especie de elemento externo a la estrategia empresarial en lugar de integrar objetivos sostenibles como net-zero, por ejemplo, en el n\u00facleo de la estrategia. <\/p>\n<p>Las empresas deben olvidarse del miedo a que la sostenibilidad interfiera en el d\u00eda a d\u00eda del trabajo, y viceversa, y entender este \u00faltimo como <strong>algo a entrelazar con todo lo que hacen.<\/strong><\/p>\n<p>En otras palabras, la \u00fanica forma en que una empresa puede lograr un objetivo de cero emisiones netas es comprometiendo cada tarea, persona y valor de la empresa con este. From finance departments to marketing campaigns and human resources, ambitious planetary goals should have a holistic approach in the business structure and its operations.<\/p>\n\t\t\t\t\t\t\t\t<\/div>\n\t\t\t\t<\/div>\n\t\t\t\t\t<\/div>\n\t\t<\/div>\n\t\t\t\t\t<\/div>\n\t\t<\/section>\n\t\t\t\t<section class=\"elementor-section elementor-top-section elementor-element elementor-element-424aabd elementor-section-boxed elementor-section-height-default elementor-section-height-default\" data-id=\"424aabd\" data-element_type=\"section\">\n\t\t\t\t\t\t<div class=\"elementor-container elementor-column-gap-default\">\n\t\t\t\t\t<div class=\"elementor-column elementor-col-100 elementor-top-column elementor-element elementor-element-c111c63\" data-id=\"c111c63\" data-element_type=\"column\">\n\t\t\t<div class=\"elementor-widget-wrap elementor-element-populated\">\n\t\t\t\t\t\t<div class=\"elementor-element elementor-element-1066ed0 elementor-cta--skin-cover elementor-animated-content elementor-bg-transform elementor-bg-transform-zoom-in elementor-widget elementor-widget-call-to-action\" data-id=\"1066ed0\" data-element_type=\"widget\" data-widget_type=\"call-to-action.default\">\n\t\t\t\t<div class=\"elementor-widget-container\">\n\t\t\t\t\t\t\t<div class=\"elementor-cta\">\n\t\t\t\t\t<div class=\"elementor-cta__bg-wrapper\">\n\t\t\t\t<div class=\"elementor-cta__bg elementor-bg\" style=\"background-image: url();\" role=\"img\" aria-label=\"\"><\/div>\n\t\t\t\t<div class=\"elementor-cta__bg-overlay\"><\/div>\n\t\t\t<\/div>\n\t\t\t\t\t\t\t<div class=\"elementor-cta__content\">\n\t\t\t\t\n\t\t\t\t\t\t\t\t\t<h2 class=\"elementor-cta__title elementor-cta__content-item elementor-content-item elementor-animated-item--grow\">\n\t\t\t\t\t\tInvolucra a los empleados en la estrategia de sostenibilidad\t\t\t\t\t<\/h2>\n\t\t\t\t\n\t\t\t\t\t\t\t\t\t<div class=\"elementor-cta__description elementor-cta__content-item elementor-content-item elementor-animated-item--grow\">\n\t\t\t\t\t\t<p>Descubre m\u00e1s sobre c\u00f3mo ayudamos a impulsar el engagement<\/p>\n\t\t\t\t\t<\/div>\n\t\t\t\t\n\t\t\t\t\t\t\t\t\t<div class=\"elementor-cta__button-wrapper elementor-cta__content-item elementor-content-item elementor-animated-item--grow\">\n\t\t\t\t\t<a class=\"elementor-cta__button elementor-button elementor-size-xs\" href=\"https:\/\/www.dogoodpeople.com\/es\/contacto\/\">\n\t\t\t\t\t\tCONTACTO\t\t\t\t\t<\/a>\n\t\t\t\t\t<\/div>\n\t\t\t\t\t\t\t<\/div>\n\t\t\t\t\t\t<\/div>\n\t\t\t\t\t\t<\/div>\n\t\t\t\t<\/div>\n\t\t\t\t\t<\/div>\n\t\t<\/div>\n\t\t\t\t\t<\/div>\n\t\t<\/section>\n\t\t\t\t<section class=\"elementor-section elementor-top-section elementor-element elementor-element-25f8265 elementor-section-boxed elementor-section-height-default elementor-section-height-default\" data-id=\"25f8265\" data-element_type=\"section\">\n\t\t\t\t\t\t<div class=\"elementor-container elementor-column-gap-default\">\n\t\t\t\t\t<div class=\"elementor-column elementor-col-100 elementor-top-column elementor-element elementor-element-f85598d\" data-id=\"f85598d\" data-element_type=\"column\">\n\t\t\t<div class=\"elementor-widget-wrap elementor-element-populated\">\n\t\t\t\t\t\t<div class=\"elementor-element elementor-element-1488b74 elementor-widget elementor-widget-text-editor\" data-id=\"1488b74\" data-element_type=\"widget\" data-widget_type=\"text-editor.default\">\n\t\t\t\t<div class=\"elementor-widget-container\">\n\t\t\t\t\t\t\t\t\t<p>Adem\u00e1s, la gobernanza de la empresa debe <strong>implementar un marco de medici\u00f3n del progreso que incluya la sostenibilidad en sus m\u00e9tricas,<\/strong> en lugar de una puntuaci\u00f3n ESG separada que eventualmente puede socavar la sostenibilidad y no considerarla como un aspecto crucial del progreso hol\u00edstico del negocio.<\/p>\n<p>Pero, \u00bfc\u00f3mo podemos comenzar a implementar una visi\u00f3n de sostenibilidad en toda la organizaci\u00f3n?<\/p>\n\t\t\t\t\t\t\t\t<\/div>\n\t\t\t\t<\/div>\n\t\t\t\t\t<\/div>\n\t\t<\/div>\n\t\t\t\t\t<\/div>\n\t\t<\/section>\n\t\t\t\t<section class=\"elementor-section elementor-top-section elementor-element elementor-element-a1459cc elementor-section-boxed elementor-section-height-default elementor-section-height-default\" data-id=\"a1459cc\" data-element_type=\"section\">\n\t\t\t\t\t\t<div class=\"elementor-container elementor-column-gap-default\">\n\t\t\t\t\t<div class=\"elementor-column elementor-col-100 elementor-top-column elementor-element elementor-element-f189e55\" data-id=\"f189e55\" data-element_type=\"column\">\n\t\t\t<div class=\"elementor-widget-wrap elementor-element-populated\">\n\t\t\t\t\t\t<div class=\"elementor-element elementor-element-9bb01f8 elementor-widget elementor-widget-heading\" data-id=\"9bb01f8\" data-element_type=\"widget\" data-widget_type=\"heading.default\">\n\t\t\t\t<div class=\"elementor-widget-container\">\n\t\t\t\t\t<h3 class=\"elementor-heading-title elementor-size-default\">Aprender a delegar<\/h3>\t\t\t\t<\/div>\n\t\t\t\t<\/div>\n\t\t\t\t\t<\/div>\n\t\t<\/div>\n\t\t\t\t\t<\/div>\n\t\t<\/section>\n\t\t\t\t<section class=\"elementor-section elementor-top-section elementor-element elementor-element-a83bbb1 elementor-section-boxed elementor-section-height-default elementor-section-height-default\" data-id=\"a83bbb1\" data-element_type=\"section\">\n\t\t\t\t\t\t<div class=\"elementor-container elementor-column-gap-default\">\n\t\t\t\t\t<div class=\"elementor-column elementor-col-100 elementor-top-column elementor-element elementor-element-44d5177\" data-id=\"44d5177\" data-element_type=\"column\">\n\t\t\t<div class=\"elementor-widget-wrap elementor-element-populated\">\n\t\t\t\t\t\t<div class=\"elementor-element elementor-element-b244f11 elementor-widget elementor-widget-text-editor\" data-id=\"b244f11\" data-element_type=\"widget\" data-widget_type=\"text-editor.default\">\n\t\t\t\t<div class=\"elementor-widget-container\">\n\t\t\t\t\t\t\t\t\t<p>Las jerarqu\u00edas tienden a gobernar la estructura de la mayor\u00eda de las organizaciones, y no deber\u00eda haber ning\u00fan problema aparente si se hace correctamente. El problema radica en las <strong>estructuras jer\u00e1rquicas que no logran delegar las responsabilidades de sostenibilidad<\/strong> y, en consecuencia, no pueden empoderar activamente a los empleados para que act\u00faen acorde. <\/p>\n<p>Los objetivos y responsabilidades de sostenibilidad deben <strong>ir m\u00e1s all\u00e1 de los puestos ejecutivos<\/strong> y abarcar funciones y departamentos en todos los niveles de la empresa, ayudando a empoderar equipos de personas que puedan impulsar un cambio sostenible de manera m\u00e1s r\u00e1pida y efectiva; de lo contrario, rara vez llegar\u00e1 a la lista de prioridades ejecutivas.<\/p>\n\t\t\t\t\t\t\t\t<\/div>\n\t\t\t\t<\/div>\n\t\t\t\t\t<\/div>\n\t\t<\/div>\n\t\t\t\t\t<\/div>\n\t\t<\/section>\n\t\t\t\t<section class=\"elementor-section elementor-top-section elementor-element elementor-element-36e260e elementor-section-boxed elementor-section-height-default elementor-section-height-default\" data-id=\"36e260e\" data-element_type=\"section\">\n\t\t\t\t\t\t<div class=\"elementor-container elementor-column-gap-default\">\n\t\t\t\t\t<div class=\"elementor-column elementor-col-100 elementor-top-column elementor-element elementor-element-b90d01e\" data-id=\"b90d01e\" data-element_type=\"column\">\n\t\t\t<div class=\"elementor-widget-wrap elementor-element-populated\">\n\t\t\t\t\t\t<div class=\"elementor-element elementor-element-124f3ab elementor-widget elementor-widget-heading\" data-id=\"124f3ab\" data-element_type=\"widget\" data-widget_type=\"heading.default\">\n\t\t\t\t<div class=\"elementor-widget-container\">\n\t\t\t\t\t<h3 class=\"elementor-heading-title elementor-size-default\">Empoderar a los empleados<\/h3>\t\t\t\t<\/div>\n\t\t\t\t<\/div>\n\t\t\t\t\t<\/div>\n\t\t<\/div>\n\t\t\t\t\t<\/div>\n\t\t<\/section>\n\t\t\t\t<section class=\"elementor-section elementor-top-section elementor-element elementor-element-1c9edb7 elementor-section-boxed elementor-section-height-default elementor-section-height-default\" data-id=\"1c9edb7\" data-element_type=\"section\">\n\t\t\t\t\t\t<div class=\"elementor-container elementor-column-gap-default\">\n\t\t\t\t\t<div class=\"elementor-column elementor-col-100 elementor-top-column elementor-element elementor-element-794cc0a\" data-id=\"794cc0a\" data-element_type=\"column\">\n\t\t\t<div class=\"elementor-widget-wrap elementor-element-populated\">\n\t\t\t\t\t\t<div class=\"elementor-element elementor-element-26684ee elementor-widget elementor-widget-text-editor\" data-id=\"26684ee\" data-element_type=\"widget\" data-widget_type=\"text-editor.default\">\n\t\t\t\t<div class=\"elementor-widget-container\">\n\t\t\t\t\t\t\t\t\t<p>Quiz\u00e1s una de las tareas m\u00e1s cruciales a las que se enfrentan las empresas hoy en d\u00eda es <strong>empoderar e involucrar a los empleados<\/strong> en los esfuerzos de sostenibilidad.<\/p>\n<p>Ya sea debido a los requisitos de la legislaci\u00f3n, o a la naturaleza misma de la crisis social y ambiental a la que nos enfrentamos, nunca ha sido m\u00e1s importante trabajar juntos hacia un prop\u00f3sito com\u00fan. <\/p>\n\t\t\t\t\t\t\t\t<\/div>\n\t\t\t\t<\/div>\n\t\t\t\t\t<\/div>\n\t\t<\/div>\n\t\t\t\t\t<\/div>\n\t\t<\/section>\n\t\t\t\t<section class=\"elementor-section elementor-top-section elementor-element elementor-element-01bb60c elementor-section-boxed elementor-section-height-default elementor-section-height-default\" data-id=\"01bb60c\" data-element_type=\"section\">\n\t\t\t\t\t\t<div class=\"elementor-container elementor-column-gap-default\">\n\t\t\t\t\t<div class=\"elementor-column elementor-col-100 elementor-top-column elementor-element elementor-element-7c8f3a8\" data-id=\"7c8f3a8\" data-element_type=\"column\">\n\t\t\t<div class=\"elementor-widget-wrap elementor-element-populated\">\n\t\t\t\t\t\t<div class=\"elementor-element elementor-element-a0abfd6 e-transform elementor-widget elementor-widget-image\" data-id=\"a0abfd6\" data-element_type=\"widget\" data-settings=\"{&quot;_transform_scale_effect&quot;:{&quot;unit&quot;:&quot;px&quot;,&quot;size&quot;:0.8,&quot;sizes&quot;:[]},&quot;_transform_scale_effect_tablet&quot;:{&quot;unit&quot;:&quot;px&quot;,&quot;size&quot;:&quot;&quot;,&quot;sizes&quot;:[]},&quot;_transform_scale_effect_mobile&quot;:{&quot;unit&quot;:&quot;px&quot;,&quot;size&quot;:&quot;&quot;,&quot;sizes&quot;:[]}}\" data-widget_type=\"image.default\">\n\t\t\t\t<div class=\"elementor-widget-container\">\n\t\t\t\t\t\t\t\t\t\t\t\t\t\t\t<img decoding=\"async\" width=\"640\" height=\"427\" src=\"https:\/\/www.dogoodpeople.com\/wp-content\/uploads\/2023\/06\/pexels-moe-magners-7495648.jpg\" class=\"attachment-large size-large wp-image-21069\" alt=\"sustainability lenses\" srcset=\"https:\/\/www.dogoodpeople.com\/wp-content\/uploads\/2023\/06\/pexels-moe-magners-7495648.jpg 640w, https:\/\/www.dogoodpeople.com\/wp-content\/uploads\/2023\/06\/pexels-moe-magners-7495648-300x200.jpg 300w\" sizes=\"(max-width: 640px) 100vw, 640px\" \/>\t\t\t\t\t\t\t\t\t\t\t\t\t\t\t<\/div>\n\t\t\t\t<\/div>\n\t\t\t\t\t<\/div>\n\t\t<\/div>\n\t\t\t\t\t<\/div>\n\t\t<\/section>\n\t\t\t\t<section class=\"elementor-section elementor-top-section elementor-element elementor-element-3150068 elementor-section-boxed elementor-section-height-default elementor-section-height-default\" data-id=\"3150068\" data-element_type=\"section\">\n\t\t\t\t\t\t<div class=\"elementor-container elementor-column-gap-default\">\n\t\t\t\t\t<div class=\"elementor-column elementor-col-100 elementor-top-column elementor-element elementor-element-ed1344f\" data-id=\"ed1344f\" data-element_type=\"column\">\n\t\t\t<div class=\"elementor-widget-wrap elementor-element-populated\">\n\t\t\t\t\t\t<div class=\"elementor-element elementor-element-6fb3516 elementor-widget elementor-widget-text-editor\" data-id=\"6fb3516\" data-element_type=\"widget\" data-widget_type=\"text-editor.default\">\n\t\t\t\t<div class=\"elementor-widget-container\">\n\t\t\t\t\t\t\t\t\t<p>Pero esta no es una idea nueva, ni necesariamente o \u00fanicamente una cuesti\u00f3n de sostenibilidad. El cambio dentro de una organizaci\u00f3n solo puede ocurrir si el razonamiento y la l\u00f3gica del cambio est\u00e1n arraigados en cada persona. <\/p>\n<p>Es importante que las organizaciones entreguen dicha justificaci\u00f3n de manera adecuada desde abajo hacia arriba y sean capaces de explicar no solo por qu\u00e9 es importante el cambio, sino tambi\u00e9n <strong>c\u00f3mo el cambio puede traer un impacto tangible y positivo.<\/strong> Sin embargo, es importante comprender c\u00f3mo las narrativas para el cambio pueden diferir y probablemente difieran seg\u00fan el nivel dentro de la empresa. <\/p>\n\t\t\t\t\t\t\t\t<\/div>\n\t\t\t\t<\/div>\n\t\t\t\t\t<\/div>\n\t\t<\/div>\n\t\t\t\t\t<\/div>\n\t\t<\/section>\n\t\t\t\t<section class=\"elementor-section elementor-top-section elementor-element elementor-element-c94348d elementor-section-boxed elementor-section-height-default elementor-section-height-default\" data-id=\"c94348d\" data-element_type=\"section\">\n\t\t\t\t\t\t<div class=\"elementor-container elementor-column-gap-default\">\n\t\t\t\t\t<div class=\"elementor-column elementor-col-100 elementor-top-column elementor-element elementor-element-7a3f580\" data-id=\"7a3f580\" data-element_type=\"column\">\n\t\t\t<div class=\"elementor-widget-wrap elementor-element-populated\">\n\t\t\t\t\t\t<div class=\"elementor-element elementor-element-4960837 elementor-blockquote--skin-quotation elementor-blockquote--align-right elementor-widget elementor-widget-blockquote\" data-id=\"4960837\" data-element_type=\"widget\" data-widget_type=\"blockquote.default\">\n\t\t\t\t<div class=\"elementor-widget-container\">\n\t\t\t\t\t\t\t<blockquote class=\"elementor-blockquote\">\n\t\t\t<p class=\"elementor-blockquote__content\">\n\t\t\t\tEl cambio dentro de una organizaci\u00f3n solo puede ocurrir si el razonamiento y la l\u00f3gica del cambio est\u00e1n arraigados en cada persona. \t\t\t<\/p>\n\t\t\t\t\t<\/blockquote>\n\t\t\t\t\t\t<\/div>\n\t\t\t\t<\/div>\n\t\t\t\t\t<\/div>\n\t\t<\/div>\n\t\t\t\t\t<\/div>\n\t\t<\/section>\n\t\t\t\t<section class=\"elementor-section elementor-top-section elementor-element elementor-element-8eaa95f elementor-section-boxed elementor-section-height-default elementor-section-height-default\" data-id=\"8eaa95f\" data-element_type=\"section\">\n\t\t\t\t\t\t<div class=\"elementor-container elementor-column-gap-default\">\n\t\t\t\t\t<div class=\"elementor-column elementor-col-100 elementor-top-column elementor-element elementor-element-0c59408\" data-id=\"0c59408\" data-element_type=\"column\">\n\t\t\t<div class=\"elementor-widget-wrap elementor-element-populated\">\n\t\t\t\t\t\t<div class=\"elementor-element elementor-element-c97b8a5 e-transform elementor-widget elementor-widget-image\" data-id=\"c97b8a5\" data-element_type=\"widget\" data-settings=\"{&quot;_transform_scale_effect&quot;:{&quot;unit&quot;:&quot;px&quot;,&quot;size&quot;:0.6,&quot;sizes&quot;:[]},&quot;_transform_scale_effect_tablet&quot;:{&quot;unit&quot;:&quot;px&quot;,&quot;size&quot;:&quot;&quot;,&quot;sizes&quot;:[]},&quot;_transform_scale_effect_mobile&quot;:{&quot;unit&quot;:&quot;px&quot;,&quot;size&quot;:&quot;&quot;,&quot;sizes&quot;:[]}}\" data-widget_type=\"image.default\">\n\t\t\t\t<div class=\"elementor-widget-container\">\n\t\t\t\t\t\t\t\t\t\t\t\t\t\t\t<img decoding=\"async\" width=\"640\" height=\"434\" src=\"https:\/\/www.dogoodpeople.com\/wp-content\/uploads\/2023\/04\/pexels-arthouse-studio-4338015.jpg\" class=\"attachment-large size-large wp-image-19751\" alt=\"resilience thinking\" srcset=\"https:\/\/www.dogoodpeople.com\/wp-content\/uploads\/2023\/04\/pexels-arthouse-studio-4338015.jpg 640w, https:\/\/www.dogoodpeople.com\/wp-content\/uploads\/2023\/04\/pexels-arthouse-studio-4338015-300x203.jpg 300w\" sizes=\"(max-width: 640px) 100vw, 640px\" \/>\t\t\t\t\t\t\t\t\t\t\t\t\t\t\t<\/div>\n\t\t\t\t<\/div>\n\t\t\t\t\t<\/div>\n\t\t<\/div>\n\t\t\t\t\t<\/div>\n\t\t<\/section>\n\t\t\t\t<section class=\"elementor-section elementor-top-section elementor-element elementor-element-75e62c7 elementor-section-boxed elementor-section-height-default elementor-section-height-default\" data-id=\"75e62c7\" data-element_type=\"section\">\n\t\t\t\t\t\t<div class=\"elementor-container elementor-column-gap-default\">\n\t\t\t\t\t<div class=\"elementor-column elementor-col-100 elementor-top-column elementor-element elementor-element-9661b75\" data-id=\"9661b75\" data-element_type=\"column\">\n\t\t\t<div class=\"elementor-widget-wrap elementor-element-populated\">\n\t\t\t\t\t\t<div class=\"elementor-element elementor-element-616d6e0 elementor-widget elementor-widget-heading\" data-id=\"616d6e0\" data-element_type=\"widget\" data-widget_type=\"heading.default\">\n\t\t\t\t<div class=\"elementor-widget-container\">\n\t\t\t\t\t<h3 class=\"elementor-heading-title elementor-size-default\">Comunicar el cambio a trav\u00e9s de datos transparentes<\/h3>\t\t\t\t<\/div>\n\t\t\t\t<\/div>\n\t\t\t\t\t<\/div>\n\t\t<\/div>\n\t\t\t\t\t<\/div>\n\t\t<\/section>\n\t\t\t\t<section class=\"elementor-section elementor-top-section elementor-element elementor-element-8d271ce elementor-section-boxed elementor-section-height-default elementor-section-height-default\" data-id=\"8d271ce\" data-element_type=\"section\">\n\t\t\t\t\t\t<div class=\"elementor-container elementor-column-gap-default\">\n\t\t\t\t\t<div class=\"elementor-column elementor-col-100 elementor-top-column elementor-element elementor-element-1918766\" data-id=\"1918766\" data-element_type=\"column\">\n\t\t\t<div class=\"elementor-widget-wrap elementor-element-populated\">\n\t\t\t\t\t\t<div class=\"elementor-element elementor-element-1f85b4a elementor-widget elementor-widget-text-editor\" data-id=\"1f85b4a\" data-element_type=\"widget\" data-widget_type=\"text-editor.default\">\n\t\t\t\t<div class=\"elementor-widget-container\">\n\t\t\t\t\t\t\t\t\t<p>Como dicen, todos estamos juntos en esto, por lo que la comunicaci\u00f3n entre industrias, actores en la sociedad, partes interesadas, etc. es clave para comprender el progreso tanto como lo que puede estar bloque\u00e1ndolo. <\/p>\n<p>Pero la falta de datos perspicaces y transparentes puede socavar la sostenibilidad y otros elementos estrat\u00e9gicos de la empresa. <strong>Es la informaci\u00f3n y el intercambio de dicha informaci\u00f3n lo que puede permitir un liderazgo efectivo y una buena toma de decisiones,<\/strong> ya que permite a las organizaciones tener una visi\u00f3n hol\u00edstica. <\/p>\n<p>De lo contrario, todos estar\u00edamos trabajando en nuestras propias peque\u00f1as burbujas sin comprometernos con aquellos que pueden tener perspectivas diferentes, y quiz\u00e1s mejores, sobre temas tan importantes como la sostenibilidad.<\/p>\n\t\t\t\t\t\t\t\t<\/div>\n\t\t\t\t<\/div>\n\t\t\t\t\t<\/div>\n\t\t<\/div>\n\t\t\t\t\t<\/div>\n\t\t<\/section>\n\t\t\t\t<section class=\"elementor-section elementor-top-section elementor-element elementor-element-f310bb6 elementor-section-boxed elementor-section-height-default elementor-section-height-default\" data-id=\"f310bb6\" data-element_type=\"section\">\n\t\t\t\t\t\t<div class=\"elementor-container elementor-column-gap-default\">\n\t\t\t\t\t<div class=\"elementor-column elementor-col-100 elementor-top-column elementor-element elementor-element-b8b2a8f\" data-id=\"b8b2a8f\" data-element_type=\"column\">\n\t\t\t<div class=\"elementor-widget-wrap elementor-element-populated\">\n\t\t\t\t\t\t<div class=\"elementor-element elementor-element-aadf300 elementor-cta--skin-cover elementor-animated-content elementor-bg-transform elementor-bg-transform-zoom-in elementor-widget elementor-widget-call-to-action\" data-id=\"aadf300\" data-element_type=\"widget\" data-widget_type=\"call-to-action.default\">\n\t\t\t\t<div class=\"elementor-widget-container\">\n\t\t\t\t\t\t\t<div class=\"elementor-cta\">\n\t\t\t\t\t<div class=\"elementor-cta__bg-wrapper\">\n\t\t\t\t<div class=\"elementor-cta__bg elementor-bg\" style=\"background-image: url(https:\/\/www.dogoodpeople.com\/wp-content\/uploads\/2023\/04\/rsc-empresa-familiar-1024x682.jpg);\" role=\"img\" aria-label=\"rsc empresa familiar\"><\/div>\n\t\t\t\t<div class=\"elementor-cta__bg-overlay\"><\/div>\n\t\t\t<\/div>\n\t\t\t\t\t\t\t<div class=\"elementor-cta__content\">\n\t\t\t\t\n\t\t\t\t\t\t\t\t\t<h2 class=\"elementor-cta__title elementor-cta__content-item elementor-content-item elementor-animated-item--grow\">\n\t\t\t\t\t\tGu\u00eda de buen gobierno corporativo\t\t\t\t\t<\/h2>\n\t\t\t\t\n\t\t\t\t\t\t\t\t\t<div class=\"elementor-cta__description elementor-cta__content-item elementor-content-item elementor-animated-item--grow\">\n\t\t\t\t\t\t<p>Las oportunidades detr\u00e1s del buen gobierno corporativo: La G de ESG.<\/p>\n\t\t\t\t\t<\/div>\n\t\t\t\t\n\t\t\t\t\t\t\t\t\t<div class=\"elementor-cta__button-wrapper elementor-cta__content-item elementor-content-item elementor-animated-item--grow\">\n\t\t\t\t\t<a class=\"elementor-cta__button elementor-button elementor-size-xs\" href=\"https:\/\/www.dogoodpeople.com\/sdg-guides\/a-guide-to-good-corporate-governance\/\">\n\t\t\t\t\t\tDescargala aqu\u00ed\t\t\t\t\t<\/a>\n\t\t\t\t\t<\/div>\n\t\t\t\t\t\t\t<\/div>\n\t\t\t\t\t\t<\/div>\n\t\t\t\t\t\t<\/div>\n\t\t\t\t<\/div>\n\t\t\t\t\t<\/div>\n\t\t<\/div>\n\t\t\t\t\t<\/div>\n\t\t<\/section>\n\t\t\t\t<section class=\"elementor-section elementor-top-section elementor-element elementor-element-2b8317a elementor-section-boxed elementor-section-height-default elementor-section-height-default\" data-id=\"2b8317a\" data-element_type=\"section\">\n\t\t\t\t\t\t<div class=\"elementor-container elementor-column-gap-default\">\n\t\t\t\t\t<div class=\"elementor-column elementor-col-100 elementor-top-column elementor-element elementor-element-2a5fdd3\" data-id=\"2a5fdd3\" data-element_type=\"column\">\n\t\t\t<div class=\"elementor-widget-wrap elementor-element-populated\">\n\t\t\t\t\t\t<div class=\"elementor-element elementor-element-67fe017 elementor-widget elementor-widget-heading\" data-id=\"67fe017\" data-element_type=\"widget\" data-widget_type=\"heading.default\">\n\t\t\t\t<div class=\"elementor-widget-container\">\n\t\t\t\t\t<h4 class=\"elementor-heading-title elementor-size-default\">Involucra a los empleados en la estrategia de sostenibilidad<\/h4>\t\t\t\t<\/div>\n\t\t\t\t<\/div>\n\t\t\t\t\t<\/div>\n\t\t<\/div>\n\t\t\t\t\t<\/div>\n\t\t<\/section>\n\t\t\t\t<section class=\"elementor-section elementor-top-section elementor-element elementor-element-d116081 elementor-section-boxed elementor-section-height-default elementor-section-height-default\" data-id=\"d116081\" data-element_type=\"section\">\n\t\t\t\t\t\t<div class=\"elementor-container elementor-column-gap-default\">\n\t\t\t\t\t<div class=\"elementor-column elementor-col-100 elementor-top-column elementor-element elementor-element-6ff6140\" data-id=\"6ff6140\" data-element_type=\"column\">\n\t\t\t<div class=\"elementor-widget-wrap elementor-element-populated\">\n\t\t\t\t\t\t<div class=\"elementor-element elementor-element-9bfd0c8 elementor-widget elementor-widget-text-editor\" data-id=\"9bfd0c8\" data-element_type=\"widget\" data-widget_type=\"text-editor.default\">\n\t\t\t\t<div class=\"elementor-widget-container\">\n\t\t\t\t\t\t\t\t\t<p>En <a href=\"https:\/\/www.dogoodpeople.com\/es\/contacto\/\"><strong>DoGood<\/strong><\/a> creemos que trabajar colectivamente puede ayudarnos a encontrar aquello que por s\u00ed solo puede parecer inalcanzable o in\u00fatil y, en cambio, <strong>crear un af\u00e1n colectivo e individual por marcar la diferencia<\/strong>, tanto para la sostenibilidad y el prop\u00f3sito de la empresa como para una forma de ser m\u00e1s sostenible para todos los empleados. <\/p>\n<p>A trav\u00e9s de nuestra tecnolog\u00eda, ayudamos a las empresas a <b>establecer objetivos de impacto ESG para los empleados<\/b> con respecto a la estrategia de sostenibilidad de la empresa, activando y trazando el impacto de los empleados y creando un compromiso que se traduce en mejores m\u00e9tricas ESG, valor reputacional y un <strong>impacto positivo<\/strong> general para el medio ambiente y sociedad.<\/p>\n\t\t\t\t\t\t\t\t<\/div>\n\t\t\t\t<\/div>\n\t\t\t\t\t<\/div>\n\t\t<\/div>\n\t\t\t\t\t<\/div>\n\t\t<\/section>\n\t\t\t\t<\/div>\n\t\t","protected":false},"excerpt":{"rendered":"<p>La sostenibilidad solo ser\u00e1 efectiva si est\u00e1 profundamente arraigada en toda la organizaci\u00f3n; desde el [&hellip;]<\/p>\n","protected":false},"author":10,"featured_media":21056,"comment_status":"closed","ping_status":"closed","sticky":false,"template":"","format":"standard","meta":{"_acf_changed":false,"content-type":"","footnotes":""},"categories":[172],"tags":[],"class_list":["post-21073","post","type-post","status-publish","format-standard","has-post-thumbnail","hentry","category-cultura-sostenible"],"acf":[],"yoast_head":"<!-- This site is optimized with the Yoast SEO Premium plugin v25.8 (Yoast SEO v27.5) - https:\/\/yoast.com\/product\/yoast-seo-premium-wordpress\/ -->\n<title>C\u00f3mo adoptar una visi\u00f3n sostenible en toda la organizaci\u00f3n - DoGood People<\/title>\n<meta name=\"description\" content=\"Descubre las claves para implementar una visi\u00f3n de sostenibilidad en toda la organizaci\u00f3n y c\u00f3mo construir una cultura sostenible.\" \/>\n<meta name=\"robots\" content=\"index, follow, max-snippet:-1, max-image-preview:large, max-video-preview:-1\" \/>\n<link rel=\"canonical\" href=\"https:\/\/www.dogoodpeople.com\/es\/tendencias-rsc\/cultura-sostenible\/como-adoptar-una-vision-sostenible-en-toda-la-organizacion\/\" \/>\n<meta property=\"og:locale\" content=\"es_ES\" \/>\n<meta property=\"og:type\" content=\"article\" \/>\n<meta property=\"og:title\" content=\"C\u00f3mo adoptar una visi\u00f3n sostenible en toda la organizaci\u00f3n\" \/>\n<meta property=\"og:description\" content=\"Descubre las claves para implementar una visi\u00f3n de sostenibilidad en toda la organizaci\u00f3n y c\u00f3mo construir una cultura sostenible.\" \/>\n<meta property=\"og:url\" content=\"https:\/\/www.dogoodpeople.com\/es\/tendencias-rsc\/cultura-sostenible\/como-adoptar-una-vision-sostenible-en-toda-la-organizacion\/\" \/>\n<meta property=\"og:site_name\" content=\"DoGood People\" \/>\n<meta property=\"article:published_time\" content=\"2023-06-14T16:18:33+00:00\" \/>\n<meta property=\"article:modified_time\" content=\"2023-06-14T16:18:59+00:00\" \/>\n<meta property=\"og:image\" content=\"https:\/\/www.dogoodpeople.com\/wp-content\/uploads\/2023\/06\/pexels-ekaterina-bolovtsova-5036761.jpg\" \/>\n\t<meta property=\"og:image:width\" content=\"640\" \/>\n\t<meta property=\"og:image:height\" content=\"427\" \/>\n\t<meta property=\"og:image:type\" content=\"image\/jpeg\" \/>\n<meta name=\"author\" content=\"Natalia Mart\u00ednez\" \/>\n<meta name=\"twitter:card\" content=\"summary_large_image\" \/>\n<meta name=\"twitter:label1\" content=\"Escrito por\" \/>\n\t<meta name=\"twitter:data1\" content=\"Natalia Mart\u00ednez\" \/>\n\t<meta name=\"twitter:label2\" content=\"Tiempo de lectura\" \/>\n\t<meta name=\"twitter:data2\" content=\"6 minutos\" \/>\n<script type=\"application\/ld+json\" class=\"yoast-schema-graph\">{\"@context\":\"https:\\\/\\\/schema.org\",\"@graph\":[{\"@type\":\"Article\",\"@id\":\"https:\\\/\\\/www.dogoodpeople.com\\\/es\\\/tendencias-rsc\\\/cultura-sostenible\\\/como-adoptar-una-vision-sostenible-en-toda-la-organizacion\\\/#article\",\"isPartOf\":{\"@id\":\"https:\\\/\\\/www.dogoodpeople.com\\\/es\\\/tendencias-rsc\\\/cultura-sostenible\\\/como-adoptar-una-vision-sostenible-en-toda-la-organizacion\\\/\"},\"author\":{\"name\":\"Natalia Mart\u00ednez\",\"@id\":\"https:\\\/\\\/www.dogoodpeople.com\\\/es\\\/#\\\/schema\\\/person\\\/4f4fd41172bd8893ed23be07b6fccb3d\"},\"headline\":\"C\u00f3mo adoptar una visi\u00f3n sostenible en toda la organizaci\u00f3n\",\"datePublished\":\"2023-06-14T16:18:33+00:00\",\"dateModified\":\"2023-06-14T16:18:59+00:00\",\"mainEntityOfPage\":{\"@id\":\"https:\\\/\\\/www.dogoodpeople.com\\\/es\\\/tendencias-rsc\\\/cultura-sostenible\\\/como-adoptar-una-vision-sostenible-en-toda-la-organizacion\\\/\"},\"wordCount\":1055,\"publisher\":{\"@id\":\"https:\\\/\\\/www.dogoodpeople.com\\\/es\\\/#organization\"},\"image\":{\"@id\":\"https:\\\/\\\/www.dogoodpeople.com\\\/es\\\/tendencias-rsc\\\/cultura-sostenible\\\/como-adoptar-una-vision-sostenible-en-toda-la-organizacion\\\/#primaryimage\"},\"thumbnailUrl\":\"https:\\\/\\\/www.dogoodpeople.com\\\/wp-content\\\/uploads\\\/2023\\\/06\\\/pexels-ekaterina-bolovtsova-5036761.jpg\",\"articleSection\":[\"Cultura sostenible\"],\"inLanguage\":\"es\"},{\"@type\":\"WebPage\",\"@id\":\"https:\\\/\\\/www.dogoodpeople.com\\\/es\\\/tendencias-rsc\\\/cultura-sostenible\\\/como-adoptar-una-vision-sostenible-en-toda-la-organizacion\\\/\",\"url\":\"https:\\\/\\\/www.dogoodpeople.com\\\/es\\\/tendencias-rsc\\\/cultura-sostenible\\\/como-adoptar-una-vision-sostenible-en-toda-la-organizacion\\\/\",\"name\":\"C\u00f3mo adoptar una visi\u00f3n sostenible en toda la organizaci\u00f3n - DoGood People\",\"isPartOf\":{\"@id\":\"https:\\\/\\\/www.dogoodpeople.com\\\/es\\\/#website\"},\"primaryImageOfPage\":{\"@id\":\"https:\\\/\\\/www.dogoodpeople.com\\\/es\\\/tendencias-rsc\\\/cultura-sostenible\\\/como-adoptar-una-vision-sostenible-en-toda-la-organizacion\\\/#primaryimage\"},\"image\":{\"@id\":\"https:\\\/\\\/www.dogoodpeople.com\\\/es\\\/tendencias-rsc\\\/cultura-sostenible\\\/como-adoptar-una-vision-sostenible-en-toda-la-organizacion\\\/#primaryimage\"},\"thumbnailUrl\":\"https:\\\/\\\/www.dogoodpeople.com\\\/wp-content\\\/uploads\\\/2023\\\/06\\\/pexels-ekaterina-bolovtsova-5036761.jpg\",\"datePublished\":\"2023-06-14T16:18:33+00:00\",\"dateModified\":\"2023-06-14T16:18:59+00:00\",\"description\":\"Descubre las claves para implementar una visi\u00f3n de sostenibilidad en toda la organizaci\u00f3n y c\u00f3mo construir una cultura sostenible.\",\"breadcrumb\":{\"@id\":\"https:\\\/\\\/www.dogoodpeople.com\\\/es\\\/tendencias-rsc\\\/cultura-sostenible\\\/como-adoptar-una-vision-sostenible-en-toda-la-organizacion\\\/#breadcrumb\"},\"inLanguage\":\"es\",\"potentialAction\":[{\"@type\":\"ReadAction\",\"target\":[\"https:\\\/\\\/www.dogoodpeople.com\\\/es\\\/tendencias-rsc\\\/cultura-sostenible\\\/como-adoptar-una-vision-sostenible-en-toda-la-organizacion\\\/\"]}]},{\"@type\":\"ImageObject\",\"inLanguage\":\"es\",\"@id\":\"https:\\\/\\\/www.dogoodpeople.com\\\/es\\\/tendencias-rsc\\\/cultura-sostenible\\\/como-adoptar-una-vision-sostenible-en-toda-la-organizacion\\\/#primaryimage\",\"url\":\"https:\\\/\\\/www.dogoodpeople.com\\\/wp-content\\\/uploads\\\/2023\\\/06\\\/pexels-ekaterina-bolovtsova-5036761.jpg\",\"contentUrl\":\"https:\\\/\\\/www.dogoodpeople.com\\\/wp-content\\\/uploads\\\/2023\\\/06\\\/pexels-ekaterina-bolovtsova-5036761.jpg\",\"width\":640,\"height\":427,\"caption\":\"sustainability lenses\"},{\"@type\":\"BreadcrumbList\",\"@id\":\"https:\\\/\\\/www.dogoodpeople.com\\\/es\\\/tendencias-rsc\\\/cultura-sostenible\\\/como-adoptar-una-vision-sostenible-en-toda-la-organizacion\\\/#breadcrumb\",\"itemListElement\":[{\"@type\":\"ListItem\",\"position\":1,\"name\":\"Home\",\"item\":\"https:\\\/\\\/www.dogoodpeople.com\\\/es\\\/\"},{\"@type\":\"ListItem\",\"position\":2,\"name\":\"C\u00f3mo adoptar una visi\u00f3n sostenible en toda la organizaci\u00f3n\"}]},{\"@type\":\"WebSite\",\"@id\":\"https:\\\/\\\/www.dogoodpeople.com\\\/es\\\/#website\",\"url\":\"https:\\\/\\\/www.dogoodpeople.com\\\/es\\\/\",\"name\":\"DoGood People\",\"description\":\"Software para digitalizar el impacto ESG de los empleados y mejorar la reputaci\u00f3n sostenible de las empresas.\",\"publisher\":{\"@id\":\"https:\\\/\\\/www.dogoodpeople.com\\\/es\\\/#organization\"},\"alternateName\":\"DoGood\",\"potentialAction\":[{\"@type\":\"SearchAction\",\"target\":{\"@type\":\"EntryPoint\",\"urlTemplate\":\"https:\\\/\\\/www.dogoodpeople.com\\\/es\\\/?s={search_term_string}\"},\"query-input\":{\"@type\":\"PropertyValueSpecification\",\"valueRequired\":true,\"valueName\":\"search_term_string\"}}],\"inLanguage\":\"es\"},{\"@type\":\"Organization\",\"@id\":\"https:\\\/\\\/www.dogoodpeople.com\\\/es\\\/#organization\",\"name\":\"DoGood People\",\"url\":\"https:\\\/\\\/www.dogoodpeople.com\\\/es\\\/\",\"logo\":{\"@type\":\"ImageObject\",\"inLanguage\":\"es\",\"@id\":\"https:\\\/\\\/www.dogoodpeople.com\\\/es\\\/#\\\/schema\\\/logo\\\/image\\\/\",\"url\":\"https:\\\/\\\/www.dogoodpeople.com\\\/wp-content\\\/uploads\\\/2022\\\/09\\\/Logo-DoGood-people.png\",\"contentUrl\":\"https:\\\/\\\/www.dogoodpeople.com\\\/wp-content\\\/uploads\\\/2022\\\/09\\\/Logo-DoGood-people.png\",\"width\":400,\"height\":280,\"caption\":\"DoGood People\"},\"image\":{\"@id\":\"https:\\\/\\\/www.dogoodpeople.com\\\/es\\\/#\\\/schema\\\/logo\\\/image\\\/\"},\"sameAs\":[\"https:\\\/\\\/www.linkedin.com\\\/company\\\/dogood\\\/\",\"https:\\\/\\\/www.instagram.com\\\/dogood_people\\\/\"]},{\"@type\":\"Person\",\"@id\":\"https:\\\/\\\/www.dogoodpeople.com\\\/es\\\/#\\\/schema\\\/person\\\/4f4fd41172bd8893ed23be07b6fccb3d\",\"name\":\"Natalia Mart\u00ednez\"}]}<\/script>\n<!-- \/ Yoast SEO Premium plugin. -->","yoast_head_json":{"title":"C\u00f3mo adoptar una visi\u00f3n sostenible en toda la organizaci\u00f3n - DoGood People","description":"Descubre las claves para implementar una visi\u00f3n de sostenibilidad en toda la organizaci\u00f3n y c\u00f3mo construir una cultura sostenible.","robots":{"index":"index","follow":"follow","max-snippet":"max-snippet:-1","max-image-preview":"max-image-preview:large","max-video-preview":"max-video-preview:-1"},"canonical":"https:\/\/www.dogoodpeople.com\/es\/tendencias-rsc\/cultura-sostenible\/como-adoptar-una-vision-sostenible-en-toda-la-organizacion\/","og_locale":"es_ES","og_type":"article","og_title":"C\u00f3mo adoptar una visi\u00f3n sostenible en toda la organizaci\u00f3n","og_description":"Descubre las claves para implementar una visi\u00f3n de sostenibilidad en toda la organizaci\u00f3n y c\u00f3mo construir una cultura sostenible.","og_url":"https:\/\/www.dogoodpeople.com\/es\/tendencias-rsc\/cultura-sostenible\/como-adoptar-una-vision-sostenible-en-toda-la-organizacion\/","og_site_name":"DoGood People","article_published_time":"2023-06-14T16:18:33+00:00","article_modified_time":"2023-06-14T16:18:59+00:00","og_image":[{"width":640,"height":427,"url":"https:\/\/www.dogoodpeople.com\/wp-content\/uploads\/2023\/06\/pexels-ekaterina-bolovtsova-5036761.jpg","type":"image\/jpeg"}],"author":"Natalia Mart\u00ednez","twitter_card":"summary_large_image","twitter_misc":{"Escrito por":"Natalia Mart\u00ednez","Tiempo de lectura":"6 minutos"},"schema":{"@context":"https:\/\/schema.org","@graph":[{"@type":"Article","@id":"https:\/\/www.dogoodpeople.com\/es\/tendencias-rsc\/cultura-sostenible\/como-adoptar-una-vision-sostenible-en-toda-la-organizacion\/#article","isPartOf":{"@id":"https:\/\/www.dogoodpeople.com\/es\/tendencias-rsc\/cultura-sostenible\/como-adoptar-una-vision-sostenible-en-toda-la-organizacion\/"},"author":{"name":"Natalia Mart\u00ednez","@id":"https:\/\/www.dogoodpeople.com\/es\/#\/schema\/person\/4f4fd41172bd8893ed23be07b6fccb3d"},"headline":"C\u00f3mo adoptar una visi\u00f3n sostenible en toda la organizaci\u00f3n","datePublished":"2023-06-14T16:18:33+00:00","dateModified":"2023-06-14T16:18:59+00:00","mainEntityOfPage":{"@id":"https:\/\/www.dogoodpeople.com\/es\/tendencias-rsc\/cultura-sostenible\/como-adoptar-una-vision-sostenible-en-toda-la-organizacion\/"},"wordCount":1055,"publisher":{"@id":"https:\/\/www.dogoodpeople.com\/es\/#organization"},"image":{"@id":"https:\/\/www.dogoodpeople.com\/es\/tendencias-rsc\/cultura-sostenible\/como-adoptar-una-vision-sostenible-en-toda-la-organizacion\/#primaryimage"},"thumbnailUrl":"https:\/\/www.dogoodpeople.com\/wp-content\/uploads\/2023\/06\/pexels-ekaterina-bolovtsova-5036761.jpg","articleSection":["Cultura sostenible"],"inLanguage":"es"},{"@type":"WebPage","@id":"https:\/\/www.dogoodpeople.com\/es\/tendencias-rsc\/cultura-sostenible\/como-adoptar-una-vision-sostenible-en-toda-la-organizacion\/","url":"https:\/\/www.dogoodpeople.com\/es\/tendencias-rsc\/cultura-sostenible\/como-adoptar-una-vision-sostenible-en-toda-la-organizacion\/","name":"C\u00f3mo adoptar una visi\u00f3n sostenible en toda la organizaci\u00f3n - DoGood People","isPartOf":{"@id":"https:\/\/www.dogoodpeople.com\/es\/#website"},"primaryImageOfPage":{"@id":"https:\/\/www.dogoodpeople.com\/es\/tendencias-rsc\/cultura-sostenible\/como-adoptar-una-vision-sostenible-en-toda-la-organizacion\/#primaryimage"},"image":{"@id":"https:\/\/www.dogoodpeople.com\/es\/tendencias-rsc\/cultura-sostenible\/como-adoptar-una-vision-sostenible-en-toda-la-organizacion\/#primaryimage"},"thumbnailUrl":"https:\/\/www.dogoodpeople.com\/wp-content\/uploads\/2023\/06\/pexels-ekaterina-bolovtsova-5036761.jpg","datePublished":"2023-06-14T16:18:33+00:00","dateModified":"2023-06-14T16:18:59+00:00","description":"Descubre las claves para implementar una visi\u00f3n de sostenibilidad en toda la organizaci\u00f3n y c\u00f3mo construir una cultura sostenible.","breadcrumb":{"@id":"https:\/\/www.dogoodpeople.com\/es\/tendencias-rsc\/cultura-sostenible\/como-adoptar-una-vision-sostenible-en-toda-la-organizacion\/#breadcrumb"},"inLanguage":"es","potentialAction":[{"@type":"ReadAction","target":["https:\/\/www.dogoodpeople.com\/es\/tendencias-rsc\/cultura-sostenible\/como-adoptar-una-vision-sostenible-en-toda-la-organizacion\/"]}]},{"@type":"ImageObject","inLanguage":"es","@id":"https:\/\/www.dogoodpeople.com\/es\/tendencias-rsc\/cultura-sostenible\/como-adoptar-una-vision-sostenible-en-toda-la-organizacion\/#primaryimage","url":"https:\/\/www.dogoodpeople.com\/wp-content\/uploads\/2023\/06\/pexels-ekaterina-bolovtsova-5036761.jpg","contentUrl":"https:\/\/www.dogoodpeople.com\/wp-content\/uploads\/2023\/06\/pexels-ekaterina-bolovtsova-5036761.jpg","width":640,"height":427,"caption":"sustainability lenses"},{"@type":"BreadcrumbList","@id":"https:\/\/www.dogoodpeople.com\/es\/tendencias-rsc\/cultura-sostenible\/como-adoptar-una-vision-sostenible-en-toda-la-organizacion\/#breadcrumb","itemListElement":[{"@type":"ListItem","position":1,"name":"Home","item":"https:\/\/www.dogoodpeople.com\/es\/"},{"@type":"ListItem","position":2,"name":"C\u00f3mo adoptar una visi\u00f3n sostenible en toda la organizaci\u00f3n"}]},{"@type":"WebSite","@id":"https:\/\/www.dogoodpeople.com\/es\/#website","url":"https:\/\/www.dogoodpeople.com\/es\/","name":"DoGood People","description":"Software para digitalizar el impacto ESG de los empleados y mejorar la reputaci\u00f3n sostenible de las empresas.","publisher":{"@id":"https:\/\/www.dogoodpeople.com\/es\/#organization"},"alternateName":"DoGood","potentialAction":[{"@type":"SearchAction","target":{"@type":"EntryPoint","urlTemplate":"https:\/\/www.dogoodpeople.com\/es\/?s={search_term_string}"},"query-input":{"@type":"PropertyValueSpecification","valueRequired":true,"valueName":"search_term_string"}}],"inLanguage":"es"},{"@type":"Organization","@id":"https:\/\/www.dogoodpeople.com\/es\/#organization","name":"DoGood People","url":"https:\/\/www.dogoodpeople.com\/es\/","logo":{"@type":"ImageObject","inLanguage":"es","@id":"https:\/\/www.dogoodpeople.com\/es\/#\/schema\/logo\/image\/","url":"https:\/\/www.dogoodpeople.com\/wp-content\/uploads\/2022\/09\/Logo-DoGood-people.png","contentUrl":"https:\/\/www.dogoodpeople.com\/wp-content\/uploads\/2022\/09\/Logo-DoGood-people.png","width":400,"height":280,"caption":"DoGood People"},"image":{"@id":"https:\/\/www.dogoodpeople.com\/es\/#\/schema\/logo\/image\/"},"sameAs":["https:\/\/www.linkedin.com\/company\/dogood\/","https:\/\/www.instagram.com\/dogood_people\/"]},{"@type":"Person","@id":"https:\/\/www.dogoodpeople.com\/es\/#\/schema\/person\/4f4fd41172bd8893ed23be07b6fccb3d","name":"Natalia Mart\u00ednez"}]}},"_links":{"self":[{"href":"https:\/\/www.dogoodpeople.com\/es\/wp-json\/wp\/v2\/posts\/21073","targetHints":{"allow":["GET"]}}],"collection":[{"href":"https:\/\/www.dogoodpeople.com\/es\/wp-json\/wp\/v2\/posts"}],"about":[{"href":"https:\/\/www.dogoodpeople.com\/es\/wp-json\/wp\/v2\/types\/post"}],"author":[{"embeddable":true,"href":"https:\/\/www.dogoodpeople.com\/es\/wp-json\/wp\/v2\/users\/10"}],"replies":[{"embeddable":true,"href":"https:\/\/www.dogoodpeople.com\/es\/wp-json\/wp\/v2\/comments?post=21073"}],"version-history":[{"count":0,"href":"https:\/\/www.dogoodpeople.com\/es\/wp-json\/wp\/v2\/posts\/21073\/revisions"}],"wp:featuredmedia":[{"embeddable":true,"href":"https:\/\/www.dogoodpeople.com\/es\/wp-json\/wp\/v2\/media\/21056"}],"wp:attachment":[{"href":"https:\/\/www.dogoodpeople.com\/es\/wp-json\/wp\/v2\/media?parent=21073"}],"wp:term":[{"taxonomy":"category","embeddable":true,"href":"https:\/\/www.dogoodpeople.com\/es\/wp-json\/wp\/v2\/categories?post=21073"},{"taxonomy":"post_tag","embeddable":true,"href":"https:\/\/www.dogoodpeople.com\/es\/wp-json\/wp\/v2\/tags?post=21073"}],"curies":[{"name":"wp","href":"https:\/\/api.w.org\/{rel}","templated":true}]}}