{"id":20828,"date":"2023-05-25T09:13:54","date_gmt":"2023-05-25T07:13:54","guid":{"rendered":"https:\/\/www.dogoodpeople.com\/?p=20828"},"modified":"2023-05-25T09:15:26","modified_gmt":"2023-05-25T07:15:26","slug":"el-cambio-climatico-entre-las-principales-prioridades-del-talento-joven","status":"publish","type":"post","link":"https:\/\/www.dogoodpeople.com\/es\/tendencias-rsc\/cultura-sostenible\/recursos-humanos\/el-cambio-climatico-entre-las-principales-prioridades-del-talento-joven\/","title":{"rendered":"El cambio clim\u00e1tico entre las principales prioridades del talento joven"},"content":{"rendered":"\t\t<div data-elementor-type=\"wp-post\" data-elementor-id=\"20828\" class=\"elementor elementor-20828 elementor-20810\" data-elementor-post-type=\"post\">\n\t\t\t\t\t\t<section class=\"elementor-section elementor-top-section elementor-element elementor-element-e7a555c elementor-section-boxed elementor-section-height-default elementor-section-height-default\" data-id=\"e7a555c\" data-element_type=\"section\">\n\t\t\t\t\t\t<div class=\"elementor-container elementor-column-gap-default\">\n\t\t\t\t\t<div class=\"elementor-column elementor-col-100 elementor-top-column elementor-element elementor-element-e1c5345\" data-id=\"e1c5345\" data-element_type=\"column\">\n\t\t\t<div class=\"elementor-widget-wrap elementor-element-populated\">\n\t\t\t\t\t\t<div class=\"elementor-element elementor-element-98b055a elementor-widget elementor-widget-text-editor\" data-id=\"98b055a\" data-element_type=\"widget\" data-widget_type=\"text-editor.default\">\n\t\t\t\t<div class=\"elementor-widget-container\">\n\t\t\t\t\t\t\t\t\t<p><strong>Durante los \u00faltimos a\u00f1os, hemos visto en aumento la preocupaci\u00f3n por el planeta y la sostenibilidad como prioridades principales a la hora de buscar trabajo entre las generaciones m\u00e1s j\u00f3venes. Tales preocupaciones siguen aumentando y ahora se han convertido en una raz\u00f3n para incluso dejar sus trabajos.<\/strong><\/p>\n\t\t\t\t\t\t\t\t<\/div>\n\t\t\t\t<\/div>\n\t\t\t\t\t<\/div>\n\t\t<\/div>\n\t\t\t\t\t<\/div>\n\t\t<\/section>\n\t\t\t\t<section class=\"elementor-section elementor-top-section elementor-element elementor-element-db0c43d elementor-section-boxed elementor-section-height-default elementor-section-height-default\" data-id=\"db0c43d\" data-element_type=\"section\">\n\t\t\t\t\t\t<div class=\"elementor-container elementor-column-gap-default\">\n\t\t\t\t\t<div class=\"elementor-column elementor-col-100 elementor-top-column elementor-element elementor-element-374742f\" data-id=\"374742f\" data-element_type=\"column\">\n\t\t\t<div class=\"elementor-widget-wrap elementor-element-populated\">\n\t\t\t\t\t\t<div class=\"elementor-element elementor-element-f8126f7 elementor-widget elementor-widget-text-editor\" data-id=\"f8126f7\" data-element_type=\"widget\" data-widget_type=\"text-editor.default\">\n\t\t\t\t<div class=\"elementor-widget-container\">\n\t\t\t\t\t\t\t\t\t<p>Conceptos como la <strong><a href=\"https:\/\/www.dogoodpeople.com\/es\/tendencias-rsc\/accion-climatica\/que-es-la-ansiedad-climatica-y-como-podemos-gestionarla\/\">ansiedad clim\u00e1tica<\/a><\/strong> son relativamente nuevos en el mundo empresarial, e incluso la salud mental acaba de hacer una aparici\u00f3n algo importante en los lugares de trabajo, aunque todav\u00eda queda mucho camino por recorrer. <\/p>\n<p>Lo que esto nos muestra es una mirada cada vez m\u00e1s relevante sobre las preocupaciones clim\u00e1ticas y el estado de nuestro planeta y la sociedad cuando pensamos en ponernos a trabajar para una determinada empresa, considerando en gran medida el impacto que esta tiene sobre lo anterior.<\/p>\n<p>Preguntas como el estado de la estrategia de sostenibilidad de las empresas son ahora claves para muchos; especialmente las generaciones m\u00e1s j\u00f3venes que han sido <strong>testigos del deterioro de la biodiversidad y las estrategias de greenwashing de las empresas<\/strong> para barrer los asuntos debajo de la alfombra. <\/p>\n\t\t\t\t\t\t\t\t<\/div>\n\t\t\t\t<\/div>\n\t\t\t\t\t<\/div>\n\t\t<\/div>\n\t\t\t\t\t<\/div>\n\t\t<\/section>\n\t\t\t\t<section class=\"elementor-section elementor-top-section elementor-element elementor-element-35700bd elementor-section-boxed elementor-section-height-default elementor-section-height-default\" data-id=\"35700bd\" data-element_type=\"section\">\n\t\t\t\t\t\t<div class=\"elementor-container elementor-column-gap-default\">\n\t\t\t\t\t<div class=\"elementor-column elementor-col-100 elementor-top-column elementor-element elementor-element-04a7b9c\" data-id=\"04a7b9c\" data-element_type=\"column\">\n\t\t\t<div class=\"elementor-widget-wrap elementor-element-populated\">\n\t\t\t\t\t\t<div class=\"elementor-element elementor-element-3ac2c64 e-transform elementor-widget elementor-widget-image\" data-id=\"3ac2c64\" data-element_type=\"widget\" data-settings=\"{&quot;_transform_scale_effect&quot;:{&quot;unit&quot;:&quot;px&quot;,&quot;size&quot;:0.8,&quot;sizes&quot;:[]},&quot;_transform_scale_effect_tablet&quot;:{&quot;unit&quot;:&quot;px&quot;,&quot;size&quot;:&quot;&quot;,&quot;sizes&quot;:[]},&quot;_transform_scale_effect_mobile&quot;:{&quot;unit&quot;:&quot;px&quot;,&quot;size&quot;:&quot;&quot;,&quot;sizes&quot;:[]}}\" data-widget_type=\"image.default\">\n\t\t\t\t<div class=\"elementor-widget-container\">\n\t\t\t\t\t\t\t\t\t\t\t\t\t\t\t<img fetchpriority=\"high\" decoding=\"async\" width=\"640\" height=\"427\" src=\"https:\/\/www.dogoodpeople.com\/wp-content\/uploads\/2023\/05\/pexels-vincent-ma-janssen-2561628.jpg\" class=\"attachment-large size-large wp-image-20819\" alt=\"talent attraction\" srcset=\"https:\/\/www.dogoodpeople.com\/wp-content\/uploads\/2023\/05\/pexels-vincent-ma-janssen-2561628.jpg 640w, https:\/\/www.dogoodpeople.com\/wp-content\/uploads\/2023\/05\/pexels-vincent-ma-janssen-2561628-300x200.jpg 300w\" sizes=\"(max-width: 640px) 100vw, 640px\" \/>\t\t\t\t\t\t\t\t\t\t\t\t\t\t\t<\/div>\n\t\t\t\t<\/div>\n\t\t\t\t\t<\/div>\n\t\t<\/div>\n\t\t\t\t\t<\/div>\n\t\t<\/section>\n\t\t\t\t<section class=\"elementor-section elementor-top-section elementor-element elementor-element-2e1ac02 elementor-section-boxed elementor-section-height-default elementor-section-height-default\" data-id=\"2e1ac02\" data-element_type=\"section\">\n\t\t\t\t\t\t<div class=\"elementor-container elementor-column-gap-default\">\n\t\t\t\t\t<div class=\"elementor-column elementor-col-100 elementor-top-column elementor-element elementor-element-8d10de5\" data-id=\"8d10de5\" data-element_type=\"column\">\n\t\t\t<div class=\"elementor-widget-wrap elementor-element-populated\">\n\t\t\t\t\t\t<div class=\"elementor-element elementor-element-697999b elementor-widget elementor-widget-text-editor\" data-id=\"697999b\" data-element_type=\"widget\" data-widget_type=\"text-editor.default\">\n\t\t\t\t<div class=\"elementor-widget-container\">\n\t\t\t\t\t\t\t\t\t<p>Pero, \u00bfqu\u00e9 significa esto para las empresas hoy en d\u00eda? Significa que <strong>la atracci\u00f3n y retenci\u00f3n de talento est\u00e1n intr\u00ednsecamente ligadas a la sostenibilidad<\/strong> y al plan de acci\u00f3n y compromiso de la empresa para mitigar realmente el impacto negativo y ser parte del cambio. <\/p>\n\t\t\t\t\t\t\t\t<\/div>\n\t\t\t\t<\/div>\n\t\t\t\t\t<\/div>\n\t\t<\/div>\n\t\t\t\t\t<\/div>\n\t\t<\/section>\n\t\t\t\t<section class=\"elementor-section elementor-top-section elementor-element elementor-element-cf89db4 elementor-section-boxed elementor-section-height-default elementor-section-height-default\" data-id=\"cf89db4\" data-element_type=\"section\">\n\t\t\t\t\t\t<div class=\"elementor-container elementor-column-gap-default\">\n\t\t\t\t\t<div class=\"elementor-column elementor-col-100 elementor-top-column elementor-element elementor-element-9184c46\" data-id=\"9184c46\" data-element_type=\"column\">\n\t\t\t<div class=\"elementor-widget-wrap elementor-element-populated\">\n\t\t\t\t\t\t<div class=\"elementor-element elementor-element-a223e61 elementor-widget elementor-widget-heading\" data-id=\"a223e61\" data-element_type=\"widget\" data-widget_type=\"heading.default\">\n\t\t\t\t<div class=\"elementor-widget-container\">\n\t\t\t\t\t<h2 class=\"elementor-heading-title elementor-size-default\">El impacto de la sostenibilidad en la experiencia de los empleados<\/h2>\t\t\t\t<\/div>\n\t\t\t\t<\/div>\n\t\t\t\t\t<\/div>\n\t\t<\/div>\n\t\t\t\t\t<\/div>\n\t\t<\/section>\n\t\t\t\t<section class=\"elementor-section elementor-top-section elementor-element elementor-element-dfd5962 elementor-section-boxed elementor-section-height-default elementor-section-height-default\" data-id=\"dfd5962\" data-element_type=\"section\">\n\t\t\t\t\t\t<div class=\"elementor-container elementor-column-gap-default\">\n\t\t\t\t\t<div class=\"elementor-column elementor-col-100 elementor-top-column elementor-element elementor-element-1920261\" data-id=\"1920261\" data-element_type=\"column\">\n\t\t\t<div class=\"elementor-widget-wrap elementor-element-populated\">\n\t\t\t\t\t\t<div class=\"elementor-element elementor-element-e1e2492 elementor-widget elementor-widget-text-editor\" data-id=\"e1e2492\" data-element_type=\"widget\" data-widget_type=\"text-editor.default\">\n\t\t\t\t<div class=\"elementor-widget-container\">\n\t\t\t\t\t\t\t\t\t<p>Seg\u00fan <a href=\"https:\/\/www.esgtoday.com\/over-40-of-gen-z-millennials-would-switch-jobs-over-climate-concerns-deloitte-survey\/?\" target=\"_blank\" rel=\"noopener\">una investigaci\u00f3n reciente realizada por Deloitte<\/a>, m\u00e1s del 40% de la generaci\u00f3n Z y la generaci\u00f3n Millennial han cambiado de trabajo o industria debido a preocupaciones clim\u00e1ticas, o planean hacerlo en el futuro, lo que hace que la sostenibilidad sea una prioridad principal para los j\u00f3venes talentos. <\/p>\n<p>Las preocupaciones clim\u00e1ticas, as\u00ed como la sostenibilidad ambiental y social ya <strong>se han convertido en aspectos clave para la atracci\u00f3n y retenci\u00f3n de talento<\/strong>, y lo seguir\u00e1n siendo. <\/p>\n\t\t\t\t\t\t\t\t<\/div>\n\t\t\t\t<\/div>\n\t\t\t\t\t<\/div>\n\t\t<\/div>\n\t\t\t\t\t<\/div>\n\t\t<\/section>\n\t\t\t\t<section class=\"elementor-section elementor-top-section elementor-element elementor-element-9336d3c elementor-section-boxed elementor-section-height-default elementor-section-height-default\" data-id=\"9336d3c\" data-element_type=\"section\">\n\t\t\t\t\t\t<div class=\"elementor-container elementor-column-gap-default\">\n\t\t\t\t\t<div class=\"elementor-column elementor-col-100 elementor-top-column elementor-element elementor-element-8c1a5e5\" data-id=\"8c1a5e5\" data-element_type=\"column\">\n\t\t\t<div class=\"elementor-widget-wrap elementor-element-populated\">\n\t\t\t\t\t\t<div class=\"elementor-element elementor-element-94bc8f9 elementor-cta--skin-cover elementor-animated-content elementor-bg-transform elementor-bg-transform-zoom-in elementor-widget elementor-widget-call-to-action\" data-id=\"94bc8f9\" data-element_type=\"widget\" data-widget_type=\"call-to-action.default\">\n\t\t\t\t<div class=\"elementor-widget-container\">\n\t\t\t\t\t\t\t<div class=\"elementor-cta\">\n\t\t\t\t\t<div class=\"elementor-cta__bg-wrapper\">\n\t\t\t\t<div class=\"elementor-cta__bg elementor-bg\" style=\"background-image: url();\" role=\"img\" aria-label=\"\"><\/div>\n\t\t\t\t<div class=\"elementor-cta__bg-overlay\"><\/div>\n\t\t\t<\/div>\n\t\t\t\t\t\t\t<div class=\"elementor-cta__content\">\n\t\t\t\t\n\t\t\t\t\t\t\t\t\t<h2 class=\"elementor-cta__title elementor-cta__content-item elementor-content-item elementor-animated-item--grow\">\n\t\t\t\t\t\tInvolucra a los empleados en la estrategia de sostenibilidad\t\t\t\t\t<\/h2>\n\t\t\t\t\n\t\t\t\t\t\t\t\t\t<div class=\"elementor-cta__description elementor-cta__content-item elementor-content-item elementor-animated-item--grow\">\n\t\t\t\t\t\t<p>Descubre m\u00e1s sobre c\u00f3mo ayudamos a impulsar el engagement<\/p>\n\t\t\t\t\t<\/div>\n\t\t\t\t\n\t\t\t\t\t\t\t\t\t<div class=\"elementor-cta__button-wrapper elementor-cta__content-item elementor-content-item elementor-animated-item--grow\">\n\t\t\t\t\t<a class=\"elementor-cta__button elementor-button elementor-size-xs\" href=\"https:\/\/www.dogoodpeople.com\/es\/contacto\/\">\n\t\t\t\t\t\tCONTACTO\t\t\t\t\t<\/a>\n\t\t\t\t\t<\/div>\n\t\t\t\t\t\t\t<\/div>\n\t\t\t\t\t\t<\/div>\n\t\t\t\t\t\t<\/div>\n\t\t\t\t<\/div>\n\t\t\t\t\t<\/div>\n\t\t<\/div>\n\t\t\t\t\t<\/div>\n\t\t<\/section>\n\t\t\t\t<section class=\"elementor-section elementor-top-section elementor-element elementor-element-2f2b8f8 elementor-section-boxed elementor-section-height-default elementor-section-height-default\" data-id=\"2f2b8f8\" data-element_type=\"section\">\n\t\t\t\t\t\t<div class=\"elementor-container elementor-column-gap-default\">\n\t\t\t\t\t<div class=\"elementor-column elementor-col-100 elementor-top-column elementor-element elementor-element-73e8b05\" data-id=\"73e8b05\" data-element_type=\"column\">\n\t\t\t<div class=\"elementor-widget-wrap elementor-element-populated\">\n\t\t\t\t\t\t<div class=\"elementor-element elementor-element-f5eb709 elementor-widget elementor-widget-text-editor\" data-id=\"f5eb709\" data-element_type=\"widget\" data-widget_type=\"text-editor.default\">\n\t\t\t\t<div class=\"elementor-widget-container\">\n\t\t\t\t\t\t\t\t\t<p>De hecho, son las generaciones m\u00e1s j\u00f3venes las que actualmente se encuentran entre los actores m\u00e1s relevantes a la hora de <strong>definir tendencias empresariales y laborales.<\/strong> Al fin y al cabo, los Millennials, es decir, los nacidos entre 1981 y 1996 suman <a href=\"https:\/\/gettalkative.com\/info\/millennials-vs-gen-z-infographic#:~:text=A%20Millennial%20refers%20to%20anyone%20born%20between%201981%20and%201996.&amp;text=That%20equates%20to%20roughly%2023%25%20of%20the%20global%20population.\" target=\"_blank\" rel=\"noopener\">el 23% de la poblaci\u00f3n mundial<\/a>, mientras que sus hom\u00f3logos m\u00e1s j\u00f3venes, la Generaci\u00f3n Z, nacidos entre 1997 y 2012 <a href=\"https:\/\/gettalkative.com\/info\/millennials-vs-gen-z-infographic#:~:text=A%20Millennial%20refers%20to%20anyone%20born%20between%201981%20and%201996.&amp;text=That%20equates%20to%20roughly%2023%25%20of%20the%20global%20population.\" target=\"_blank\" rel=\"noopener\">suman el 32% de la poblaci\u00f3n mundial.<\/a> <\/p>\n<p>Con la mayor\u00eda de ellos en el mercado laboral y otros en camino, las necesidades y preocupaciones de estas generaciones no deber\u00edan pasar desapercibidas para las empresas si quieren tener experiencias de empleados exitosas que ayuden a atraer y retener talento. <\/p>\n\t\t\t\t\t\t\t\t<\/div>\n\t\t\t\t<\/div>\n\t\t\t\t\t<\/div>\n\t\t<\/div>\n\t\t\t\t\t<\/div>\n\t\t<\/section>\n\t\t\t\t<section class=\"elementor-section elementor-top-section elementor-element elementor-element-b938340 elementor-section-boxed elementor-section-height-default elementor-section-height-default\" data-id=\"b938340\" data-element_type=\"section\">\n\t\t\t\t\t\t<div class=\"elementor-container elementor-column-gap-default\">\n\t\t\t\t\t<div class=\"elementor-column elementor-col-100 elementor-top-column elementor-element elementor-element-7ede8f8\" data-id=\"7ede8f8\" data-element_type=\"column\">\n\t\t\t<div class=\"elementor-widget-wrap elementor-element-populated\">\n\t\t\t\t\t\t<div class=\"elementor-element elementor-element-cab46c4 elementor-widget elementor-widget-heading\" data-id=\"cab46c4\" data-element_type=\"widget\" data-widget_type=\"heading.default\">\n\t\t\t\t<div class=\"elementor-widget-container\">\n\t\t\t\t\t<h3 class=\"elementor-heading-title elementor-size-default\">La sostenibilidad ya no es una opci\u00f3n<\/h3>\t\t\t\t<\/div>\n\t\t\t\t<\/div>\n\t\t\t\t\t<\/div>\n\t\t<\/div>\n\t\t\t\t\t<\/div>\n\t\t<\/section>\n\t\t\t\t<section class=\"elementor-section elementor-top-section elementor-element elementor-element-eaed673 elementor-section-boxed elementor-section-height-default elementor-section-height-default\" data-id=\"eaed673\" data-element_type=\"section\">\n\t\t\t\t\t\t<div class=\"elementor-container elementor-column-gap-default\">\n\t\t\t\t\t<div class=\"elementor-column elementor-col-100 elementor-top-column elementor-element elementor-element-3468fb8\" data-id=\"3468fb8\" data-element_type=\"column\">\n\t\t\t<div class=\"elementor-widget-wrap elementor-element-populated\">\n\t\t\t\t\t\t<div class=\"elementor-element elementor-element-40df6ff elementor-widget elementor-widget-text-editor\" data-id=\"40df6ff\" data-element_type=\"widget\" data-widget_type=\"text-editor.default\">\n\t\t\t\t<div class=\"elementor-widget-container\">\n\t\t\t\t\t\t\t\t\t<p>La preocupaci\u00f3n individual de la sociedad por el medio ambiente y el estado del impacto empresarial va m\u00e1s all\u00e1 de tomar decisiones personales del d\u00eda a d\u00eda como reciclar, reducir el consumo o comprar de forma m\u00e1s consciente. Lo m\u00e1s probable es que, aquello que preocupe a las personas en sus vidas tambi\u00e9n lo traer\u00e1n al trabajo. <\/p>\n\t\t\t\t\t\t\t\t<\/div>\n\t\t\t\t<\/div>\n\t\t\t\t\t<\/div>\n\t\t<\/div>\n\t\t\t\t\t<\/div>\n\t\t<\/section>\n\t\t\t\t<section class=\"elementor-section elementor-top-section elementor-element elementor-element-d46585b elementor-section-boxed elementor-section-height-default elementor-section-height-default\" data-id=\"d46585b\" data-element_type=\"section\">\n\t\t\t\t\t\t<div class=\"elementor-container elementor-column-gap-default\">\n\t\t\t\t\t<div class=\"elementor-column elementor-col-100 elementor-top-column elementor-element elementor-element-4cd2a7e\" data-id=\"4cd2a7e\" data-element_type=\"column\">\n\t\t\t<div class=\"elementor-widget-wrap elementor-element-populated\">\n\t\t\t\t\t\t<div class=\"elementor-element elementor-element-d5c2e5f e-transform elementor-widget elementor-widget-image\" data-id=\"d5c2e5f\" data-element_type=\"widget\" data-settings=\"{&quot;_transform_scale_effect&quot;:{&quot;unit&quot;:&quot;px&quot;,&quot;size&quot;:0.7,&quot;sizes&quot;:[]},&quot;_transform_scale_effect_tablet&quot;:{&quot;unit&quot;:&quot;px&quot;,&quot;size&quot;:&quot;&quot;,&quot;sizes&quot;:[]},&quot;_transform_scale_effect_mobile&quot;:{&quot;unit&quot;:&quot;px&quot;,&quot;size&quot;:&quot;&quot;,&quot;sizes&quot;:[]}}\" data-widget_type=\"image.default\">\n\t\t\t\t<div class=\"elementor-widget-container\">\n\t\t\t\t\t\t\t\t\t\t\t\t\t\t\t<img decoding=\"async\" width=\"640\" height=\"427\" src=\"https:\/\/www.dogoodpeople.com\/wp-content\/uploads\/2023\/05\/pexels-karolina-grabowska-4498091.jpg\" class=\"attachment-large size-large wp-image-20823\" alt=\"talent attraction\" srcset=\"https:\/\/www.dogoodpeople.com\/wp-content\/uploads\/2023\/05\/pexels-karolina-grabowska-4498091.jpg 640w, https:\/\/www.dogoodpeople.com\/wp-content\/uploads\/2023\/05\/pexels-karolina-grabowska-4498091-300x200.jpg 300w\" sizes=\"(max-width: 640px) 100vw, 640px\" \/>\t\t\t\t\t\t\t\t\t\t\t\t\t\t\t<\/div>\n\t\t\t\t<\/div>\n\t\t\t\t\t<\/div>\n\t\t<\/div>\n\t\t\t\t\t<\/div>\n\t\t<\/section>\n\t\t\t\t<section class=\"elementor-section elementor-top-section elementor-element elementor-element-2ead23c elementor-section-boxed elementor-section-height-default elementor-section-height-default\" data-id=\"2ead23c\" data-element_type=\"section\">\n\t\t\t\t\t\t<div class=\"elementor-container elementor-column-gap-default\">\n\t\t\t\t\t<div class=\"elementor-column elementor-col-100 elementor-top-column elementor-element elementor-element-2eeb3b0\" data-id=\"2eeb3b0\" data-element_type=\"column\">\n\t\t\t<div class=\"elementor-widget-wrap elementor-element-populated\">\n\t\t\t\t\t\t<div class=\"elementor-element elementor-element-9c922d8 elementor-widget elementor-widget-text-editor\" data-id=\"9c922d8\" data-element_type=\"widget\" data-widget_type=\"text-editor.default\">\n\t\t\t\t<div class=\"elementor-widget-container\">\n\t\t\t\t\t\t\t\t\t<p>Para <a href=\"https:\/\/gettalkative.com\/info\/millennials-vs-gen-z-infographic#:~:text=A%20Millennial%20refers%20to%20anyone%20born%20between%201981%20and%201996.&amp;text=That%20equates%20to%20roughly%2023%25%20of%20the%20global%20population.\" target=\"_blank\" rel=\"noopener\">el 55% de los encuestados por Deloitt<\/a>e, tal preocupaci\u00f3n por el medio ambiente significa buscar activamente negocios y marcas con una buena reputaci\u00f3n y desempe\u00f1o en sostenibilidad antes de solicitar o aceptar una oferta de trabajo. Y para un asombroso 40%, como hemos mencionado antes, significa cambiar de trabajo. <\/p>\n<p>La presi\u00f3n por cambiar es m\u00e1s grande que nunca. <strong>Las empresas y organizaciones deben intensificar sus preocupaciones sobre la sostenibilidad,<\/strong> por m\u00faltiples razones, desde proteger el planeta del que obtienen los recursos, hasta garantizar un sustento sostenible para el futuro y mantener cerca a las personas que ayudan a hacer crecer la organizaci\u00f3n.<\/p>\n\t\t\t\t\t\t\t\t<\/div>\n\t\t\t\t<\/div>\n\t\t\t\t\t<\/div>\n\t\t<\/div>\n\t\t\t\t\t<\/div>\n\t\t<\/section>\n\t\t\t\t<section class=\"elementor-section elementor-top-section elementor-element elementor-element-292903b elementor-section-boxed elementor-section-height-default elementor-section-height-default\" data-id=\"292903b\" data-element_type=\"section\">\n\t\t\t\t\t\t<div class=\"elementor-container elementor-column-gap-default\">\n\t\t\t\t\t<div class=\"elementor-column elementor-col-100 elementor-top-column elementor-element elementor-element-7a0a2a0\" data-id=\"7a0a2a0\" data-element_type=\"column\">\n\t\t\t<div class=\"elementor-widget-wrap elementor-element-populated\">\n\t\t\t\t\t\t<div class=\"elementor-element elementor-element-b33c78b elementor-widget elementor-widget-heading\" data-id=\"b33c78b\" data-element_type=\"widget\" data-widget_type=\"heading.default\">\n\t\t\t\t<div class=\"elementor-widget-container\">\n\t\t\t\t\t<h4 class=\"elementor-heading-title elementor-size-default\">Hacer de los empleados parte activa de la estrategia de sostenibilidad<\/h4>\t\t\t\t<\/div>\n\t\t\t\t<\/div>\n\t\t\t\t\t<\/div>\n\t\t<\/div>\n\t\t\t\t\t<\/div>\n\t\t<\/section>\n\t\t\t\t<section class=\"elementor-section elementor-top-section elementor-element elementor-element-f27f412 elementor-section-boxed elementor-section-height-default elementor-section-height-default\" data-id=\"f27f412\" data-element_type=\"section\">\n\t\t\t\t\t\t<div class=\"elementor-container elementor-column-gap-default\">\n\t\t\t\t\t<div class=\"elementor-column elementor-col-100 elementor-top-column elementor-element elementor-element-a7f8107\" data-id=\"a7f8107\" data-element_type=\"column\">\n\t\t\t<div class=\"elementor-widget-wrap elementor-element-populated\">\n\t\t\t\t\t\t<div class=\"elementor-element elementor-element-4df4008 elementor-widget elementor-widget-text-editor\" data-id=\"4df4008\" data-element_type=\"widget\" data-widget_type=\"text-editor.default\">\n\t\t\t\t<div class=\"elementor-widget-container\">\n\t\t\t\t\t\t\t\t\t<p>La sostenibilidad es imprescindible para la mayor\u00eda de los trabajadores hoy en d\u00eda, y seguir\u00e1 si\u00e9ndolo a medida que los empleados m\u00e1s j\u00f3venes comiencen a ingresar en el mercado laboral. Pero lejos de ser indiferentes a la participaci\u00f3n en esfuerzos sostenibles, las personas buscan la oportunidad de participar activamente y <strong>encontrar el prop\u00f3sito de tener un impacto positivo<\/strong> a trav\u00e9s de su trabajo. <\/p>\n\t\t\t\t\t\t\t\t<\/div>\n\t\t\t\t<\/div>\n\t\t\t\t\t<\/div>\n\t\t<\/div>\n\t\t\t\t\t<\/div>\n\t\t<\/section>\n\t\t\t\t<section class=\"elementor-section elementor-top-section elementor-element elementor-element-47dd0b2 elementor-section-boxed elementor-section-height-default elementor-section-height-default\" data-id=\"47dd0b2\" data-element_type=\"section\">\n\t\t\t\t\t\t<div class=\"elementor-container elementor-column-gap-default\">\n\t\t\t\t\t<div class=\"elementor-column elementor-col-100 elementor-top-column elementor-element elementor-element-ca6a837\" data-id=\"ca6a837\" data-element_type=\"column\">\n\t\t\t<div class=\"elementor-widget-wrap elementor-element-populated\">\n\t\t\t\t\t\t<div class=\"elementor-element elementor-element-bc23fd7 elementor-cta--skin-cover elementor-animated-content elementor-bg-transform elementor-bg-transform-zoom-in elementor-widget elementor-widget-call-to-action\" data-id=\"bc23fd7\" data-element_type=\"widget\" data-widget_type=\"call-to-action.default\">\n\t\t\t\t<div class=\"elementor-widget-container\">\n\t\t\t\t\t\t\t<div class=\"elementor-cta\">\n\t\t\t\t\t<div class=\"elementor-cta__bg-wrapper\">\n\t\t\t\t<div class=\"elementor-cta__bg elementor-bg\" style=\"background-image: url(https:\/\/www.dogoodpeople.com\/wp-content\/uploads\/2023\/04\/pexels-porapak-apichodilok-346885.jpg);\" role=\"img\" aria-label=\"employer branding\"><\/div>\n\t\t\t\t<div class=\"elementor-cta__bg-overlay\"><\/div>\n\t\t\t<\/div>\n\t\t\t\t\t\t\t<div class=\"elementor-cta__content\">\n\t\t\t\t\n\t\t\t\t\t\t\t\t\t<h2 class=\"elementor-cta__title elementor-cta__content-item elementor-content-item elementor-animated-item--grow\">\n\t\t\t\t\t\tGu\u00eda para crear una cultura de sostenibilidad\t\t\t\t\t<\/h2>\n\t\t\t\t\n\t\t\t\t\t\t\t\t\t<div class=\"elementor-cta__description elementor-cta__content-item elementor-content-item elementor-animated-item--grow\">\n\t\t\t\t\t\t<p>\u00bfC\u00f3mo podemos empezar a construir una cultura sostenible transversalmente en la empresa?<\/p>\n\t\t\t\t\t<\/div>\n\t\t\t\t\n\t\t\t\t\t\t\t\t\t<div class=\"elementor-cta__button-wrapper elementor-cta__content-item elementor-content-item elementor-animated-item--grow\">\n\t\t\t\t\t<a class=\"elementor-cta__button elementor-button elementor-size-xs\" href=\"https:\/\/www.dogoodpeople.com\/sdg-guides\/guide-for-building-a-sustainability-culture\/\">\n\t\t\t\t\t\tDesc\u00e1rgala aqu\u00ed\t\t\t\t\t<\/a>\n\t\t\t\t\t<\/div>\n\t\t\t\t\t\t\t<\/div>\n\t\t\t\t\t\t<\/div>\n\t\t\t\t\t\t<\/div>\n\t\t\t\t<\/div>\n\t\t\t\t\t<\/div>\n\t\t<\/div>\n\t\t\t\t\t<\/div>\n\t\t<\/section>\n\t\t\t\t<section class=\"elementor-section elementor-top-section elementor-element elementor-element-4267f22 elementor-section-boxed elementor-section-height-default elementor-section-height-default\" data-id=\"4267f22\" data-element_type=\"section\">\n\t\t\t\t\t\t<div class=\"elementor-container elementor-column-gap-default\">\n\t\t\t\t\t<div class=\"elementor-column elementor-col-100 elementor-top-column elementor-element elementor-element-13f4954\" data-id=\"13f4954\" data-element_type=\"column\">\n\t\t\t<div class=\"elementor-widget-wrap elementor-element-populated\">\n\t\t\t\t\t\t<div class=\"elementor-element elementor-element-deabf71 elementor-widget elementor-widget-text-editor\" data-id=\"deabf71\" data-element_type=\"widget\" data-widget_type=\"text-editor.default\">\n\t\t\t\t<div class=\"elementor-widget-container\">\n\t\t\t\t\t\t\t\t\t<p>En <strong>DoGood<\/strong> creemos que el trabajo colectivo puede ayudarnos a encontrar aquello que por s\u00ed solo puede parecer inalcanzable o in\u00fatil. Por eso creemos que <strong>el lugar de trabajo es el entorno perfecto para encontrar ese af\u00e1n colectivo de marcar la diferencia<\/strong>, tanto por la sostenibilidad y prop\u00f3sito de la empresa como por una forma de ser m\u00e1s sostenible para todos.<\/p>\n<p>Mediante nuestra tecnolog\u00eda somos capaces de activar y trazar el impacto de los empleados ayudando a crear mayor involucraci\u00f3n, mejores m\u00e9tricas ESG, valor reputacional y un <strong>impacto positivo<\/strong> para el planeta y la sociedad.<\/p>\n\t\t\t\t\t\t\t\t<\/div>\n\t\t\t\t<\/div>\n\t\t\t\t\t<\/div>\n\t\t<\/div>\n\t\t\t\t\t<\/div>\n\t\t<\/section>\n\t\t\t\t<\/div>\n\t\t","protected":false},"excerpt":{"rendered":"<p>Durante los \u00faltimos a\u00f1os, hemos visto en aumento la preocupaci\u00f3n por el planeta y la [&hellip;]<\/p>\n","protected":false},"author":10,"featured_media":20814,"comment_status":"closed","ping_status":"closed","sticky":false,"template":"","format":"standard","meta":{"_acf_changed":false,"content-type":"","footnotes":""},"categories":[175],"tags":[],"class_list":["post-20828","post","type-post","status-publish","format-standard","has-post-thumbnail","hentry","category-recursos-humanos"],"acf":[],"yoast_head":"<!-- This site is optimized with the Yoast SEO Premium plugin v25.8 (Yoast SEO v27.5) - https:\/\/yoast.com\/product\/yoast-seo-premium-wordpress\/ -->\n<title>El cambio clim\u00e1tico entre las principales prioridades del talento joven - DoGood People<\/title>\n<meta name=\"description\" content=\"Investigaciones muestran c\u00f3mo los j\u00f3venes priorizan las preocupaciones clim\u00e1ticas a la hora de buscar trabajo. \u00bfQu\u00e9 significa esto para las empresas?\" \/>\n<meta name=\"robots\" content=\"index, follow, max-snippet:-1, max-image-preview:large, max-video-preview:-1\" \/>\n<link rel=\"canonical\" href=\"https:\/\/www.dogoodpeople.com\/es\/tendencias-rsc\/cultura-sostenible\/recursos-humanos\/el-cambio-climatico-entre-las-principales-prioridades-del-talento-joven\/\" \/>\n<meta property=\"og:locale\" content=\"es_ES\" \/>\n<meta property=\"og:type\" content=\"article\" \/>\n<meta property=\"og:title\" content=\"El cambio clim\u00e1tico entre las principales prioridades del talento joven\" \/>\n<meta property=\"og:description\" content=\"Investigaciones muestran c\u00f3mo los j\u00f3venes priorizan las preocupaciones clim\u00e1ticas a la hora de buscar trabajo. \u00bfQu\u00e9 significa esto para las empresas?\" \/>\n<meta property=\"og:url\" content=\"https:\/\/www.dogoodpeople.com\/es\/tendencias-rsc\/cultura-sostenible\/recursos-humanos\/el-cambio-climatico-entre-las-principales-prioridades-del-talento-joven\/\" \/>\n<meta property=\"og:site_name\" content=\"DoGood People\" \/>\n<meta property=\"article:published_time\" content=\"2023-05-25T07:13:54+00:00\" \/>\n<meta property=\"article:modified_time\" content=\"2023-05-25T07:15:26+00:00\" \/>\n<meta property=\"og:image\" content=\"https:\/\/www.dogoodpeople.com\/wp-content\/uploads\/2023\/05\/pexels-pavel-danilyuk-6340689.jpg\" \/>\n\t<meta property=\"og:image:width\" content=\"640\" \/>\n\t<meta property=\"og:image:height\" content=\"427\" \/>\n\t<meta property=\"og:image:type\" content=\"image\/jpeg\" \/>\n<meta name=\"author\" content=\"Natalia Mart\u00ednez\" \/>\n<meta name=\"twitter:card\" content=\"summary_large_image\" \/>\n<meta name=\"twitter:label1\" content=\"Escrito por\" \/>\n\t<meta name=\"twitter:data1\" content=\"Natalia Mart\u00ednez\" \/>\n\t<meta name=\"twitter:label2\" content=\"Tiempo de lectura\" \/>\n\t<meta name=\"twitter:data2\" content=\"4 minutos\" \/>\n<script type=\"application\/ld+json\" class=\"yoast-schema-graph\">{\"@context\":\"https:\\\/\\\/schema.org\",\"@graph\":[{\"@type\":\"Article\",\"@id\":\"https:\\\/\\\/www.dogoodpeople.com\\\/es\\\/tendencias-rsc\\\/cultura-sostenible\\\/recursos-humanos\\\/el-cambio-climatico-entre-las-principales-prioridades-del-talento-joven\\\/#article\",\"isPartOf\":{\"@id\":\"https:\\\/\\\/www.dogoodpeople.com\\\/es\\\/tendencias-rsc\\\/cultura-sostenible\\\/recursos-humanos\\\/el-cambio-climatico-entre-las-principales-prioridades-del-talento-joven\\\/\"},\"author\":{\"name\":\"Natalia Mart\u00ednez\",\"@id\":\"https:\\\/\\\/www.dogoodpeople.com\\\/es\\\/#\\\/schema\\\/person\\\/4f4fd41172bd8893ed23be07b6fccb3d\"},\"headline\":\"El cambio clim\u00e1tico entre las principales prioridades del talento joven\",\"datePublished\":\"2023-05-25T07:13:54+00:00\",\"dateModified\":\"2023-05-25T07:15:26+00:00\",\"mainEntityOfPage\":{\"@id\":\"https:\\\/\\\/www.dogoodpeople.com\\\/es\\\/tendencias-rsc\\\/cultura-sostenible\\\/recursos-humanos\\\/el-cambio-climatico-entre-las-principales-prioridades-del-talento-joven\\\/\"},\"wordCount\":874,\"publisher\":{\"@id\":\"https:\\\/\\\/www.dogoodpeople.com\\\/es\\\/#organization\"},\"image\":{\"@id\":\"https:\\\/\\\/www.dogoodpeople.com\\\/es\\\/tendencias-rsc\\\/cultura-sostenible\\\/recursos-humanos\\\/el-cambio-climatico-entre-las-principales-prioridades-del-talento-joven\\\/#primaryimage\"},\"thumbnailUrl\":\"https:\\\/\\\/www.dogoodpeople.com\\\/wp-content\\\/uploads\\\/2023\\\/05\\\/pexels-pavel-danilyuk-6340689.jpg\",\"articleSection\":[\"Recursos Humanos\"],\"inLanguage\":\"es\"},{\"@type\":\"WebPage\",\"@id\":\"https:\\\/\\\/www.dogoodpeople.com\\\/es\\\/tendencias-rsc\\\/cultura-sostenible\\\/recursos-humanos\\\/el-cambio-climatico-entre-las-principales-prioridades-del-talento-joven\\\/\",\"url\":\"https:\\\/\\\/www.dogoodpeople.com\\\/es\\\/tendencias-rsc\\\/cultura-sostenible\\\/recursos-humanos\\\/el-cambio-climatico-entre-las-principales-prioridades-del-talento-joven\\\/\",\"name\":\"El cambio clim\u00e1tico entre las principales prioridades del talento joven - DoGood People\",\"isPartOf\":{\"@id\":\"https:\\\/\\\/www.dogoodpeople.com\\\/es\\\/#website\"},\"primaryImageOfPage\":{\"@id\":\"https:\\\/\\\/www.dogoodpeople.com\\\/es\\\/tendencias-rsc\\\/cultura-sostenible\\\/recursos-humanos\\\/el-cambio-climatico-entre-las-principales-prioridades-del-talento-joven\\\/#primaryimage\"},\"image\":{\"@id\":\"https:\\\/\\\/www.dogoodpeople.com\\\/es\\\/tendencias-rsc\\\/cultura-sostenible\\\/recursos-humanos\\\/el-cambio-climatico-entre-las-principales-prioridades-del-talento-joven\\\/#primaryimage\"},\"thumbnailUrl\":\"https:\\\/\\\/www.dogoodpeople.com\\\/wp-content\\\/uploads\\\/2023\\\/05\\\/pexels-pavel-danilyuk-6340689.jpg\",\"datePublished\":\"2023-05-25T07:13:54+00:00\",\"dateModified\":\"2023-05-25T07:15:26+00:00\",\"description\":\"Investigaciones muestran c\u00f3mo los j\u00f3venes priorizan las preocupaciones clim\u00e1ticas a la hora de buscar trabajo. \u00bfQu\u00e9 significa esto para las empresas?\",\"breadcrumb\":{\"@id\":\"https:\\\/\\\/www.dogoodpeople.com\\\/es\\\/tendencias-rsc\\\/cultura-sostenible\\\/recursos-humanos\\\/el-cambio-climatico-entre-las-principales-prioridades-del-talento-joven\\\/#breadcrumb\"},\"inLanguage\":\"es\",\"potentialAction\":[{\"@type\":\"ReadAction\",\"target\":[\"https:\\\/\\\/www.dogoodpeople.com\\\/es\\\/tendencias-rsc\\\/cultura-sostenible\\\/recursos-humanos\\\/el-cambio-climatico-entre-las-principales-prioridades-del-talento-joven\\\/\"]}]},{\"@type\":\"ImageObject\",\"inLanguage\":\"es\",\"@id\":\"https:\\\/\\\/www.dogoodpeople.com\\\/es\\\/tendencias-rsc\\\/cultura-sostenible\\\/recursos-humanos\\\/el-cambio-climatico-entre-las-principales-prioridades-del-talento-joven\\\/#primaryimage\",\"url\":\"https:\\\/\\\/www.dogoodpeople.com\\\/wp-content\\\/uploads\\\/2023\\\/05\\\/pexels-pavel-danilyuk-6340689.jpg\",\"contentUrl\":\"https:\\\/\\\/www.dogoodpeople.com\\\/wp-content\\\/uploads\\\/2023\\\/05\\\/pexels-pavel-danilyuk-6340689.jpg\",\"width\":640,\"height\":427,\"caption\":\"talent attraction\"},{\"@type\":\"BreadcrumbList\",\"@id\":\"https:\\\/\\\/www.dogoodpeople.com\\\/es\\\/tendencias-rsc\\\/cultura-sostenible\\\/recursos-humanos\\\/el-cambio-climatico-entre-las-principales-prioridades-del-talento-joven\\\/#breadcrumb\",\"itemListElement\":[{\"@type\":\"ListItem\",\"position\":1,\"name\":\"Home\",\"item\":\"https:\\\/\\\/www.dogoodpeople.com\\\/es\\\/\"},{\"@type\":\"ListItem\",\"position\":2,\"name\":\"El cambio clim\u00e1tico entre las principales prioridades del talento joven\"}]},{\"@type\":\"WebSite\",\"@id\":\"https:\\\/\\\/www.dogoodpeople.com\\\/es\\\/#website\",\"url\":\"https:\\\/\\\/www.dogoodpeople.com\\\/es\\\/\",\"name\":\"DoGood People\",\"description\":\"Software para digitalizar el impacto ESG de los empleados y mejorar la reputaci\u00f3n sostenible de las empresas.\",\"publisher\":{\"@id\":\"https:\\\/\\\/www.dogoodpeople.com\\\/es\\\/#organization\"},\"alternateName\":\"DoGood\",\"potentialAction\":[{\"@type\":\"SearchAction\",\"target\":{\"@type\":\"EntryPoint\",\"urlTemplate\":\"https:\\\/\\\/www.dogoodpeople.com\\\/es\\\/?s={search_term_string}\"},\"query-input\":{\"@type\":\"PropertyValueSpecification\",\"valueRequired\":true,\"valueName\":\"search_term_string\"}}],\"inLanguage\":\"es\"},{\"@type\":\"Organization\",\"@id\":\"https:\\\/\\\/www.dogoodpeople.com\\\/es\\\/#organization\",\"name\":\"DoGood People\",\"url\":\"https:\\\/\\\/www.dogoodpeople.com\\\/es\\\/\",\"logo\":{\"@type\":\"ImageObject\",\"inLanguage\":\"es\",\"@id\":\"https:\\\/\\\/www.dogoodpeople.com\\\/es\\\/#\\\/schema\\\/logo\\\/image\\\/\",\"url\":\"https:\\\/\\\/www.dogoodpeople.com\\\/wp-content\\\/uploads\\\/2022\\\/09\\\/Logo-DoGood-people.png\",\"contentUrl\":\"https:\\\/\\\/www.dogoodpeople.com\\\/wp-content\\\/uploads\\\/2022\\\/09\\\/Logo-DoGood-people.png\",\"width\":400,\"height\":280,\"caption\":\"DoGood People\"},\"image\":{\"@id\":\"https:\\\/\\\/www.dogoodpeople.com\\\/es\\\/#\\\/schema\\\/logo\\\/image\\\/\"},\"sameAs\":[\"https:\\\/\\\/www.linkedin.com\\\/company\\\/dogood\\\/\",\"https:\\\/\\\/www.instagram.com\\\/dogood_people\\\/\"]},{\"@type\":\"Person\",\"@id\":\"https:\\\/\\\/www.dogoodpeople.com\\\/es\\\/#\\\/schema\\\/person\\\/4f4fd41172bd8893ed23be07b6fccb3d\",\"name\":\"Natalia Mart\u00ednez\"}]}<\/script>\n<!-- \/ Yoast SEO Premium plugin. -->","yoast_head_json":{"title":"El cambio clim\u00e1tico entre las principales prioridades del talento joven - DoGood People","description":"Investigaciones muestran c\u00f3mo los j\u00f3venes priorizan las preocupaciones clim\u00e1ticas a la hora de buscar trabajo. \u00bfQu\u00e9 significa esto para las empresas?","robots":{"index":"index","follow":"follow","max-snippet":"max-snippet:-1","max-image-preview":"max-image-preview:large","max-video-preview":"max-video-preview:-1"},"canonical":"https:\/\/www.dogoodpeople.com\/es\/tendencias-rsc\/cultura-sostenible\/recursos-humanos\/el-cambio-climatico-entre-las-principales-prioridades-del-talento-joven\/","og_locale":"es_ES","og_type":"article","og_title":"El cambio clim\u00e1tico entre las principales prioridades del talento joven","og_description":"Investigaciones muestran c\u00f3mo los j\u00f3venes priorizan las preocupaciones clim\u00e1ticas a la hora de buscar trabajo. \u00bfQu\u00e9 significa esto para las empresas?","og_url":"https:\/\/www.dogoodpeople.com\/es\/tendencias-rsc\/cultura-sostenible\/recursos-humanos\/el-cambio-climatico-entre-las-principales-prioridades-del-talento-joven\/","og_site_name":"DoGood People","article_published_time":"2023-05-25T07:13:54+00:00","article_modified_time":"2023-05-25T07:15:26+00:00","og_image":[{"width":640,"height":427,"url":"https:\/\/www.dogoodpeople.com\/wp-content\/uploads\/2023\/05\/pexels-pavel-danilyuk-6340689.jpg","type":"image\/jpeg"}],"author":"Natalia Mart\u00ednez","twitter_card":"summary_large_image","twitter_misc":{"Escrito por":"Natalia Mart\u00ednez","Tiempo de lectura":"4 minutos"},"schema":{"@context":"https:\/\/schema.org","@graph":[{"@type":"Article","@id":"https:\/\/www.dogoodpeople.com\/es\/tendencias-rsc\/cultura-sostenible\/recursos-humanos\/el-cambio-climatico-entre-las-principales-prioridades-del-talento-joven\/#article","isPartOf":{"@id":"https:\/\/www.dogoodpeople.com\/es\/tendencias-rsc\/cultura-sostenible\/recursos-humanos\/el-cambio-climatico-entre-las-principales-prioridades-del-talento-joven\/"},"author":{"name":"Natalia Mart\u00ednez","@id":"https:\/\/www.dogoodpeople.com\/es\/#\/schema\/person\/4f4fd41172bd8893ed23be07b6fccb3d"},"headline":"El cambio clim\u00e1tico entre las principales prioridades del talento joven","datePublished":"2023-05-25T07:13:54+00:00","dateModified":"2023-05-25T07:15:26+00:00","mainEntityOfPage":{"@id":"https:\/\/www.dogoodpeople.com\/es\/tendencias-rsc\/cultura-sostenible\/recursos-humanos\/el-cambio-climatico-entre-las-principales-prioridades-del-talento-joven\/"},"wordCount":874,"publisher":{"@id":"https:\/\/www.dogoodpeople.com\/es\/#organization"},"image":{"@id":"https:\/\/www.dogoodpeople.com\/es\/tendencias-rsc\/cultura-sostenible\/recursos-humanos\/el-cambio-climatico-entre-las-principales-prioridades-del-talento-joven\/#primaryimage"},"thumbnailUrl":"https:\/\/www.dogoodpeople.com\/wp-content\/uploads\/2023\/05\/pexels-pavel-danilyuk-6340689.jpg","articleSection":["Recursos Humanos"],"inLanguage":"es"},{"@type":"WebPage","@id":"https:\/\/www.dogoodpeople.com\/es\/tendencias-rsc\/cultura-sostenible\/recursos-humanos\/el-cambio-climatico-entre-las-principales-prioridades-del-talento-joven\/","url":"https:\/\/www.dogoodpeople.com\/es\/tendencias-rsc\/cultura-sostenible\/recursos-humanos\/el-cambio-climatico-entre-las-principales-prioridades-del-talento-joven\/","name":"El cambio clim\u00e1tico entre las principales prioridades del talento joven - DoGood People","isPartOf":{"@id":"https:\/\/www.dogoodpeople.com\/es\/#website"},"primaryImageOfPage":{"@id":"https:\/\/www.dogoodpeople.com\/es\/tendencias-rsc\/cultura-sostenible\/recursos-humanos\/el-cambio-climatico-entre-las-principales-prioridades-del-talento-joven\/#primaryimage"},"image":{"@id":"https:\/\/www.dogoodpeople.com\/es\/tendencias-rsc\/cultura-sostenible\/recursos-humanos\/el-cambio-climatico-entre-las-principales-prioridades-del-talento-joven\/#primaryimage"},"thumbnailUrl":"https:\/\/www.dogoodpeople.com\/wp-content\/uploads\/2023\/05\/pexels-pavel-danilyuk-6340689.jpg","datePublished":"2023-05-25T07:13:54+00:00","dateModified":"2023-05-25T07:15:26+00:00","description":"Investigaciones muestran c\u00f3mo los j\u00f3venes priorizan las preocupaciones clim\u00e1ticas a la hora de buscar trabajo. \u00bfQu\u00e9 significa esto para las empresas?","breadcrumb":{"@id":"https:\/\/www.dogoodpeople.com\/es\/tendencias-rsc\/cultura-sostenible\/recursos-humanos\/el-cambio-climatico-entre-las-principales-prioridades-del-talento-joven\/#breadcrumb"},"inLanguage":"es","potentialAction":[{"@type":"ReadAction","target":["https:\/\/www.dogoodpeople.com\/es\/tendencias-rsc\/cultura-sostenible\/recursos-humanos\/el-cambio-climatico-entre-las-principales-prioridades-del-talento-joven\/"]}]},{"@type":"ImageObject","inLanguage":"es","@id":"https:\/\/www.dogoodpeople.com\/es\/tendencias-rsc\/cultura-sostenible\/recursos-humanos\/el-cambio-climatico-entre-las-principales-prioridades-del-talento-joven\/#primaryimage","url":"https:\/\/www.dogoodpeople.com\/wp-content\/uploads\/2023\/05\/pexels-pavel-danilyuk-6340689.jpg","contentUrl":"https:\/\/www.dogoodpeople.com\/wp-content\/uploads\/2023\/05\/pexels-pavel-danilyuk-6340689.jpg","width":640,"height":427,"caption":"talent attraction"},{"@type":"BreadcrumbList","@id":"https:\/\/www.dogoodpeople.com\/es\/tendencias-rsc\/cultura-sostenible\/recursos-humanos\/el-cambio-climatico-entre-las-principales-prioridades-del-talento-joven\/#breadcrumb","itemListElement":[{"@type":"ListItem","position":1,"name":"Home","item":"https:\/\/www.dogoodpeople.com\/es\/"},{"@type":"ListItem","position":2,"name":"El cambio clim\u00e1tico entre las principales prioridades del talento joven"}]},{"@type":"WebSite","@id":"https:\/\/www.dogoodpeople.com\/es\/#website","url":"https:\/\/www.dogoodpeople.com\/es\/","name":"DoGood People","description":"Software para digitalizar el impacto ESG de los empleados y mejorar la reputaci\u00f3n sostenible de las empresas.","publisher":{"@id":"https:\/\/www.dogoodpeople.com\/es\/#organization"},"alternateName":"DoGood","potentialAction":[{"@type":"SearchAction","target":{"@type":"EntryPoint","urlTemplate":"https:\/\/www.dogoodpeople.com\/es\/?s={search_term_string}"},"query-input":{"@type":"PropertyValueSpecification","valueRequired":true,"valueName":"search_term_string"}}],"inLanguage":"es"},{"@type":"Organization","@id":"https:\/\/www.dogoodpeople.com\/es\/#organization","name":"DoGood People","url":"https:\/\/www.dogoodpeople.com\/es\/","logo":{"@type":"ImageObject","inLanguage":"es","@id":"https:\/\/www.dogoodpeople.com\/es\/#\/schema\/logo\/image\/","url":"https:\/\/www.dogoodpeople.com\/wp-content\/uploads\/2022\/09\/Logo-DoGood-people.png","contentUrl":"https:\/\/www.dogoodpeople.com\/wp-content\/uploads\/2022\/09\/Logo-DoGood-people.png","width":400,"height":280,"caption":"DoGood People"},"image":{"@id":"https:\/\/www.dogoodpeople.com\/es\/#\/schema\/logo\/image\/"},"sameAs":["https:\/\/www.linkedin.com\/company\/dogood\/","https:\/\/www.instagram.com\/dogood_people\/"]},{"@type":"Person","@id":"https:\/\/www.dogoodpeople.com\/es\/#\/schema\/person\/4f4fd41172bd8893ed23be07b6fccb3d","name":"Natalia Mart\u00ednez"}]}},"_links":{"self":[{"href":"https:\/\/www.dogoodpeople.com\/es\/wp-json\/wp\/v2\/posts\/20828","targetHints":{"allow":["GET"]}}],"collection":[{"href":"https:\/\/www.dogoodpeople.com\/es\/wp-json\/wp\/v2\/posts"}],"about":[{"href":"https:\/\/www.dogoodpeople.com\/es\/wp-json\/wp\/v2\/types\/post"}],"author":[{"embeddable":true,"href":"https:\/\/www.dogoodpeople.com\/es\/wp-json\/wp\/v2\/users\/10"}],"replies":[{"embeddable":true,"href":"https:\/\/www.dogoodpeople.com\/es\/wp-json\/wp\/v2\/comments?post=20828"}],"version-history":[{"count":0,"href":"https:\/\/www.dogoodpeople.com\/es\/wp-json\/wp\/v2\/posts\/20828\/revisions"}],"wp:featuredmedia":[{"embeddable":true,"href":"https:\/\/www.dogoodpeople.com\/es\/wp-json\/wp\/v2\/media\/20814"}],"wp:attachment":[{"href":"https:\/\/www.dogoodpeople.com\/es\/wp-json\/wp\/v2\/media?parent=20828"}],"wp:term":[{"taxonomy":"category","embeddable":true,"href":"https:\/\/www.dogoodpeople.com\/es\/wp-json\/wp\/v2\/categories?post=20828"},{"taxonomy":"post_tag","embeddable":true,"href":"https:\/\/www.dogoodpeople.com\/es\/wp-json\/wp\/v2\/tags?post=20828"}],"curies":[{"name":"wp","href":"https:\/\/api.w.org\/{rel}","templated":true}]}}