{"id":19778,"date":"2023-04-10T18:05:19","date_gmt":"2023-04-10T16:05:19","guid":{"rendered":"https:\/\/www.dogoodpeople.com\/?p=19778"},"modified":"2023-04-10T18:06:11","modified_gmt":"2023-04-10T16:06:11","slug":"aplicando-el-pensamiento-resiliente-para-el-exito-de-la-sostenibilidad-corporativa","status":"publish","type":"post","link":"https:\/\/www.dogoodpeople.com\/es\/tendencias-rsc\/criterios-esg\/gobernanza\/aplicando-el-pensamiento-resiliente-para-el-exito-de-la-sostenibilidad-corporativa\/","title":{"rendered":"Aplicando el pensamiento resiliente para el \u00e9xito de la sostenibilidad corporativa"},"content":{"rendered":"\t\t<div data-elementor-type=\"wp-post\" data-elementor-id=\"19778\" class=\"elementor elementor-19778 elementor-19741\" data-elementor-post-type=\"post\">\n\t\t\t\t\t\t<section class=\"elementor-section elementor-top-section elementor-element elementor-element-1af1f59 elementor-section-boxed elementor-section-height-default elementor-section-height-default\" data-id=\"1af1f59\" data-element_type=\"section\">\n\t\t\t\t\t\t<div class=\"elementor-container elementor-column-gap-default\">\n\t\t\t\t\t<div class=\"elementor-column elementor-col-100 elementor-top-column elementor-element elementor-element-411387f\" data-id=\"411387f\" data-element_type=\"column\">\n\t\t\t<div class=\"elementor-widget-wrap elementor-element-populated\">\n\t\t\t\t\t\t<div class=\"elementor-element elementor-element-03d2971 elementor-widget elementor-widget-heading\" data-id=\"03d2971\" data-element_type=\"widget\" data-widget_type=\"heading.default\">\n\t\t\t\t<div class=\"elementor-widget-container\">\n\t\t\t\t\t<h2 class=\"elementor-heading-title elementor-size-default\">El pensamiento resiliente es el medio por el cual podemos entender c\u00f3mo gestionar mejor los sistemas que interact\u00faan entre las personas y la naturaleza; y los 7 principios que se establecen podr\u00edan ser la clave para el \u00e9xito de la sostenibilidad corporativa.<\/h2>\t\t\t\t<\/div>\n\t\t\t\t<\/div>\n\t\t\t\t\t<\/div>\n\t\t<\/div>\n\t\t\t\t\t<\/div>\n\t\t<\/section>\n\t\t\t\t<section class=\"elementor-section elementor-top-section elementor-element elementor-element-8c9e560 elementor-section-boxed elementor-section-height-default elementor-section-height-default\" data-id=\"8c9e560\" data-element_type=\"section\">\n\t\t\t\t\t\t<div class=\"elementor-container elementor-column-gap-default\">\n\t\t\t\t\t<div class=\"elementor-column elementor-col-100 elementor-top-column elementor-element elementor-element-0c80fb3\" data-id=\"0c80fb3\" data-element_type=\"column\">\n\t\t\t<div class=\"elementor-widget-wrap elementor-element-populated\">\n\t\t\t\t\t\t<div class=\"elementor-element elementor-element-d25bb6f elementor-widget elementor-widget-text-editor\" data-id=\"d25bb6f\" data-element_type=\"widget\" data-widget_type=\"text-editor.default\">\n\t\t\t\t<div class=\"elementor-widget-container\">\n\t\t\t\t\t\t\t\t\t<p>El t\u00e9rmino resiliencia es una caracter\u00edstica o rasgo a menudo atribuido a la naturaleza, y que los seres humanos est\u00e1n aprendiendo lentamente a aplicar con fines de desarrollo y, lo que es m\u00e1s importante, para una adaptaci\u00f3n efectiva a las consecuencias inevitables del cambio clim\u00e1tico.<\/p>\n<p>De hecho, los humanos se adaptan muy bien, y hemos recorrido un largo camino social, econ\u00f3mico y tecnol\u00f3gico para hacer que la vida sea cada vez m\u00e1s satisfactoria e interesante. Sin embargo, dada la presi\u00f3n que hemos puesto sobre nuestro planeta, vale la pena <strong>revisar algunos de esos sistemas de adaptaci\u00f3n para encontrar tanta resiliencia como sostenibilidad.<\/strong><\/p>\n<p>Es por eso que hoy exploraremos c\u00f3mo el \u00bbpensamiento resiliente\u00bb y sus siete principios clave se pueden aplicar a la sostenibilidad corporativa para construir una estrategia comercial social, econ\u00f3mica y ambientalmente exitosa.<\/p>\n\t\t\t\t\t\t\t\t<\/div>\n\t\t\t\t<\/div>\n\t\t\t\t\t<\/div>\n\t\t<\/div>\n\t\t\t\t\t<\/div>\n\t\t<\/section>\n\t\t\t\t<section class=\"elementor-section elementor-top-section elementor-element elementor-element-691eade elementor-section-boxed elementor-section-height-default elementor-section-height-default\" data-id=\"691eade\" data-element_type=\"section\">\n\t\t\t\t\t\t<div class=\"elementor-container elementor-column-gap-default\">\n\t\t\t\t\t<div class=\"elementor-column elementor-col-100 elementor-top-column elementor-element elementor-element-34ae3a8\" data-id=\"34ae3a8\" data-element_type=\"column\">\n\t\t\t<div class=\"elementor-widget-wrap elementor-element-populated\">\n\t\t\t\t\t\t<div class=\"elementor-element elementor-element-16de376 e-transform elementor-widget elementor-widget-image\" data-id=\"16de376\" data-element_type=\"widget\" data-settings=\"{&quot;_transform_scale_effect&quot;:{&quot;unit&quot;:&quot;px&quot;,&quot;size&quot;:0.9,&quot;sizes&quot;:[]},&quot;_transform_scale_effect_tablet&quot;:{&quot;unit&quot;:&quot;px&quot;,&quot;size&quot;:&quot;&quot;,&quot;sizes&quot;:[]},&quot;_transform_scale_effect_mobile&quot;:{&quot;unit&quot;:&quot;px&quot;,&quot;size&quot;:&quot;&quot;,&quot;sizes&quot;:[]}}\" data-widget_type=\"image.default\">\n\t\t\t\t<div class=\"elementor-widget-container\">\n\t\t\t\t\t\t\t\t\t\t\t\t\t\t\t<img fetchpriority=\"high\" decoding=\"async\" width=\"640\" height=\"434\" src=\"https:\/\/www.dogoodpeople.com\/wp-content\/uploads\/2023\/04\/pexels-arthouse-studio-4338015.jpg\" class=\"attachment-large size-large wp-image-19751\" alt=\"resilience thinking\" srcset=\"https:\/\/www.dogoodpeople.com\/wp-content\/uploads\/2023\/04\/pexels-arthouse-studio-4338015.jpg 640w, https:\/\/www.dogoodpeople.com\/wp-content\/uploads\/2023\/04\/pexels-arthouse-studio-4338015-300x203.jpg 300w\" sizes=\"(max-width: 640px) 100vw, 640px\" \/>\t\t\t\t\t\t\t\t\t\t\t\t\t\t\t<\/div>\n\t\t\t\t<\/div>\n\t\t\t\t\t<\/div>\n\t\t<\/div>\n\t\t\t\t\t<\/div>\n\t\t<\/section>\n\t\t\t\t<section class=\"elementor-section elementor-top-section elementor-element elementor-element-afa7003 elementor-section-boxed elementor-section-height-default elementor-section-height-default\" data-id=\"afa7003\" data-element_type=\"section\">\n\t\t\t\t\t\t<div class=\"elementor-container elementor-column-gap-default\">\n\t\t\t\t\t<div class=\"elementor-column elementor-col-100 elementor-top-column elementor-element elementor-element-45967ed\" data-id=\"45967ed\" data-element_type=\"column\">\n\t\t\t<div class=\"elementor-widget-wrap elementor-element-populated\">\n\t\t\t\t\t\t<div class=\"elementor-element elementor-element-83139a1 elementor-widget elementor-widget-heading\" data-id=\"83139a1\" data-element_type=\"widget\" data-widget_type=\"heading.default\">\n\t\t\t\t<div class=\"elementor-widget-container\">\n\t\t\t\t\t<h2 class=\"elementor-heading-title elementor-size-default\">\u00bfQu\u00e9 es el pensamiento resiliente y por qu\u00e9 es tan importante?<\/h2>\t\t\t\t<\/div>\n\t\t\t\t<\/div>\n\t\t\t\t\t<\/div>\n\t\t<\/div>\n\t\t\t\t\t<\/div>\n\t\t<\/section>\n\t\t\t\t<section class=\"elementor-section elementor-top-section elementor-element elementor-element-b8869af elementor-section-boxed elementor-section-height-default elementor-section-height-default\" data-id=\"b8869af\" data-element_type=\"section\">\n\t\t\t\t\t\t<div class=\"elementor-container elementor-column-gap-default\">\n\t\t\t\t\t<div class=\"elementor-column elementor-col-100 elementor-top-column elementor-element elementor-element-013e361\" data-id=\"013e361\" data-element_type=\"column\">\n\t\t\t<div class=\"elementor-widget-wrap elementor-element-populated\">\n\t\t\t\t\t\t<div class=\"elementor-element elementor-element-fdd948f elementor-widget elementor-widget-text-editor\" data-id=\"fdd948f\" data-element_type=\"widget\" data-widget_type=\"text-editor.default\">\n\t\t\t\t<div class=\"elementor-widget-container\">\n\t\t\t\t\t\t\t\t\t<p>El pensamiento resiliente es el resultado del impacto que los humanos tenemos en el planeta. Con una poblaci\u00f3n tan grande y creciente, pr\u00e1cticamente todos los ecosistemas est\u00e1n sujetos al impacto de la actividad humana, e incluso solo a nuestra presencia, para bien o para mal. <\/p>\n<p>En estas interacciones inevitables entre los sistemas ecol\u00f3gicos y sociales radica la importancia del pensamiento resiliente, ya que se centra en <strong>c\u00f3mo se pueden gestionar mejor las interacciones entre las personas y la naturaleza<\/strong> frente al cambio clim\u00e1tico y su incertidumbre.<\/p>\n<p>En general, la resiliencia se refiere a la habilidad o capacidad de un sistema, natural, humano, econ\u00f3mico o de otro tipo, para hacer frente al cambio y continuar desarroll\u00e1ndose. En este sentido, las empresas no son ajenas a la necesidad de esta capacidad, especialmente cuando se trata de sostenibilidad. <\/p>\n\t\t\t\t\t\t\t\t<\/div>\n\t\t\t\t<\/div>\n\t\t\t\t\t<\/div>\n\t\t<\/div>\n\t\t\t\t\t<\/div>\n\t\t<\/section>\n\t\t\t\t<section class=\"elementor-section elementor-top-section elementor-element elementor-element-4b13bac elementor-section-boxed elementor-section-height-default elementor-section-height-default\" data-id=\"4b13bac\" data-element_type=\"section\">\n\t\t\t\t\t\t<div class=\"elementor-container elementor-column-gap-default\">\n\t\t\t\t\t<div class=\"elementor-column elementor-col-100 elementor-top-column elementor-element elementor-element-1d1ac1a\" data-id=\"1d1ac1a\" data-element_type=\"column\">\n\t\t\t<div class=\"elementor-widget-wrap elementor-element-populated\">\n\t\t\t\t\t\t<div class=\"elementor-element elementor-element-41eaf13 elementor-widget elementor-widget-heading\" data-id=\"41eaf13\" data-element_type=\"widget\" data-widget_type=\"heading.default\">\n\t\t\t\t<div class=\"elementor-widget-container\">\n\t\t\t\t\t<h3 class=\"elementor-heading-title elementor-size-default\">Aplicar el pensamiento resiliente a la sostenibilidad corporativa<\/h3>\t\t\t\t<\/div>\n\t\t\t\t<\/div>\n\t\t\t\t\t<\/div>\n\t\t<\/div>\n\t\t\t\t\t<\/div>\n\t\t<\/section>\n\t\t\t\t<section class=\"elementor-section elementor-top-section elementor-element elementor-element-7bede6f elementor-section-boxed elementor-section-height-default elementor-section-height-default\" data-id=\"7bede6f\" data-element_type=\"section\">\n\t\t\t\t\t\t<div class=\"elementor-container elementor-column-gap-default\">\n\t\t\t\t\t<div class=\"elementor-column elementor-col-100 elementor-top-column elementor-element elementor-element-9e60214\" data-id=\"9e60214\" data-element_type=\"column\">\n\t\t\t<div class=\"elementor-widget-wrap elementor-element-populated\">\n\t\t\t\t\t\t<div class=\"elementor-element elementor-element-153ecb6 elementor-widget elementor-widget-text-editor\" data-id=\"153ecb6\" data-element_type=\"widget\" data-widget_type=\"text-editor.default\">\n\t\t\t\t<div class=\"elementor-widget-container\">\n\t\t\t\t\t\t\t\t\t<p>Existen siete principios clave que ayudan a guiar el pensamiento resiliente hacia el \u00e9xito; queremos explorar c\u00f3mo estos tambi\u00e9n pueden aplicarse a las estrategias de sostenibilidad corporativa para encontrar el equilibrio y el \u00e9xito en las interacciones econ\u00f3micas, sociales y ambientales de la actividad empresarial.<\/p>\n\t\t\t\t\t\t\t\t<\/div>\n\t\t\t\t<\/div>\n\t\t\t\t\t<\/div>\n\t\t<\/div>\n\t\t\t\t\t<\/div>\n\t\t<\/section>\n\t\t\t\t<section class=\"elementor-section elementor-top-section elementor-element elementor-element-fb4ae4e elementor-section-boxed elementor-section-height-default elementor-section-height-default\" data-id=\"fb4ae4e\" data-element_type=\"section\">\n\t\t\t\t\t\t<div class=\"elementor-container elementor-column-gap-default\">\n\t\t\t\t\t<div class=\"elementor-column elementor-col-100 elementor-top-column elementor-element elementor-element-83fd395\" data-id=\"83fd395\" data-element_type=\"column\">\n\t\t\t<div class=\"elementor-widget-wrap elementor-element-populated\">\n\t\t\t\t\t\t<div class=\"elementor-element elementor-element-0b367f7 e-transform elementor-widget elementor-widget-image\" data-id=\"0b367f7\" data-element_type=\"widget\" data-settings=\"{&quot;_transform_scale_effect&quot;:{&quot;unit&quot;:&quot;px&quot;,&quot;size&quot;:0.8,&quot;sizes&quot;:[]},&quot;_transform_scale_effect_tablet&quot;:{&quot;unit&quot;:&quot;px&quot;,&quot;size&quot;:&quot;&quot;,&quot;sizes&quot;:[]},&quot;_transform_scale_effect_mobile&quot;:{&quot;unit&quot;:&quot;px&quot;,&quot;size&quot;:&quot;&quot;,&quot;sizes&quot;:[]}}\" data-widget_type=\"image.default\">\n\t\t\t\t<div class=\"elementor-widget-container\">\n\t\t\t\t\t\t\t\t\t\t\t\t\t\t\t<img decoding=\"async\" width=\"640\" height=\"427\" src=\"https:\/\/www.dogoodpeople.com\/wp-content\/uploads\/2023\/04\/pexels-pixabay-163064.jpg\" class=\"attachment-large size-large wp-image-19755\" alt=\"resilience thinking\" srcset=\"https:\/\/www.dogoodpeople.com\/wp-content\/uploads\/2023\/04\/pexels-pixabay-163064.jpg 640w, https:\/\/www.dogoodpeople.com\/wp-content\/uploads\/2023\/04\/pexels-pixabay-163064-300x200.jpg 300w\" sizes=\"(max-width: 640px) 100vw, 640px\" \/>\t\t\t\t\t\t\t\t\t\t\t\t\t\t\t<\/div>\n\t\t\t\t<\/div>\n\t\t\t\t\t<\/div>\n\t\t<\/div>\n\t\t\t\t\t<\/div>\n\t\t<\/section>\n\t\t\t\t<section class=\"elementor-section elementor-top-section elementor-element elementor-element-c750169 elementor-section-boxed elementor-section-height-default elementor-section-height-default\" data-id=\"c750169\" data-element_type=\"section\">\n\t\t\t\t\t\t<div class=\"elementor-container elementor-column-gap-default\">\n\t\t\t\t\t<div class=\"elementor-column elementor-col-100 elementor-top-column elementor-element elementor-element-0fa79af\" data-id=\"0fa79af\" data-element_type=\"column\">\n\t\t\t<div class=\"elementor-widget-wrap elementor-element-populated\">\n\t\t\t\t\t\t<div class=\"elementor-element elementor-element-40718a1 elementor-widget elementor-widget-heading\" data-id=\"40718a1\" data-element_type=\"widget\" data-widget_type=\"heading.default\">\n\t\t\t\t<div class=\"elementor-widget-container\">\n\t\t\t\t\t<h4 class=\"elementor-heading-title elementor-size-default\">Los 7 principios del pensamiento resiliente<\/h4>\t\t\t\t<\/div>\n\t\t\t\t<\/div>\n\t\t\t\t\t<\/div>\n\t\t<\/div>\n\t\t\t\t\t<\/div>\n\t\t<\/section>\n\t\t\t\t<section class=\"elementor-section elementor-top-section elementor-element elementor-element-692baa3 elementor-section-boxed elementor-section-height-default elementor-section-height-default\" data-id=\"692baa3\" data-element_type=\"section\">\n\t\t\t\t\t\t<div class=\"elementor-container elementor-column-gap-default\">\n\t\t\t\t\t<div class=\"elementor-column elementor-col-100 elementor-top-column elementor-element elementor-element-979bb4c\" data-id=\"979bb4c\" data-element_type=\"column\">\n\t\t\t<div class=\"elementor-widget-wrap elementor-element-populated\">\n\t\t\t\t\t\t<div class=\"elementor-element elementor-element-33a47f3 elementor-widget elementor-widget-text-editor\" data-id=\"33a47f3\" data-element_type=\"widget\" data-widget_type=\"text-editor.default\">\n\t\t\t\t<div class=\"elementor-widget-container\">\n\t\t\t\t\t\t\t\t\t<p><strong>MANTENER LA DIVERSIDAD<\/strong><\/p>\n<p>En la naturaleza, los sistemas con una diversidad de componentes, por ejemplo especies, son generalmente m\u00e1s resilientes. Una explicaci\u00f3n sencilla para entender esto es que cuando algo falla, hay muchos otros componentes que pueden llenar el vac\u00edo.<\/p>\n<p>Es f\u00e1cil ver c\u00f3mo la misma l\u00f3gica puede aplicarse a las empresas; la diversidad en el lugar de trabajo significa que <strong>existe una gama m\u00e1s amplia de conocimientos y experiencias<\/strong>, por lo que cuando surge un problema, hay m\u00e1s componentes para llenar los vac\u00edos. En otras palabras, hay m\u00e1s espacio para la innovaci\u00f3n y el desarrollo. <\/p>\n\t\t\t\t\t\t\t\t<\/div>\n\t\t\t\t<\/div>\n\t\t\t\t\t<\/div>\n\t\t<\/div>\n\t\t\t\t\t<\/div>\n\t\t<\/section>\n\t\t\t\t<section class=\"elementor-section elementor-top-section elementor-element elementor-element-7bbce24 elementor-section-boxed elementor-section-height-default elementor-section-height-default\" data-id=\"7bbce24\" data-element_type=\"section\">\n\t\t\t\t\t\t<div class=\"elementor-container elementor-column-gap-default\">\n\t\t\t\t\t<div class=\"elementor-column elementor-col-100 elementor-top-column elementor-element elementor-element-735b7a8\" data-id=\"735b7a8\" data-element_type=\"column\">\n\t\t\t<div class=\"elementor-widget-wrap elementor-element-populated\">\n\t\t\t\t\t\t<div class=\"elementor-element elementor-element-f882ec1 elementor-widget elementor-widget-text-editor\" data-id=\"f882ec1\" data-element_type=\"widget\" data-widget_type=\"text-editor.default\">\n\t\t\t\t<div class=\"elementor-widget-container\">\n\t\t\t\t\t\t\t\t\t<p><strong>GESTIONAR LA CONECTIVIDAD<\/strong><\/p>\n<p>La conectividad en la naturaleza es un arma de doble filo; esto es, si bien puede ayudar a recuperar los sistemas de alteraciones, un exceso de conectividad puede llegar a propagardichas alteraciones m\u00e1s r\u00e1pidamente. Sin embargo, mantener caminos abiertos para mejorar la conectividad es crucial para la resiliencia. <\/p>\n<p>En cuanto a la sostenibilidad corporativa, la conectividad extrema en relaci\u00f3n a cuestiones de ESG, por ejemplo, es muy poco viable; existen demasiadas \u00e1reas y elementos para cubrir como para que una empresa por s\u00ed sola pueda considerar o actuar de manera efectiva en todo ello. Es por ello que <strong>la colaboraci\u00f3n puede convertirse en la clave para gestionar la conectividad<\/strong>, desde colaboraciones p\u00fablico-privadas hasta asociaciones entre industrias, trabajar juntos es la clae del \u00e9xito. <\/p>\n\t\t\t\t\t\t\t\t<\/div>\n\t\t\t\t<\/div>\n\t\t\t\t\t<\/div>\n\t\t<\/div>\n\t\t\t\t\t<\/div>\n\t\t<\/section>\n\t\t\t\t<section class=\"elementor-section elementor-top-section elementor-element elementor-element-2f5c3c3 elementor-section-boxed elementor-section-height-default elementor-section-height-default\" data-id=\"2f5c3c3\" data-element_type=\"section\">\n\t\t\t\t\t\t<div class=\"elementor-container elementor-column-gap-default\">\n\t\t\t\t\t<div class=\"elementor-column elementor-col-100 elementor-top-column elementor-element elementor-element-d648d13\" data-id=\"d648d13\" data-element_type=\"column\">\n\t\t\t<div class=\"elementor-widget-wrap elementor-element-populated\">\n\t\t\t\t\t\t<div class=\"elementor-element elementor-element-6e27352 elementor-widget elementor-widget-text-editor\" data-id=\"6e27352\" data-element_type=\"widget\" data-widget_type=\"text-editor.default\">\n\t\t\t\t<div class=\"elementor-widget-container\">\n\t\t\t\t\t\t\t\t\t<p><strong>GESTIONAR LAS PEQUE\u00d1AS VARIABLES<\/strong><\/p>\n\t\t\t\t\t\t\t\t<\/div>\n\t\t\t\t<\/div>\n\t\t\t\t\t<\/div>\n\t\t<\/div>\n\t\t\t\t\t<\/div>\n\t\t<\/section>\n\t\t\t\t<section class=\"elementor-section elementor-top-section elementor-element elementor-element-23e90dc elementor-section-boxed elementor-section-height-default elementor-section-height-default\" data-id=\"23e90dc\" data-element_type=\"section\">\n\t\t\t\t\t\t<div class=\"elementor-container elementor-column-gap-default\">\n\t\t\t\t\t<div class=\"elementor-column elementor-col-50 elementor-top-column elementor-element elementor-element-80c0171\" data-id=\"80c0171\" data-element_type=\"column\">\n\t\t\t<div class=\"elementor-widget-wrap elementor-element-populated\">\n\t\t\t\t\t\t<div class=\"elementor-element elementor-element-906e848 elementor-widget elementor-widget-text-editor\" data-id=\"906e848\" data-element_type=\"widget\" data-widget_type=\"text-editor.default\">\n\t\t\t\t<div class=\"elementor-widget-container\">\n\t\t\t\t\t\t\t\t\t<p>La naturaleza es un sistema complejo y est\u00e1 altamente interconectado. En este sentido, los cambios lentos y peque\u00f1os en un \u00e1rea o elemento espec\u00edfico del sistema m\u00e1s grande afectar\u00e1n a los dem\u00e1s a largo plazo. Por lo tanto, es crucial gestionar cambios lentos o peque\u00f1os, incluso si probablemente sus efectos (positivos o negativos) lleven mucho tiempo.<\/p>\n<p>En t\u00e9rminos empresariales y de sostenibilidad, esto se traduce en un <strong>pensamiento a largo plazo<\/strong>. Incluso la m\u00e1s peque\u00f1a de las variables puede tener un impacto a medio o largo plazo, ya sean consecuencias negativas o resultados positivos. Y aunque es importante priorizar ciertos elementos, en ning\u00fan caso debemos olvidarnos de los aspectos m\u00e1s peque\u00f1os o de m\u00e1s largo plazo de la sostenibilidad.<\/p>\n\t\t\t\t\t\t\t\t<\/div>\n\t\t\t\t<\/div>\n\t\t\t\t\t<\/div>\n\t\t<\/div>\n\t\t\t\t<div class=\"elementor-column elementor-col-50 elementor-top-column elementor-element elementor-element-7fcff95\" data-id=\"7fcff95\" data-element_type=\"column\">\n\t\t\t<div class=\"elementor-widget-wrap elementor-element-populated\">\n\t\t\t\t\t\t<div class=\"elementor-element elementor-element-81da731 elementor-widget elementor-widget-image\" data-id=\"81da731\" data-element_type=\"widget\" data-widget_type=\"image.default\">\n\t\t\t\t<div class=\"elementor-widget-container\">\n\t\t\t\t\t\t\t\t\t\t\t\t\t\t\t<img decoding=\"async\" width=\"640\" height=\"800\" src=\"https:\/\/www.dogoodpeople.com\/wp-content\/uploads\/2023\/04\/pexels-jack-redgate-3049337.jpg\" class=\"attachment-large size-large wp-image-19759\" alt=\"resilience thinking\" srcset=\"https:\/\/www.dogoodpeople.com\/wp-content\/uploads\/2023\/04\/pexels-jack-redgate-3049337.jpg 640w, https:\/\/www.dogoodpeople.com\/wp-content\/uploads\/2023\/04\/pexels-jack-redgate-3049337-240x300.jpg 240w\" sizes=\"(max-width: 640px) 100vw, 640px\" \/>\t\t\t\t\t\t\t\t\t\t\t\t\t\t\t<\/div>\n\t\t\t\t<\/div>\n\t\t\t\t\t<\/div>\n\t\t<\/div>\n\t\t\t\t\t<\/div>\n\t\t<\/section>\n\t\t\t\t<section class=\"elementor-section elementor-top-section elementor-element elementor-element-89dbb3d elementor-section-boxed elementor-section-height-default elementor-section-height-default\" data-id=\"89dbb3d\" data-element_type=\"section\">\n\t\t\t\t\t\t<div class=\"elementor-container elementor-column-gap-default\">\n\t\t\t\t\t<div class=\"elementor-column elementor-col-100 elementor-top-column elementor-element elementor-element-1463000\" data-id=\"1463000\" data-element_type=\"column\">\n\t\t\t<div class=\"elementor-widget-wrap elementor-element-populated\">\n\t\t\t\t\t\t<div class=\"elementor-element elementor-element-99bcd48 elementor-widget elementor-widget-text-editor\" data-id=\"99bcd48\" data-element_type=\"widget\" data-widget_type=\"text-editor.default\">\n\t\t\t\t<div class=\"elementor-widget-container\">\n\t\t\t\t\t\t\t\t\t<p><strong>FOMENTAR EL PENSAMIENTO DE SISTEMAS ADAPTATIVOS COMPLEJOS<\/strong><\/p>\n<p>Un enfoque de sistemas adaptativos complejos acepta que en las interacciones socioecol\u00f3gicas pueden ocurrir muchas conexiones al mismo tiempo en varios niveles. En otras palabras, este enfoque acepta la incertidumbre y la imprevisibilidad de tales interacciones.<\/p>\n<p>Se puede argumentar que esto es similar a ejecutar una estrategia de sostenibilidad corporativa; con regulaciones cada vez mayores y en constante cambio, as\u00ed como con las circunstancias clim\u00e1ticas, una estrategia estricta puede no ser lo mejor para un desempe\u00f1o exitoso de sostenibilidad. Y aunque la planificaci\u00f3n es clave, <strong>dejar espacio para la flexibilidad y reconocer ciertos l\u00edmites<\/strong> es el mejor tipo de estrategia. <\/p>\n\t\t\t\t\t\t\t\t<\/div>\n\t\t\t\t<\/div>\n\t\t\t\t\t<\/div>\n\t\t<\/div>\n\t\t\t\t\t<\/div>\n\t\t<\/section>\n\t\t\t\t<section class=\"elementor-section elementor-top-section elementor-element elementor-element-459cb93 elementor-section-boxed elementor-section-height-default elementor-section-height-default\" data-id=\"459cb93\" data-element_type=\"section\">\n\t\t\t\t\t\t<div class=\"elementor-container elementor-column-gap-default\">\n\t\t\t\t\t<div class=\"elementor-column elementor-col-100 elementor-top-column elementor-element elementor-element-0171d0a\" data-id=\"0171d0a\" data-element_type=\"column\">\n\t\t\t<div class=\"elementor-widget-wrap elementor-element-populated\">\n\t\t\t\t\t\t<div class=\"elementor-element elementor-element-8a09d46 e-transform elementor-widget elementor-widget-image\" data-id=\"8a09d46\" data-element_type=\"widget\" data-settings=\"{&quot;_transform_scale_effect&quot;:{&quot;unit&quot;:&quot;px&quot;,&quot;size&quot;:0.8,&quot;sizes&quot;:[]},&quot;_transform_scale_effect_tablet&quot;:{&quot;unit&quot;:&quot;px&quot;,&quot;size&quot;:&quot;&quot;,&quot;sizes&quot;:[]},&quot;_transform_scale_effect_mobile&quot;:{&quot;unit&quot;:&quot;px&quot;,&quot;size&quot;:&quot;&quot;,&quot;sizes&quot;:[]}}\" data-widget_type=\"image.default\">\n\t\t\t\t<div class=\"elementor-widget-container\">\n\t\t\t\t\t\t\t\t\t\t\t\t\t\t\t<img loading=\"lazy\" decoding=\"async\" width=\"640\" height=\"391\" src=\"https:\/\/www.dogoodpeople.com\/wp-content\/uploads\/2023\/04\/pexels-pixabay-356043.jpg\" class=\"attachment-large size-large wp-image-19763\" alt=\"resilience thinking\" srcset=\"https:\/\/www.dogoodpeople.com\/wp-content\/uploads\/2023\/04\/pexels-pixabay-356043.jpg 640w, https:\/\/www.dogoodpeople.com\/wp-content\/uploads\/2023\/04\/pexels-pixabay-356043-300x183.jpg 300w\" sizes=\"(max-width: 640px) 100vw, 640px\" \/>\t\t\t\t\t\t\t\t\t\t\t\t\t\t\t<\/div>\n\t\t\t\t<\/div>\n\t\t\t\t\t<\/div>\n\t\t<\/div>\n\t\t\t\t\t<\/div>\n\t\t<\/section>\n\t\t\t\t<section class=\"elementor-section elementor-top-section elementor-element elementor-element-dd3a4ff elementor-section-boxed elementor-section-height-default elementor-section-height-default\" data-id=\"dd3a4ff\" data-element_type=\"section\">\n\t\t\t\t\t\t<div class=\"elementor-container elementor-column-gap-default\">\n\t\t\t\t\t<div class=\"elementor-column elementor-col-100 elementor-top-column elementor-element elementor-element-d4a98d1\" data-id=\"d4a98d1\" data-element_type=\"column\">\n\t\t\t<div class=\"elementor-widget-wrap elementor-element-populated\">\n\t\t\t\t\t\t<div class=\"elementor-element elementor-element-310d728 elementor-widget elementor-widget-text-editor\" data-id=\"310d728\" data-element_type=\"widget\" data-widget_type=\"text-editor.default\">\n\t\t\t\t<div class=\"elementor-widget-container\">\n\t\t\t\t\t\t\t\t\t<p><strong>FOMENTAR EL APRENDIZAJE<\/strong><\/p>\n<p>Un principio que es ampliamente aplicable a todos y cada uno de los aspectos de la vida, pero que tambi\u00e9n es particularmente relevante para las interacciones socioecol\u00f3gicas, ya que estos sistemas est\u00e1n en constante cambio y desarrollo. Y al igual que en el \u00faltimo tipo de interacciones, las empresas pueden encontrar grandes ventajas al aplicar este principio. <\/p>\n<p>Revisar el conocimiento esencial para el desarrollo sostenible. Tomemos, por ejemplo, el progreso realizado entre los <a href=\"https:\/\/www.un.org\/millenniumgoals\/\" target=\"_blank\" rel=\"noopener\">Objetivos de Desarrollo del Milenio<\/a> y los <a href=\"https:\/\/sdgs.un.org\/goals\" target=\"_blank\" rel=\"noopener\">Objetivos de Desarrollo Sostenible.<\/a> Es un claro ejemplo de <strong>revisitar el conocimiento<\/strong>, as\u00ed como de encontrar procesos de aprendizaje colaborativo que puedan mejorar a\u00fan m\u00e1s los resultados de dichas metas. <\/p>\n\t\t\t\t\t\t\t\t<\/div>\n\t\t\t\t<\/div>\n\t\t\t\t\t<\/div>\n\t\t<\/div>\n\t\t\t\t\t<\/div>\n\t\t<\/section>\n\t\t\t\t<section class=\"elementor-section elementor-top-section elementor-element elementor-element-3f7e594 elementor-section-boxed elementor-section-height-default elementor-section-height-default\" data-id=\"3f7e594\" data-element_type=\"section\">\n\t\t\t\t\t\t<div class=\"elementor-container elementor-column-gap-default\">\n\t\t\t\t\t<div class=\"elementor-column elementor-col-100 elementor-top-column elementor-element elementor-element-c8bb4ca\" data-id=\"c8bb4ca\" data-element_type=\"column\">\n\t\t\t<div class=\"elementor-widget-wrap elementor-element-populated\">\n\t\t\t\t\t\t<div class=\"elementor-element elementor-element-9cf6cc6 elementor-widget elementor-widget-text-editor\" data-id=\"9cf6cc6\" data-element_type=\"widget\" data-widget_type=\"text-editor.default\">\n\t\t\t\t<div class=\"elementor-widget-container\">\n\t\t\t\t\t\t\t\t\t<p><strong>AMPLIAR LA PARTICIPACI\u00d3N<\/strong><\/p>\n<p>Es necesario generar conciencia sobre los peligros a los que se enfrentan nuestros ecosistemas debido a nuestra actividad humana para poder as\u00ed involucrar a tantas personas en el proceso de crear un medio de vida sostenible y saludable para todas las especies. Desde expertos hasta el p\u00fablico en general, todas las personas deben ser considerados para unirse a la conversaci\u00f3n y los esfuerzos de protecci\u00f3n. <\/p>\n<p>Del mismo modo, las empresas no pueden limitar su estrategia de sostenibilidad a un solo departamento o un solo equipo de personas, independientemente de su experiencia, si queremos que la sostenibilidad tenga \u00e9xito, debe estar profunda y ampliamente arraigada en la cultura de la empresa. <strong>Involucrar a todos los grupos de inter\u00e9s es crucial para el \u00e9xito de la sostenibilidad corporativa.<\/strong> <a href=\"https:\/\/www.dogoodpeople.com\/es\/tendencias-rsc\/cultura-sostenible\/los-empleados-valoran-la-sostenibilidad-corporativa\/\">Involucrar a los empleados, por ejemplo, puede ser un gran primer paso para construir una cultura de sostenibilidad. <\/a><\/p>\n\t\t\t\t\t\t\t\t<\/div>\n\t\t\t\t<\/div>\n\t\t\t\t\t<\/div>\n\t\t<\/div>\n\t\t\t\t\t<\/div>\n\t\t<\/section>\n\t\t\t\t<section class=\"elementor-section elementor-top-section elementor-element elementor-element-4132ef2 elementor-section-boxed elementor-section-height-default elementor-section-height-default\" data-id=\"4132ef2\" data-element_type=\"section\">\n\t\t\t\t\t\t<div class=\"elementor-container elementor-column-gap-default\">\n\t\t\t\t\t<div class=\"elementor-column elementor-col-50 elementor-top-column elementor-element elementor-element-260c626\" data-id=\"260c626\" data-element_type=\"column\">\n\t\t\t<div class=\"elementor-widget-wrap elementor-element-populated\">\n\t\t\t\t\t\t<div class=\"elementor-element elementor-element-7aa9904 elementor-widget elementor-widget-text-editor\" data-id=\"7aa9904\" data-element_type=\"widget\" data-widget_type=\"text-editor.default\">\n\t\t\t\t<div class=\"elementor-widget-container\">\n\t\t\t\t\t\t\t\t\t<p><strong>PROMOVER LA GOBERNANZA POLIC\u00c9NTRICA <\/strong><\/p>\n<p>En pocas palabras, la gobernanza polic\u00e9ntrica se refiere a la cooperaci\u00f3n internacional y la acci\u00f3n colectiva, esto es, cuando una variedad de \u00f3rganos de gobernanza hacen cumplir las normas o la legislaci\u00f3n en un \u00e1rea determinada, por ejemplo, el cambio clim\u00e1tico. Sin embargo, el tiempo ha demostrado c\u00f3mo de complejo y desafiante puede llegar a ser, ya que diferentes actores tienen diferentes intereses.<\/p>\n<p>Las empresas no son ajenas a esta realidad, desde los intereses de los grupos de inter\u00e9s hasta las demandas de los accionistas, navegar la gobernanza colectiva puede ser complicado. Pero, lo m\u00e1s probable es que <strong>la sostenibilidad pueda ser una fuerza vinculante para todos<\/strong>, ya que es el camino hacia nuestro sustento com\u00fan, social y econ\u00f3micamente hablando. Es importante que la estructura y la red de conexiones sea estrecha incluso frente a las diferencias, para que la colaboraci\u00f3n pueda ir m\u00e1s all\u00e1 de compartir informaci\u00f3n.<\/p>\n\t\t\t\t\t\t\t\t<\/div>\n\t\t\t\t<\/div>\n\t\t\t\t\t<\/div>\n\t\t<\/div>\n\t\t\t\t<div class=\"elementor-column elementor-col-50 elementor-top-column elementor-element elementor-element-b6e847d\" data-id=\"b6e847d\" data-element_type=\"column\">\n\t\t\t<div class=\"elementor-widget-wrap elementor-element-populated\">\n\t\t\t\t\t\t<div class=\"elementor-element elementor-element-eaa71ed e-transform elementor-widget elementor-widget-image\" data-id=\"eaa71ed\" data-element_type=\"widget\" data-settings=\"{&quot;_transform_scale_effect&quot;:{&quot;unit&quot;:&quot;px&quot;,&quot;size&quot;:0.9,&quot;sizes&quot;:[]},&quot;_transform_scale_effect_tablet&quot;:{&quot;unit&quot;:&quot;px&quot;,&quot;size&quot;:&quot;&quot;,&quot;sizes&quot;:[]},&quot;_transform_scale_effect_mobile&quot;:{&quot;unit&quot;:&quot;px&quot;,&quot;size&quot;:&quot;&quot;,&quot;sizes&quot;:[]}}\" data-widget_type=\"image.default\">\n\t\t\t\t<div class=\"elementor-widget-container\">\n\t\t\t\t\t\t\t\t\t\t\t\t\t\t\t<img loading=\"lazy\" decoding=\"async\" width=\"640\" height=\"960\" src=\"https:\/\/www.dogoodpeople.com\/wp-content\/uploads\/2023\/04\/pexels-thirdman-5582867.jpg\" class=\"attachment-large size-large wp-image-19767\" alt=\"resilience thinking\" srcset=\"https:\/\/www.dogoodpeople.com\/wp-content\/uploads\/2023\/04\/pexels-thirdman-5582867.jpg 640w, https:\/\/www.dogoodpeople.com\/wp-content\/uploads\/2023\/04\/pexels-thirdman-5582867-200x300.jpg 200w\" sizes=\"(max-width: 640px) 100vw, 640px\" \/>\t\t\t\t\t\t\t\t\t\t\t\t\t\t\t<\/div>\n\t\t\t\t<\/div>\n\t\t\t\t\t<\/div>\n\t\t<\/div>\n\t\t\t\t\t<\/div>\n\t\t<\/section>\n\t\t\t\t<section class=\"elementor-section elementor-top-section elementor-element elementor-element-31869ff elementor-section-boxed elementor-section-height-default elementor-section-height-default\" data-id=\"31869ff\" data-element_type=\"section\">\n\t\t\t\t\t\t<div class=\"elementor-container elementor-column-gap-default\">\n\t\t\t\t\t<div class=\"elementor-column elementor-col-100 elementor-top-column elementor-element elementor-element-a4dd19a\" data-id=\"a4dd19a\" data-element_type=\"column\">\n\t\t\t<div class=\"elementor-widget-wrap elementor-element-populated\">\n\t\t\t\t\t\t<div class=\"elementor-element elementor-element-7ce2171 elementor-widget elementor-widget-heading\" data-id=\"7ce2171\" data-element_type=\"widget\" data-widget_type=\"heading.default\">\n\t\t\t\t<div class=\"elementor-widget-container\">\n\t\t\t\t\t<h5 class=\"elementor-heading-title elementor-size-default\">\u00bfQu\u00e9 podemos aprender del pensamiento resiliente?<\/h5>\t\t\t\t<\/div>\n\t\t\t\t<\/div>\n\t\t\t\t\t<\/div>\n\t\t<\/div>\n\t\t\t\t\t<\/div>\n\t\t<\/section>\n\t\t\t\t<section class=\"elementor-section elementor-top-section elementor-element elementor-element-8799be1 elementor-section-boxed elementor-section-height-default elementor-section-height-default\" data-id=\"8799be1\" data-element_type=\"section\">\n\t\t\t\t\t\t<div class=\"elementor-container elementor-column-gap-default\">\n\t\t\t\t\t<div class=\"elementor-column elementor-col-100 elementor-top-column elementor-element elementor-element-fc57dc4\" data-id=\"fc57dc4\" data-element_type=\"column\">\n\t\t\t<div class=\"elementor-widget-wrap elementor-element-populated\">\n\t\t\t\t\t\t<div class=\"elementor-element elementor-element-f8e27e2 elementor-widget elementor-widget-text-editor\" data-id=\"f8e27e2\" data-element_type=\"widget\" data-widget_type=\"text-editor.default\">\n\t\t\t\t<div class=\"elementor-widget-container\">\n\t\t\t\t\t\t\t\t\t<p>Si hay algo que aprender de las interacciones socioecol\u00f3gicas y c\u00f3mo aplicar el pensamiento resiliente, es que cada uno de los principios mencionados anteriormente es altamente interdependiente de los dem\u00e1s. En resumen, <strong>es un sistema complejo de colaboraci\u00f3n y aprendizaje constante<\/strong> para descubrir los muchos matices de lo que realmente significa la sostenibilidad. <\/p>\n<p>Est\u00e1 claro que incluso cuando se aplica a la sostenibilidad corporativa, la colaboraci\u00f3n entre actores, ya sean industrias, empresas, <a href=\"https:\/\/www.dogoodpeople.com\/es\/tendencias-rsc\/accion-climatica\/la-sostenibilidad-y-el-poder-de-la-accion-individual\/\">individuos<\/a>, gobiernos u organizaciones, es la clave para encontrar el \u00e9xito. <\/p>\n\t\t\t\t\t\t\t\t<\/div>\n\t\t\t\t<\/div>\n\t\t\t\t\t<\/div>\n\t\t<\/div>\n\t\t\t\t\t<\/div>\n\t\t<\/section>\n\t\t\t\t<section class=\"elementor-section elementor-top-section elementor-element elementor-element-686c9be elementor-section-boxed elementor-section-height-default elementor-section-height-default\" data-id=\"686c9be\" data-element_type=\"section\">\n\t\t\t\t\t\t<div class=\"elementor-container elementor-column-gap-default\">\n\t\t\t\t\t<div class=\"elementor-column elementor-col-100 elementor-top-column elementor-element elementor-element-57d3561\" data-id=\"57d3561\" data-element_type=\"column\">\n\t\t\t<div class=\"elementor-widget-wrap elementor-element-populated\">\n\t\t\t\t\t\t<div class=\"elementor-element elementor-element-70501f5 e-transform elementor-widget elementor-widget-image\" data-id=\"70501f5\" data-element_type=\"widget\" data-settings=\"{&quot;_transform_scale_effect&quot;:{&quot;unit&quot;:&quot;px&quot;,&quot;size&quot;:0.7,&quot;sizes&quot;:[]},&quot;_transform_scale_effect_tablet&quot;:{&quot;unit&quot;:&quot;px&quot;,&quot;size&quot;:&quot;&quot;,&quot;sizes&quot;:[]},&quot;_transform_scale_effect_mobile&quot;:{&quot;unit&quot;:&quot;px&quot;,&quot;size&quot;:&quot;&quot;,&quot;sizes&quot;:[]}}\" data-widget_type=\"image.default\">\n\t\t\t\t<div class=\"elementor-widget-container\">\n\t\t\t\t\t\t\t\t\t\t\t\t\t\t\t<img loading=\"lazy\" decoding=\"async\" width=\"640\" height=\"427\" src=\"https:\/\/www.dogoodpeople.com\/wp-content\/uploads\/2023\/02\/pexels-alena-darmel-7710155.jpg\" class=\"attachment-large size-large wp-image-18448\" alt=\"managing diversity in the workplace\" srcset=\"https:\/\/www.dogoodpeople.com\/wp-content\/uploads\/2023\/02\/pexels-alena-darmel-7710155.jpg 640w, https:\/\/www.dogoodpeople.com\/wp-content\/uploads\/2023\/02\/pexels-alena-darmel-7710155-300x200.jpg 300w\" sizes=\"(max-width: 640px) 100vw, 640px\" \/>\t\t\t\t\t\t\t\t\t\t\t\t\t\t\t<\/div>\n\t\t\t\t<\/div>\n\t\t\t\t\t<\/div>\n\t\t<\/div>\n\t\t\t\t\t<\/div>\n\t\t<\/section>\n\t\t\t\t<section class=\"elementor-section elementor-top-section elementor-element elementor-element-134fcb4 elementor-section-boxed elementor-section-height-default elementor-section-height-default\" data-id=\"134fcb4\" data-element_type=\"section\">\n\t\t\t\t\t\t<div class=\"elementor-container elementor-column-gap-default\">\n\t\t\t\t\t<div class=\"elementor-column elementor-col-100 elementor-top-column elementor-element elementor-element-7e7e423\" data-id=\"7e7e423\" data-element_type=\"column\">\n\t\t\t<div class=\"elementor-widget-wrap elementor-element-populated\">\n\t\t\t\t\t\t<div class=\"elementor-element elementor-element-b35f6c0 elementor-widget elementor-widget-text-editor\" data-id=\"b35f6c0\" data-element_type=\"widget\" data-widget_type=\"text-editor.default\">\n\t\t\t\t<div class=\"elementor-widget-container\">\n\t\t\t\t\t\t\t\t\t<p>En <strong>DoGood<\/strong> creemos que el trabajo colectivo puede ayudarnos a encontrar aquello que por s\u00ed solo puede parecer inalcanzable o in\u00fatil. Por eso creemos que <strong>el lugar de trabajo es el entorno perfecto para encontrar ese af\u00e1n colectivo de marcar la diferencia<\/strong>, tanto por la sostenibilidad y prop\u00f3sito de la empresa como por una forma de ser m\u00e1s sostenible para todos.<\/p>\n<p>Mediante nuestra tecnolog\u00eda somos capaces de activar y trazar el impacto de los empleados ayudando a crear mayor involucraci\u00f3n, mejores m\u00e9tricas ESG, valor reputacional y un <strong>impacto positivo<\/strong> para el planeta y la sociedad.<\/p>\n\t\t\t\t\t\t\t\t<\/div>\n\t\t\t\t<\/div>\n\t\t\t\t\t<\/div>\n\t\t<\/div>\n\t\t\t\t\t<\/div>\n\t\t<\/section>\n\t\t\t\t<\/div>\n\t\t","protected":false},"excerpt":{"rendered":"<p>El pensamiento resiliente es el medio por el cual podemos entender c\u00f3mo gestionar mejor los [&hellip;]<\/p>\n","protected":false},"author":7,"featured_media":19745,"comment_status":"closed","ping_status":"closed","sticky":false,"template":"","format":"standard","meta":{"_acf_changed":false,"content-type":"","footnotes":""},"categories":[168],"tags":[],"class_list":["post-19778","post","type-post","status-publish","format-standard","has-post-thumbnail","hentry","category-gobernanza"],"acf":[],"yoast_head":"<!-- This site is optimized with the Yoast SEO Premium plugin v25.8 (Yoast SEO v27.5) - https:\/\/yoast.com\/product\/yoast-seo-premium-wordpress\/ -->\n<title>Pensamiento resiliente y sostenibilidad corporativa - DoGood People<\/title>\n<meta name=\"description\" content=\"El pensamiento resiliente se refiere a 7 principios clave para las interacciones socioecol\u00f3gicas, pero \u00bfy si lo aplicamos a la sostenibilidad corporativa?\" \/>\n<meta name=\"robots\" content=\"index, follow, max-snippet:-1, max-image-preview:large, max-video-preview:-1\" \/>\n<link rel=\"canonical\" href=\"https:\/\/www.dogoodpeople.com\/es\/tendencias-rsc\/criterios-esg\/gobernanza\/aplicando-el-pensamiento-resiliente-para-el-exito-de-la-sostenibilidad-corporativa\/\" \/>\n<meta property=\"og:locale\" content=\"es_ES\" \/>\n<meta property=\"og:type\" content=\"article\" \/>\n<meta property=\"og:title\" content=\"Aplicando el pensamiento resiliente para el \u00e9xito de la sostenibilidad corporativa\" \/>\n<meta property=\"og:description\" content=\"El pensamiento resiliente se refiere a 7 principios clave para las interacciones socioecol\u00f3gicas, pero \u00bfy si lo aplicamos a la sostenibilidad corporativa?\" \/>\n<meta property=\"og:url\" content=\"https:\/\/www.dogoodpeople.com\/es\/tendencias-rsc\/criterios-esg\/gobernanza\/aplicando-el-pensamiento-resiliente-para-el-exito-de-la-sostenibilidad-corporativa\/\" \/>\n<meta property=\"og:site_name\" content=\"DoGood People\" \/>\n<meta property=\"article:published_time\" content=\"2023-04-10T16:05:19+00:00\" \/>\n<meta property=\"article:modified_time\" content=\"2023-04-10T16:06:11+00:00\" \/>\n<meta property=\"og:image\" content=\"https:\/\/www.dogoodpeople.com\/wp-content\/uploads\/2023\/04\/pexels-tobi-457450.jpg\" \/>\n\t<meta property=\"og:image:width\" content=\"640\" \/>\n\t<meta property=\"og:image:height\" content=\"427\" \/>\n\t<meta property=\"og:image:type\" content=\"image\/jpeg\" \/>\n<meta name=\"author\" content=\"DoGoodPeople\" \/>\n<meta name=\"twitter:card\" content=\"summary_large_image\" \/>\n<meta name=\"twitter:label1\" content=\"Escrito por\" \/>\n\t<meta name=\"twitter:data1\" content=\"DoGoodPeople\" \/>\n\t<meta name=\"twitter:label2\" content=\"Tiempo de lectura\" \/>\n\t<meta name=\"twitter:data2\" content=\"8 minutos\" \/>\n<script type=\"application\/ld+json\" class=\"yoast-schema-graph\">{\"@context\":\"https:\\\/\\\/schema.org\",\"@graph\":[{\"@type\":\"Article\",\"@id\":\"https:\\\/\\\/www.dogoodpeople.com\\\/es\\\/tendencias-rsc\\\/criterios-esg\\\/gobernanza\\\/aplicando-el-pensamiento-resiliente-para-el-exito-de-la-sostenibilidad-corporativa\\\/#article\",\"isPartOf\":{\"@id\":\"https:\\\/\\\/www.dogoodpeople.com\\\/es\\\/tendencias-rsc\\\/criterios-esg\\\/gobernanza\\\/aplicando-el-pensamiento-resiliente-para-el-exito-de-la-sostenibilidad-corporativa\\\/\"},\"author\":{\"name\":\"DoGoodPeople\",\"@id\":\"https:\\\/\\\/www.dogoodpeople.com\\\/es\\\/#\\\/schema\\\/person\\\/0a8577f3e5f8a41a9bc6c4c28af58981\"},\"headline\":\"Aplicando el pensamiento resiliente para el \u00e9xito de la sostenibilidad corporativa\",\"datePublished\":\"2023-04-10T16:05:19+00:00\",\"dateModified\":\"2023-04-10T16:06:11+00:00\",\"mainEntityOfPage\":{\"@id\":\"https:\\\/\\\/www.dogoodpeople.com\\\/es\\\/tendencias-rsc\\\/criterios-esg\\\/gobernanza\\\/aplicando-el-pensamiento-resiliente-para-el-exito-de-la-sostenibilidad-corporativa\\\/\"},\"wordCount\":1536,\"publisher\":{\"@id\":\"https:\\\/\\\/www.dogoodpeople.com\\\/es\\\/#organization\"},\"image\":{\"@id\":\"https:\\\/\\\/www.dogoodpeople.com\\\/es\\\/tendencias-rsc\\\/criterios-esg\\\/gobernanza\\\/aplicando-el-pensamiento-resiliente-para-el-exito-de-la-sostenibilidad-corporativa\\\/#primaryimage\"},\"thumbnailUrl\":\"https:\\\/\\\/www.dogoodpeople.com\\\/wp-content\\\/uploads\\\/2023\\\/04\\\/pexels-tobi-457450.jpg\",\"articleSection\":[\"Gobernanza\"],\"inLanguage\":\"es\"},{\"@type\":\"WebPage\",\"@id\":\"https:\\\/\\\/www.dogoodpeople.com\\\/es\\\/tendencias-rsc\\\/criterios-esg\\\/gobernanza\\\/aplicando-el-pensamiento-resiliente-para-el-exito-de-la-sostenibilidad-corporativa\\\/\",\"url\":\"https:\\\/\\\/www.dogoodpeople.com\\\/es\\\/tendencias-rsc\\\/criterios-esg\\\/gobernanza\\\/aplicando-el-pensamiento-resiliente-para-el-exito-de-la-sostenibilidad-corporativa\\\/\",\"name\":\"Pensamiento resiliente y sostenibilidad corporativa - DoGood People\",\"isPartOf\":{\"@id\":\"https:\\\/\\\/www.dogoodpeople.com\\\/es\\\/#website\"},\"primaryImageOfPage\":{\"@id\":\"https:\\\/\\\/www.dogoodpeople.com\\\/es\\\/tendencias-rsc\\\/criterios-esg\\\/gobernanza\\\/aplicando-el-pensamiento-resiliente-para-el-exito-de-la-sostenibilidad-corporativa\\\/#primaryimage\"},\"image\":{\"@id\":\"https:\\\/\\\/www.dogoodpeople.com\\\/es\\\/tendencias-rsc\\\/criterios-esg\\\/gobernanza\\\/aplicando-el-pensamiento-resiliente-para-el-exito-de-la-sostenibilidad-corporativa\\\/#primaryimage\"},\"thumbnailUrl\":\"https:\\\/\\\/www.dogoodpeople.com\\\/wp-content\\\/uploads\\\/2023\\\/04\\\/pexels-tobi-457450.jpg\",\"datePublished\":\"2023-04-10T16:05:19+00:00\",\"dateModified\":\"2023-04-10T16:06:11+00:00\",\"description\":\"El pensamiento resiliente se refiere a 7 principios clave para las interacciones socioecol\u00f3gicas, pero \u00bfy si lo aplicamos a la sostenibilidad corporativa?\",\"breadcrumb\":{\"@id\":\"https:\\\/\\\/www.dogoodpeople.com\\\/es\\\/tendencias-rsc\\\/criterios-esg\\\/gobernanza\\\/aplicando-el-pensamiento-resiliente-para-el-exito-de-la-sostenibilidad-corporativa\\\/#breadcrumb\"},\"inLanguage\":\"es\",\"potentialAction\":[{\"@type\":\"ReadAction\",\"target\":[\"https:\\\/\\\/www.dogoodpeople.com\\\/es\\\/tendencias-rsc\\\/criterios-esg\\\/gobernanza\\\/aplicando-el-pensamiento-resiliente-para-el-exito-de-la-sostenibilidad-corporativa\\\/\"]}]},{\"@type\":\"ImageObject\",\"inLanguage\":\"es\",\"@id\":\"https:\\\/\\\/www.dogoodpeople.com\\\/es\\\/tendencias-rsc\\\/criterios-esg\\\/gobernanza\\\/aplicando-el-pensamiento-resiliente-para-el-exito-de-la-sostenibilidad-corporativa\\\/#primaryimage\",\"url\":\"https:\\\/\\\/www.dogoodpeople.com\\\/wp-content\\\/uploads\\\/2023\\\/04\\\/pexels-tobi-457450.jpg\",\"contentUrl\":\"https:\\\/\\\/www.dogoodpeople.com\\\/wp-content\\\/uploads\\\/2023\\\/04\\\/pexels-tobi-457450.jpg\",\"width\":640,\"height\":427,\"caption\":\"resilien\"},{\"@type\":\"BreadcrumbList\",\"@id\":\"https:\\\/\\\/www.dogoodpeople.com\\\/es\\\/tendencias-rsc\\\/criterios-esg\\\/gobernanza\\\/aplicando-el-pensamiento-resiliente-para-el-exito-de-la-sostenibilidad-corporativa\\\/#breadcrumb\",\"itemListElement\":[{\"@type\":\"ListItem\",\"position\":1,\"name\":\"Home\",\"item\":\"https:\\\/\\\/www.dogoodpeople.com\\\/es\\\/\"},{\"@type\":\"ListItem\",\"position\":2,\"name\":\"Aplicando el pensamiento resiliente para el \u00e9xito de la sostenibilidad corporativa\"}]},{\"@type\":\"WebSite\",\"@id\":\"https:\\\/\\\/www.dogoodpeople.com\\\/es\\\/#website\",\"url\":\"https:\\\/\\\/www.dogoodpeople.com\\\/es\\\/\",\"name\":\"DoGood People\",\"description\":\"Software para digitalizar el impacto ESG de los empleados y mejorar la reputaci\u00f3n sostenible de las empresas.\",\"publisher\":{\"@id\":\"https:\\\/\\\/www.dogoodpeople.com\\\/es\\\/#organization\"},\"alternateName\":\"DoGood\",\"potentialAction\":[{\"@type\":\"SearchAction\",\"target\":{\"@type\":\"EntryPoint\",\"urlTemplate\":\"https:\\\/\\\/www.dogoodpeople.com\\\/es\\\/?s={search_term_string}\"},\"query-input\":{\"@type\":\"PropertyValueSpecification\",\"valueRequired\":true,\"valueName\":\"search_term_string\"}}],\"inLanguage\":\"es\"},{\"@type\":\"Organization\",\"@id\":\"https:\\\/\\\/www.dogoodpeople.com\\\/es\\\/#organization\",\"name\":\"DoGood People\",\"url\":\"https:\\\/\\\/www.dogoodpeople.com\\\/es\\\/\",\"logo\":{\"@type\":\"ImageObject\",\"inLanguage\":\"es\",\"@id\":\"https:\\\/\\\/www.dogoodpeople.com\\\/es\\\/#\\\/schema\\\/logo\\\/image\\\/\",\"url\":\"https:\\\/\\\/www.dogoodpeople.com\\\/wp-content\\\/uploads\\\/2022\\\/09\\\/Logo-DoGood-people.png\",\"contentUrl\":\"https:\\\/\\\/www.dogoodpeople.com\\\/wp-content\\\/uploads\\\/2022\\\/09\\\/Logo-DoGood-people.png\",\"width\":400,\"height\":280,\"caption\":\"DoGood People\"},\"image\":{\"@id\":\"https:\\\/\\\/www.dogoodpeople.com\\\/es\\\/#\\\/schema\\\/logo\\\/image\\\/\"},\"sameAs\":[\"https:\\\/\\\/www.linkedin.com\\\/company\\\/dogood\\\/\",\"https:\\\/\\\/www.instagram.com\\\/dogood_people\\\/\"]},{\"@type\":\"Person\",\"@id\":\"https:\\\/\\\/www.dogoodpeople.com\\\/es\\\/#\\\/schema\\\/person\\\/0a8577f3e5f8a41a9bc6c4c28af58981\",\"name\":\"DoGoodPeople\"}]}<\/script>\n<!-- \/ Yoast SEO Premium plugin. -->","yoast_head_json":{"title":"Pensamiento resiliente y sostenibilidad corporativa - DoGood People","description":"El pensamiento resiliente se refiere a 7 principios clave para las interacciones socioecol\u00f3gicas, pero \u00bfy si lo aplicamos a la sostenibilidad corporativa?","robots":{"index":"index","follow":"follow","max-snippet":"max-snippet:-1","max-image-preview":"max-image-preview:large","max-video-preview":"max-video-preview:-1"},"canonical":"https:\/\/www.dogoodpeople.com\/es\/tendencias-rsc\/criterios-esg\/gobernanza\/aplicando-el-pensamiento-resiliente-para-el-exito-de-la-sostenibilidad-corporativa\/","og_locale":"es_ES","og_type":"article","og_title":"Aplicando el pensamiento resiliente para el \u00e9xito de la sostenibilidad corporativa","og_description":"El pensamiento resiliente se refiere a 7 principios clave para las interacciones socioecol\u00f3gicas, pero \u00bfy si lo aplicamos a la sostenibilidad corporativa?","og_url":"https:\/\/www.dogoodpeople.com\/es\/tendencias-rsc\/criterios-esg\/gobernanza\/aplicando-el-pensamiento-resiliente-para-el-exito-de-la-sostenibilidad-corporativa\/","og_site_name":"DoGood People","article_published_time":"2023-04-10T16:05:19+00:00","article_modified_time":"2023-04-10T16:06:11+00:00","og_image":[{"width":640,"height":427,"url":"https:\/\/www.dogoodpeople.com\/wp-content\/uploads\/2023\/04\/pexels-tobi-457450.jpg","type":"image\/jpeg"}],"author":"DoGoodPeople","twitter_card":"summary_large_image","twitter_misc":{"Escrito por":"DoGoodPeople","Tiempo de lectura":"8 minutos"},"schema":{"@context":"https:\/\/schema.org","@graph":[{"@type":"Article","@id":"https:\/\/www.dogoodpeople.com\/es\/tendencias-rsc\/criterios-esg\/gobernanza\/aplicando-el-pensamiento-resiliente-para-el-exito-de-la-sostenibilidad-corporativa\/#article","isPartOf":{"@id":"https:\/\/www.dogoodpeople.com\/es\/tendencias-rsc\/criterios-esg\/gobernanza\/aplicando-el-pensamiento-resiliente-para-el-exito-de-la-sostenibilidad-corporativa\/"},"author":{"name":"DoGoodPeople","@id":"https:\/\/www.dogoodpeople.com\/es\/#\/schema\/person\/0a8577f3e5f8a41a9bc6c4c28af58981"},"headline":"Aplicando el pensamiento resiliente para el \u00e9xito de la sostenibilidad corporativa","datePublished":"2023-04-10T16:05:19+00:00","dateModified":"2023-04-10T16:06:11+00:00","mainEntityOfPage":{"@id":"https:\/\/www.dogoodpeople.com\/es\/tendencias-rsc\/criterios-esg\/gobernanza\/aplicando-el-pensamiento-resiliente-para-el-exito-de-la-sostenibilidad-corporativa\/"},"wordCount":1536,"publisher":{"@id":"https:\/\/www.dogoodpeople.com\/es\/#organization"},"image":{"@id":"https:\/\/www.dogoodpeople.com\/es\/tendencias-rsc\/criterios-esg\/gobernanza\/aplicando-el-pensamiento-resiliente-para-el-exito-de-la-sostenibilidad-corporativa\/#primaryimage"},"thumbnailUrl":"https:\/\/www.dogoodpeople.com\/wp-content\/uploads\/2023\/04\/pexels-tobi-457450.jpg","articleSection":["Gobernanza"],"inLanguage":"es"},{"@type":"WebPage","@id":"https:\/\/www.dogoodpeople.com\/es\/tendencias-rsc\/criterios-esg\/gobernanza\/aplicando-el-pensamiento-resiliente-para-el-exito-de-la-sostenibilidad-corporativa\/","url":"https:\/\/www.dogoodpeople.com\/es\/tendencias-rsc\/criterios-esg\/gobernanza\/aplicando-el-pensamiento-resiliente-para-el-exito-de-la-sostenibilidad-corporativa\/","name":"Pensamiento resiliente y sostenibilidad corporativa - DoGood People","isPartOf":{"@id":"https:\/\/www.dogoodpeople.com\/es\/#website"},"primaryImageOfPage":{"@id":"https:\/\/www.dogoodpeople.com\/es\/tendencias-rsc\/criterios-esg\/gobernanza\/aplicando-el-pensamiento-resiliente-para-el-exito-de-la-sostenibilidad-corporativa\/#primaryimage"},"image":{"@id":"https:\/\/www.dogoodpeople.com\/es\/tendencias-rsc\/criterios-esg\/gobernanza\/aplicando-el-pensamiento-resiliente-para-el-exito-de-la-sostenibilidad-corporativa\/#primaryimage"},"thumbnailUrl":"https:\/\/www.dogoodpeople.com\/wp-content\/uploads\/2023\/04\/pexels-tobi-457450.jpg","datePublished":"2023-04-10T16:05:19+00:00","dateModified":"2023-04-10T16:06:11+00:00","description":"El pensamiento resiliente se refiere a 7 principios clave para las interacciones socioecol\u00f3gicas, pero \u00bfy si lo aplicamos a la sostenibilidad corporativa?","breadcrumb":{"@id":"https:\/\/www.dogoodpeople.com\/es\/tendencias-rsc\/criterios-esg\/gobernanza\/aplicando-el-pensamiento-resiliente-para-el-exito-de-la-sostenibilidad-corporativa\/#breadcrumb"},"inLanguage":"es","potentialAction":[{"@type":"ReadAction","target":["https:\/\/www.dogoodpeople.com\/es\/tendencias-rsc\/criterios-esg\/gobernanza\/aplicando-el-pensamiento-resiliente-para-el-exito-de-la-sostenibilidad-corporativa\/"]}]},{"@type":"ImageObject","inLanguage":"es","@id":"https:\/\/www.dogoodpeople.com\/es\/tendencias-rsc\/criterios-esg\/gobernanza\/aplicando-el-pensamiento-resiliente-para-el-exito-de-la-sostenibilidad-corporativa\/#primaryimage","url":"https:\/\/www.dogoodpeople.com\/wp-content\/uploads\/2023\/04\/pexels-tobi-457450.jpg","contentUrl":"https:\/\/www.dogoodpeople.com\/wp-content\/uploads\/2023\/04\/pexels-tobi-457450.jpg","width":640,"height":427,"caption":"resilien"},{"@type":"BreadcrumbList","@id":"https:\/\/www.dogoodpeople.com\/es\/tendencias-rsc\/criterios-esg\/gobernanza\/aplicando-el-pensamiento-resiliente-para-el-exito-de-la-sostenibilidad-corporativa\/#breadcrumb","itemListElement":[{"@type":"ListItem","position":1,"name":"Home","item":"https:\/\/www.dogoodpeople.com\/es\/"},{"@type":"ListItem","position":2,"name":"Aplicando el pensamiento resiliente para el \u00e9xito de la sostenibilidad corporativa"}]},{"@type":"WebSite","@id":"https:\/\/www.dogoodpeople.com\/es\/#website","url":"https:\/\/www.dogoodpeople.com\/es\/","name":"DoGood People","description":"Software para digitalizar el impacto ESG de los empleados y mejorar la reputaci\u00f3n sostenible de las empresas.","publisher":{"@id":"https:\/\/www.dogoodpeople.com\/es\/#organization"},"alternateName":"DoGood","potentialAction":[{"@type":"SearchAction","target":{"@type":"EntryPoint","urlTemplate":"https:\/\/www.dogoodpeople.com\/es\/?s={search_term_string}"},"query-input":{"@type":"PropertyValueSpecification","valueRequired":true,"valueName":"search_term_string"}}],"inLanguage":"es"},{"@type":"Organization","@id":"https:\/\/www.dogoodpeople.com\/es\/#organization","name":"DoGood People","url":"https:\/\/www.dogoodpeople.com\/es\/","logo":{"@type":"ImageObject","inLanguage":"es","@id":"https:\/\/www.dogoodpeople.com\/es\/#\/schema\/logo\/image\/","url":"https:\/\/www.dogoodpeople.com\/wp-content\/uploads\/2022\/09\/Logo-DoGood-people.png","contentUrl":"https:\/\/www.dogoodpeople.com\/wp-content\/uploads\/2022\/09\/Logo-DoGood-people.png","width":400,"height":280,"caption":"DoGood People"},"image":{"@id":"https:\/\/www.dogoodpeople.com\/es\/#\/schema\/logo\/image\/"},"sameAs":["https:\/\/www.linkedin.com\/company\/dogood\/","https:\/\/www.instagram.com\/dogood_people\/"]},{"@type":"Person","@id":"https:\/\/www.dogoodpeople.com\/es\/#\/schema\/person\/0a8577f3e5f8a41a9bc6c4c28af58981","name":"DoGoodPeople"}]}},"_links":{"self":[{"href":"https:\/\/www.dogoodpeople.com\/es\/wp-json\/wp\/v2\/posts\/19778","targetHints":{"allow":["GET"]}}],"collection":[{"href":"https:\/\/www.dogoodpeople.com\/es\/wp-json\/wp\/v2\/posts"}],"about":[{"href":"https:\/\/www.dogoodpeople.com\/es\/wp-json\/wp\/v2\/types\/post"}],"author":[{"embeddable":true,"href":"https:\/\/www.dogoodpeople.com\/es\/wp-json\/wp\/v2\/users\/7"}],"replies":[{"embeddable":true,"href":"https:\/\/www.dogoodpeople.com\/es\/wp-json\/wp\/v2\/comments?post=19778"}],"version-history":[{"count":0,"href":"https:\/\/www.dogoodpeople.com\/es\/wp-json\/wp\/v2\/posts\/19778\/revisions"}],"wp:featuredmedia":[{"embeddable":true,"href":"https:\/\/www.dogoodpeople.com\/es\/wp-json\/wp\/v2\/media\/19745"}],"wp:attachment":[{"href":"https:\/\/www.dogoodpeople.com\/es\/wp-json\/wp\/v2\/media?parent=19778"}],"wp:term":[{"taxonomy":"category","embeddable":true,"href":"https:\/\/www.dogoodpeople.com\/es\/wp-json\/wp\/v2\/categories?post=19778"},{"taxonomy":"post_tag","embeddable":true,"href":"https:\/\/www.dogoodpeople.com\/es\/wp-json\/wp\/v2\/tags?post=19778"}],"curies":[{"name":"wp","href":"https:\/\/api.w.org\/{rel}","templated":true}]}}