{"id":19644,"date":"2023-04-06T12:49:27","date_gmt":"2023-04-06T10:49:27","guid":{"rendered":"https:\/\/www.dogoodpeople.com\/?p=19644"},"modified":"2023-04-06T13:24:53","modified_gmt":"2023-04-06T11:24:53","slug":"responsabilidad-social-en-el-entorno-educativo","status":"publish","type":"post","link":"https:\/\/www.dogoodpeople.com\/es\/webinars-de-sostenibilidad\/responsabilidad-social-en-el-entorno-educativo\/","title":{"rendered":"Responsabilidad social en el entorno educativo"},"content":{"rendered":"\t\t<div data-elementor-type=\"wp-post\" data-elementor-id=\"19644\" class=\"elementor elementor-19644\" data-elementor-post-type=\"post\">\n\t\t\t\t\t\t<section class=\"elementor-section elementor-top-section elementor-element elementor-element-1bc30f5 elementor-section-boxed elementor-section-height-default elementor-section-height-default\" data-id=\"1bc30f5\" data-element_type=\"section\">\n\t\t\t\t\t\t<div class=\"elementor-container elementor-column-gap-default\">\n\t\t\t\t\t<div class=\"elementor-column elementor-col-100 elementor-top-column elementor-element elementor-element-b10a969\" data-id=\"b10a969\" data-element_type=\"column\">\n\t\t\t<div class=\"elementor-widget-wrap elementor-element-populated\">\n\t\t\t\t\t\t<div class=\"elementor-element elementor-element-9385acf elementor-widget elementor-widget-heading\" data-id=\"9385acf\" data-element_type=\"widget\" data-widget_type=\"heading.default\">\n\t\t\t\t<div class=\"elementor-widget-container\">\n\t\t\t\t\t<h2 class=\"elementor-heading-title elementor-size-default\">\u00bfC\u00f3mo ha evolucionado la responsabilidad social dentro del entorno educativo?<\/h2>\t\t\t\t<\/div>\n\t\t\t\t<\/div>\n\t\t\t\t<div class=\"elementor-element elementor-element-13309a2 elementor-widget elementor-widget-text-editor\" data-id=\"13309a2\" data-element_type=\"widget\" data-widget_type=\"text-editor.default\">\n\t\t\t\t<div class=\"elementor-widget-container\">\n\t\t\t\t\t\t\t\t\t<p>El viernes\u00a0pasado Ignacio Barriendos, CEO de DoGood, mantuvo una charla con las <strong>profesoras de la UFV,\u00a0Carmen de la Calle y Teresa de Dios<\/strong>, sobre la importancia de <strong>integrar la responsabilidad social en las universidades,\u00a0tanto a nivel institucional c\u00f3mo entre\u00a0los universitarios.\u00a0<\/strong><\/p><p>A esta charla tambi\u00e9n se les uni\u00f3\u00a0<strong>Ricardo Jimeno de la Universidad Complutense de Madrid<\/strong> que, aunque no sea especialista concretamente en RSC, aport\u00f3 una visi\u00f3n complementaria\u00a0sobre como puede entenderse la responsabilidad social desde el punto de vista de las universidades p\u00fablicas.\u00a0<\/p>\t\t\t\t\t\t\t\t<\/div>\n\t\t\t\t<\/div>\n\t\t\t\t<div class=\"elementor-element elementor-element-b9e4fb0 elementor-blockquote--skin-quotation elementor-widget elementor-widget-blockquote\" data-id=\"b9e4fb0\" data-element_type=\"widget\" data-widget_type=\"blockquote.default\">\n\t\t\t\t<div class=\"elementor-widget-container\">\n\t\t\t\t\t\t\t<blockquote class=\"elementor-blockquote\">\n\t\t\t<p class=\"elementor-blockquote__content\">\n\t\t\t\tLa universidad tiene una gran responsabilidad con la sosteniblidad porque estamos formando de manera integral a las personas que van a ocupar puestos de decisi\u00f3n en las organizaciones y en la sociedad, y eso va a cambiar el mundo.\t\t\t<\/p>\n\t\t\t\t\t\t\t<div class=\"e-q-footer\">\n\t\t\t\t\t\t\t\t\t\t\t<cite class=\"elementor-blockquote__author\">Teresa de Dios<\/cite>\n\t\t\t\t\t\t\t\t\t\t\t\t\t\t<\/div>\n\t\t\t\t\t<\/blockquote>\n\t\t\t\t\t\t<\/div>\n\t\t\t\t<\/div>\n\t\t\t\t<div class=\"elementor-element elementor-element-c036b20 elementor-widget elementor-widget-video\" data-id=\"c036b20\" data-element_type=\"widget\" data-settings=\"{&quot;youtube_url&quot;:&quot;https:\\\/\\\/www.youtube.com\\\/watch?v=4T5IYtlwCI8&quot;,&quot;video_type&quot;:&quot;youtube&quot;,&quot;controls&quot;:&quot;yes&quot;}\" data-widget_type=\"video.default\">\n\t\t\t\t<div class=\"elementor-widget-container\">\n\t\t\t\t\t\t\t<div class=\"elementor-wrapper elementor-open-inline\">\n\t\t\t<div class=\"elementor-video\"><\/div>\t\t<\/div>\n\t\t\t\t\t\t<\/div>\n\t\t\t\t<\/div>\n\t\t\t\t<div class=\"elementor-element elementor-element-241b217 elementor-widget elementor-widget-text-editor\" data-id=\"241b217\" data-element_type=\"widget\" data-widget_type=\"text-editor.default\">\n\t\t\t\t<div class=\"elementor-widget-container\">\n\t\t\t\t\t\t\t\t\t<p><strong>Sobre los ponentes:<\/strong>\u00a0<\/p><ul><li>Ignacio Barriendos: CEO de DoGood<\/li><li>Carmen de la Calle: Directora de C\u00e1tedra Santander Responsabilidad Social y Profesora de Humanidades en la Universidad Francisco de Vitoria.<\/li><li>Teresa de Dios: Vicedecana de Profesorado, Innovaci\u00f3n y Emprendimiento en la Universidad Francisco de Vitoria.<\/li><li>Ricardo Jimeno: Profesor del Departamento de Teor\u00edas y An\u00e1lisis de la Comunicaci\u00f3n. en la Universidad Complutense de Madrid.<\/li><\/ul>\t\t\t\t\t\t\t\t<\/div>\n\t\t\t\t<\/div>\n\t\t\t\t<div class=\"elementor-element elementor-element-cff7ca4 elementor-widget elementor-widget-spacer\" data-id=\"cff7ca4\" data-element_type=\"widget\" data-widget_type=\"spacer.default\">\n\t\t\t\t<div class=\"elementor-widget-container\">\n\t\t\t\t\t\t\t<div class=\"elementor-spacer\">\n\t\t\t<div class=\"elementor-spacer-inner\"><\/div>\n\t\t<\/div>\n\t\t\t\t\t\t<\/div>\n\t\t\t\t<\/div>\n\t\t\t\t<div class=\"elementor-element elementor-element-a0cce60 elementor-widget-divider--view-line elementor-widget elementor-widget-divider\" data-id=\"a0cce60\" data-element_type=\"widget\" data-widget_type=\"divider.default\">\n\t\t\t\t<div class=\"elementor-widget-container\">\n\t\t\t\t\t\t\t<div class=\"elementor-divider\">\n\t\t\t<span class=\"elementor-divider-separator\">\n\t\t\t\t\t\t<\/span>\n\t\t<\/div>\n\t\t\t\t\t\t<\/div>\n\t\t\t\t<\/div>\n\t\t\t\t\t<\/div>\n\t\t<\/div>\n\t\t\t\t\t<\/div>\n\t\t<\/section>\n\t\t\t\t<section class=\"elementor-section elementor-top-section elementor-element elementor-element-352ad52 elementor-section-boxed elementor-section-height-default elementor-section-height-default\" data-id=\"352ad52\" data-element_type=\"section\">\n\t\t\t\t\t\t<div class=\"elementor-container elementor-column-gap-default\">\n\t\t\t\t\t<div class=\"elementor-column elementor-col-100 elementor-top-column elementor-element elementor-element-970bc89\" data-id=\"970bc89\" data-element_type=\"column\">\n\t\t\t<div class=\"elementor-widget-wrap elementor-element-populated\">\n\t\t\t\t\t\t<div class=\"elementor-element elementor-element-d3b8ec9 elementor-widget elementor-widget-heading\" data-id=\"d3b8ec9\" data-element_type=\"widget\" data-widget_type=\"heading.default\">\n\t\t\t\t<div class=\"elementor-widget-container\">\n\t\t\t\t\t<h2 class=\"elementor-heading-title elementor-size-default\">Descubre nuestra gu\u00eda para ayudar a los centros educativos a implementar estrategias de RSC<\/h2>\t\t\t\t<\/div>\n\t\t\t\t<\/div>\n\t\t\t\t<div class=\"elementor-element elementor-element-ff8e8af elementor-cta--layout-image-left elementor-cta--skin-classic elementor-animated-content elementor-bg-transform elementor-bg-transform-zoom-in elementor-widget elementor-widget-call-to-action\" data-id=\"ff8e8af\" data-element_type=\"widget\" data-widget_type=\"call-to-action.default\">\n\t\t\t\t<div class=\"elementor-widget-container\">\n\t\t\t\t\t\t\t<div class=\"elementor-cta\">\n\t\t\t\t\t<div class=\"elementor-cta__bg-wrapper\">\n\t\t\t\t<div class=\"elementor-cta__bg elementor-bg\" style=\"background-image: url(https:\/\/www.dogoodpeople.com\/wp-content\/uploads\/2023\/04\/ods-educacion.jpeg);\" role=\"img\" aria-label=\"ods edcaci\u00f3n\"><\/div>\n\t\t\t\t<div class=\"elementor-cta__bg-overlay\"><\/div>\n\t\t\t<\/div>\n\t\t\t\t\t\t\t<div class=\"elementor-cta__content\">\n\t\t\t\t\n\t\t\t\t\t\t\t\t\t<h2 class=\"elementor-cta__title elementor-cta__content-item elementor-content-item\">\n\t\t\t\t\t\tGu\u00eda para implementar a RSC en el \u00e1mbito educativo\t\t\t\t\t<\/h2>\n\t\t\t\t\n\t\t\t\t\t\t\t\t\t<div class=\"elementor-cta__description elementor-cta__content-item elementor-content-item\">\n\t\t\t\t\t\tC\u00f3mo se deber\u00eda trabajar los ODS en los centros educativos\n\t\t\t\t\t<\/div>\n\t\t\t\t\n\t\t\t\t\t\t\t\t\t<div class=\"elementor-cta__button-wrapper elementor-cta__content-item elementor-content-item \">\n\t\t\t\t\t<a class=\"elementor-cta__button elementor-button elementor-size-\" href=\"https:\/\/www.dogoodpeople.com\/es\/guias-ods-empresas\/la-importancia-de-la-rsc-en-el-ambito-educativo\/\">\n\t\t\t\t\t\tDesc\u00e1rgala aqu\u00ed\t\t\t\t\t<\/a>\n\t\t\t\t\t<\/div>\n\t\t\t\t\t\t\t<\/div>\n\t\t\t\t\t\t<\/div>\n\t\t\t\t\t\t<\/div>\n\t\t\t\t<\/div>\n\t\t\t\t<div class=\"elementor-element elementor-element-f2fe1eb elementor-widget elementor-widget-spacer\" data-id=\"f2fe1eb\" data-element_type=\"widget\" data-widget_type=\"spacer.default\">\n\t\t\t\t<div class=\"elementor-widget-container\">\n\t\t\t\t\t\t\t<div class=\"elementor-spacer\">\n\t\t\t<div class=\"elementor-spacer-inner\"><\/div>\n\t\t<\/div>\n\t\t\t\t\t\t<\/div>\n\t\t\t\t<\/div>\n\t\t\t\t<div class=\"elementor-element elementor-element-b1224fd elementor-widget-divider--view-line elementor-widget elementor-widget-divider\" data-id=\"b1224fd\" data-element_type=\"widget\" data-widget_type=\"divider.default\">\n\t\t\t\t<div class=\"elementor-widget-container\">\n\t\t\t\t\t\t\t<div class=\"elementor-divider\">\n\t\t\t<span class=\"elementor-divider-separator\">\n\t\t\t\t\t\t<\/span>\n\t\t<\/div>\n\t\t\t\t\t\t<\/div>\n\t\t\t\t<\/div>\n\t\t\t\t\t<\/div>\n\t\t<\/div>\n\t\t\t\t\t<\/div>\n\t\t<\/section>\n\t\t\t\t<section class=\"elementor-section elementor-top-section elementor-element elementor-element-550cb8a elementor-section-boxed elementor-section-height-default elementor-section-height-default\" data-id=\"550cb8a\" data-element_type=\"section\">\n\t\t\t\t\t\t<div class=\"elementor-container elementor-column-gap-default\">\n\t\t\t\t\t<div class=\"elementor-column elementor-col-100 elementor-top-column elementor-element elementor-element-43844a0\" data-id=\"43844a0\" data-element_type=\"column\">\n\t\t\t<div class=\"elementor-widget-wrap elementor-element-populated\">\n\t\t\t\t\t\t<div class=\"elementor-element elementor-element-46b1cc3 elementor-widget elementor-widget-heading\" data-id=\"46b1cc3\" data-element_type=\"widget\" data-widget_type=\"heading.default\">\n\t\t\t\t<div class=\"elementor-widget-container\">\n\t\t\t\t\t<h2 class=\"elementor-heading-title elementor-size-default\">Art\u00edculos relacionados<\/h2>\t\t\t\t<\/div>\n\t\t\t\t<\/div>\n\t\t\t\t<div class=\"elementor-element elementor-element-6b17fa9 elementor-grid-3 elementor-grid-tablet-2 elementor-grid-mobile-1 elementor-posts--thumbnail-top elementor-widget elementor-widget-posts\" data-id=\"6b17fa9\" data-element_type=\"widget\" data-settings=\"{&quot;classic_columns&quot;:&quot;3&quot;,&quot;classic_columns_tablet&quot;:&quot;2&quot;,&quot;classic_columns_mobile&quot;:&quot;1&quot;,&quot;classic_row_gap&quot;:{&quot;unit&quot;:&quot;px&quot;,&quot;size&quot;:35,&quot;sizes&quot;:[]},&quot;classic_row_gap_tablet&quot;:{&quot;unit&quot;:&quot;px&quot;,&quot;size&quot;:&quot;&quot;,&quot;sizes&quot;:[]},&quot;classic_row_gap_mobile&quot;:{&quot;unit&quot;:&quot;px&quot;,&quot;size&quot;:&quot;&quot;,&quot;sizes&quot;:[]}}\" data-widget_type=\"posts.classic\">\n\t\t\t\t<div class=\"elementor-widget-container\">\n\t\t\t\t\t\t\t<div class=\"elementor-posts-container elementor-posts elementor-posts--skin-classic elementor-grid\" role=\"list\">\n\t\t\t\t<article class=\"elementor-post elementor-grid-item post-32516 post type-post status-publish format-standard has-post-thumbnail hentry category-rsc\" role=\"listitem\">\n\t\t\t\t<a class=\"elementor-post__thumbnail__link\" href=\"https:\/\/www.dogoodpeople.com\/es\/tendencias-rsc\/rsc\/las-principales-prioridades-de-las-empresas-en-2025-segun-lideres-mundiales\/\" tabindex=\"-1\" >\n\t\t\t<div class=\"elementor-post__thumbnail\"><img fetchpriority=\"high\" decoding=\"async\" width=\"300\" height=\"200\" src=\"https:\/\/www.dogoodpeople.com\/wp-content\/uploads\/2025\/03\/pexels-ketut-subiyanto-4623355-300x200.jpg\" class=\"attachment-medium size-medium wp-image-32491\" alt=\"priorities for businesses\" srcset=\"https:\/\/www.dogoodpeople.com\/wp-content\/uploads\/2025\/03\/pexels-ketut-subiyanto-4623355-300x200.jpg 300w, https:\/\/www.dogoodpeople.com\/wp-content\/uploads\/2025\/03\/pexels-ketut-subiyanto-4623355-1024x682.jpg 1024w, https:\/\/www.dogoodpeople.com\/wp-content\/uploads\/2025\/03\/pexels-ketut-subiyanto-4623355-768x511.jpg 768w, https:\/\/www.dogoodpeople.com\/wp-content\/uploads\/2025\/03\/pexels-ketut-subiyanto-4623355.jpg 1280w\" sizes=\"(max-width: 300px) 100vw, 300px\" \/><\/div>\n\t\t<\/a>\n\t\t\t\t<div class=\"elementor-post__text\">\n\t\t\t\t<h3 class=\"elementor-post__title\">\n\t\t\t<a href=\"https:\/\/www.dogoodpeople.com\/es\/tendencias-rsc\/rsc\/las-principales-prioridades-de-las-empresas-en-2025-segun-lideres-mundiales\/\" >\n\t\t\t\tLas principales prioridades de las empresas en 2025 seg\u00fan l\u00edderes mundiales\t\t\t<\/a>\n\t\t<\/h3>\n\t\t\t\t<div class=\"elementor-post__excerpt\">\n\t\t\t<p>La reuni\u00f3n anual del Foro Econ\u00f3mico Mundial en Davos ha sido durante mucho tiempo una<\/p>\n\t\t<\/div>\n\t\t\n\t\t<a class=\"elementor-post__read-more\" href=\"https:\/\/www.dogoodpeople.com\/es\/tendencias-rsc\/rsc\/las-principales-prioridades-de-las-empresas-en-2025-segun-lideres-mundiales\/\" aria-label=\"M\u00e1s informaci\u00f3n sobre Las principales prioridades de las empresas en 2025 seg\u00fan l\u00edderes mundiales\" tabindex=\"-1\" >\n\t\t\tLeer m\u00e1s \u00bb\t\t<\/a>\n\n\t\t\t\t<\/div>\n\t\t\t\t<\/article>\n\t\t\t\t<article class=\"elementor-post elementor-grid-item post-14369 post type-post status-publish format-standard has-post-thumbnail hentry category-rsc\" role=\"listitem\">\n\t\t\t\t<a class=\"elementor-post__thumbnail__link\" href=\"https:\/\/www.dogoodpeople.com\/es\/tendencias-rsc\/rsc\/el-poder-de-las-pymes-para-avanzar-la-sostenibilidad\/\" tabindex=\"-1\" >\n\t\t\t<div class=\"elementor-post__thumbnail\"><img decoding=\"async\" width=\"300\" height=\"200\" src=\"https:\/\/www.dogoodpeople.com\/wp-content\/uploads\/2022\/06\/pexels-tom-fisk-1605270-300x200.jpg\" class=\"attachment-medium size-medium wp-image-15005\" alt=\"sostenibilidad PYMES\" srcset=\"https:\/\/www.dogoodpeople.com\/wp-content\/uploads\/2022\/06\/pexels-tom-fisk-1605270-300x200.jpg 300w, https:\/\/www.dogoodpeople.com\/wp-content\/uploads\/2022\/06\/pexels-tom-fisk-1605270.jpg 639w\" sizes=\"(max-width: 300px) 100vw, 300px\" \/><\/div>\n\t\t<\/a>\n\t\t\t\t<div class=\"elementor-post__text\">\n\t\t\t\t<h3 class=\"elementor-post__title\">\n\t\t\t<a href=\"https:\/\/www.dogoodpeople.com\/es\/tendencias-rsc\/rsc\/el-poder-de-las-pymes-para-avanzar-la-sostenibilidad\/\" >\n\t\t\t\tEl poder de las PYMES para avanzar la sostenibilidad\t\t\t<\/a>\n\t\t<\/h3>\n\t\t\t\t<div class=\"elementor-post__excerpt\">\n\t\t\t<p>Las peque\u00f1as y medianas empresas abarcan casi el 90% de las empresas mundiales, as\u00ed como<\/p>\n\t\t<\/div>\n\t\t\n\t\t<a class=\"elementor-post__read-more\" href=\"https:\/\/www.dogoodpeople.com\/es\/tendencias-rsc\/rsc\/el-poder-de-las-pymes-para-avanzar-la-sostenibilidad\/\" aria-label=\"M\u00e1s informaci\u00f3n sobre El poder de las PYMES para avanzar la sostenibilidad\" tabindex=\"-1\" >\n\t\t\tLeer m\u00e1s \u00bb\t\t<\/a>\n\n\t\t\t\t<\/div>\n\t\t\t\t<\/article>\n\t\t\t\t<article class=\"elementor-post elementor-grid-item post-13892 post type-post status-publish format-standard has-post-thumbnail hentry category-rsc\" role=\"listitem\">\n\t\t\t\t<a class=\"elementor-post__thumbnail__link\" href=\"https:\/\/www.dogoodpeople.com\/es\/tendencias-rsc\/rsc\/el-papel-de-las-empresas-en-el-capitalismo-de-stakeholders\/\" tabindex=\"-1\" >\n\t\t\t<div class=\"elementor-post__thumbnail\"><img decoding=\"async\" width=\"300\" height=\"169\" src=\"https:\/\/www.dogoodpeople.com\/wp-content\/uploads\/2022\/05\/pexels-aleksandar-pasaric-618079-1-300x169.jpg\" class=\"attachment-medium size-medium wp-image-15008\" alt=\"stakeholder capitalismo\" srcset=\"https:\/\/www.dogoodpeople.com\/wp-content\/uploads\/2022\/05\/pexels-aleksandar-pasaric-618079-1-300x169.jpg 300w, https:\/\/www.dogoodpeople.com\/wp-content\/uploads\/2022\/05\/pexels-aleksandar-pasaric-618079-1.jpg 640w\" sizes=\"(max-width: 300px) 100vw, 300px\" \/><\/div>\n\t\t<\/a>\n\t\t\t\t<div class=\"elementor-post__text\">\n\t\t\t\t<h3 class=\"elementor-post__title\">\n\t\t\t<a href=\"https:\/\/www.dogoodpeople.com\/es\/tendencias-rsc\/rsc\/el-papel-de-las-empresas-en-el-capitalismo-de-stakeholders\/\" >\n\t\t\t\tEl papel de las empresas en el capitalismo de stakeholders\t\t\t<\/a>\n\t\t<\/h3>\n\t\t\t\t<div class=\"elementor-post__excerpt\">\n\t\t\t<p>El capitalismo de stakeholders ha resurgido con fuerza para cambiar la manera que tenemos de<\/p>\n\t\t<\/div>\n\t\t\n\t\t<a class=\"elementor-post__read-more\" href=\"https:\/\/www.dogoodpeople.com\/es\/tendencias-rsc\/rsc\/el-papel-de-las-empresas-en-el-capitalismo-de-stakeholders\/\" aria-label=\"M\u00e1s informaci\u00f3n sobre El papel de las empresas en el capitalismo de stakeholders\" tabindex=\"-1\" >\n\t\t\tLeer m\u00e1s \u00bb\t\t<\/a>\n\n\t\t\t\t<\/div>\n\t\t\t\t<\/article>\n\t\t\t\t<article class=\"elementor-post elementor-grid-item post-14208 post type-post status-publish format-standard has-post-thumbnail hentry category-rsc\" role=\"listitem\">\n\t\t\t\t<a class=\"elementor-post__thumbnail__link\" href=\"https:\/\/www.dogoodpeople.com\/es\/tendencias-rsc\/rsc\/derechos-humanos-medioambientales\/\" tabindex=\"-1\" >\n\t\t\t<div class=\"elementor-post__thumbnail\"><img loading=\"lazy\" decoding=\"async\" width=\"300\" height=\"169\" src=\"https:\/\/www.dogoodpeople.com\/wp-content\/uploads\/2022\/03\/pexels-pixabay-414798-300x169.jpg\" class=\"attachment-medium size-medium wp-image-15131\" alt=\"derechos humanos ambientales\" srcset=\"https:\/\/www.dogoodpeople.com\/wp-content\/uploads\/2022\/03\/pexels-pixabay-414798-300x169.jpg 300w, https:\/\/www.dogoodpeople.com\/wp-content\/uploads\/2022\/03\/pexels-pixabay-414798-768x432.jpg 768w, https:\/\/www.dogoodpeople.com\/wp-content\/uploads\/2022\/03\/pexels-pixabay-414798.jpg 800w\" sizes=\"(max-width: 300px) 100vw, 300px\" \/><\/div>\n\t\t<\/a>\n\t\t\t\t<div class=\"elementor-post__text\">\n\t\t\t\t<h3 class=\"elementor-post__title\">\n\t\t\t<a href=\"https:\/\/www.dogoodpeople.com\/es\/tendencias-rsc\/rsc\/derechos-humanos-medioambientales\/\" >\n\t\t\t\tDerechos Humanos Medioambientales\t\t\t<\/a>\n\t\t<\/h3>\n\t\t\t\t<div class=\"elementor-post__excerpt\">\n\t\t\t<p>Los derechos pol\u00edticos, sociales, econ\u00f3micos y culturales est\u00e1n protegidos en casi todas los territorios del<\/p>\n\t\t<\/div>\n\t\t\n\t\t<a class=\"elementor-post__read-more\" href=\"https:\/\/www.dogoodpeople.com\/es\/tendencias-rsc\/rsc\/derechos-humanos-medioambientales\/\" aria-label=\"M\u00e1s informaci\u00f3n sobre Derechos Humanos Medioambientales\" tabindex=\"-1\" >\n\t\t\tLeer m\u00e1s \u00bb\t\t<\/a>\n\n\t\t\t\t<\/div>\n\t\t\t\t<\/article>\n\t\t\t\t<article class=\"elementor-post elementor-grid-item post-14363 post type-post status-publish format-standard has-post-thumbnail hentry category-rsc\" role=\"listitem\">\n\t\t\t\t<a class=\"elementor-post__thumbnail__link\" href=\"https:\/\/www.dogoodpeople.com\/es\/tendencias-rsc\/rsc\/repensando-el-valor-de-la-sostenibilidad\/\" tabindex=\"-1\" >\n\t\t\t<div class=\"elementor-post__thumbnail\"><img loading=\"lazy\" decoding=\"async\" width=\"300\" height=\"169\" src=\"https:\/\/www.dogoodpeople.com\/wp-content\/uploads\/2022\/02\/pexels-pixabay-207489-300x169.jpg\" class=\"attachment-medium size-medium wp-image-15179\" alt=\"valor sostenible\" srcset=\"https:\/\/www.dogoodpeople.com\/wp-content\/uploads\/2022\/02\/pexels-pixabay-207489-300x169.jpg 300w, https:\/\/www.dogoodpeople.com\/wp-content\/uploads\/2022\/02\/pexels-pixabay-207489.jpg 640w\" sizes=\"(max-width: 300px) 100vw, 300px\" \/><\/div>\n\t\t<\/a>\n\t\t\t\t<div class=\"elementor-post__text\">\n\t\t\t\t<h3 class=\"elementor-post__title\">\n\t\t\t<a href=\"https:\/\/www.dogoodpeople.com\/es\/tendencias-rsc\/rsc\/repensando-el-valor-de-la-sostenibilidad\/\" >\n\t\t\t\tRepensando el valor de la sostenibilidad\t\t\t<\/a>\n\t\t<\/h3>\n\t\t\t\t<div class=\"elementor-post__excerpt\">\n\t\t\t<p>Muchas veces el valor real de las acciones sostenibles se nos escapa. Cuando se mide<\/p>\n\t\t<\/div>\n\t\t\n\t\t<a class=\"elementor-post__read-more\" href=\"https:\/\/www.dogoodpeople.com\/es\/tendencias-rsc\/rsc\/repensando-el-valor-de-la-sostenibilidad\/\" aria-label=\"M\u00e1s informaci\u00f3n sobre Repensando el valor de la sostenibilidad\" tabindex=\"-1\" >\n\t\t\tLeer m\u00e1s \u00bb\t\t<\/a>\n\n\t\t\t\t<\/div>\n\t\t\t\t<\/article>\n\t\t\t\t<article class=\"elementor-post elementor-grid-item post-7406 post type-post status-publish format-standard has-post-thumbnail hentry category-rsc\" role=\"listitem\">\n\t\t\t\t<a class=\"elementor-post__thumbnail__link\" href=\"https:\/\/www.dogoodpeople.com\/es\/tendencias-rsc\/rsc\/sostenibilidad-y-competitividad-de-las-empresas\/\" tabindex=\"-1\" >\n\t\t\t<div class=\"elementor-post__thumbnail\"><img loading=\"lazy\" decoding=\"async\" width=\"300\" height=\"200\" src=\"https:\/\/www.dogoodpeople.com\/wp-content\/uploads\/2021\/11\/pexels-antoni-shkraba-5862377-300x200.jpg\" class=\"attachment-medium size-medium wp-image-18156\" alt=\"competitividad\" srcset=\"https:\/\/www.dogoodpeople.com\/wp-content\/uploads\/2021\/11\/pexels-antoni-shkraba-5862377-300x200.jpg 300w, https:\/\/www.dogoodpeople.com\/wp-content\/uploads\/2021\/11\/pexels-antoni-shkraba-5862377.jpg 640w\" sizes=\"(max-width: 300px) 100vw, 300px\" \/><\/div>\n\t\t<\/a>\n\t\t\t\t<div class=\"elementor-post__text\">\n\t\t\t\t<h3 class=\"elementor-post__title\">\n\t\t\t<a href=\"https:\/\/www.dogoodpeople.com\/es\/tendencias-rsc\/rsc\/sostenibilidad-y-competitividad-de-las-empresas\/\" >\n\t\t\t\tSostenibilidad: Una oportunidad para mejorar la competitividad de las empresas\t\t\t<\/a>\n\t\t<\/h3>\n\t\t\t\t<div class=\"elementor-post__excerpt\">\n\t\t\t<p>En los \u00faltimos a\u00f1os conceptos como la sostenibilidad y la responsabilidad social corporativa han ganado<\/p>\n\t\t<\/div>\n\t\t\n\t\t<a class=\"elementor-post__read-more\" href=\"https:\/\/www.dogoodpeople.com\/es\/tendencias-rsc\/rsc\/sostenibilidad-y-competitividad-de-las-empresas\/\" aria-label=\"M\u00e1s informaci\u00f3n sobre Sostenibilidad: Una oportunidad para mejorar la competitividad de las empresas\" tabindex=\"-1\" >\n\t\t\tLeer m\u00e1s \u00bb\t\t<\/a>\n\n\t\t\t\t<\/div>\n\t\t\t\t<\/article>\n\t\t\t\t<\/div>\n\t\t\n\t\t\t\t\t\t<\/div>\n\t\t\t\t<\/div>\n\t\t\t\t\t<\/div>\n\t\t<\/div>\n\t\t\t\t\t<\/div>\n\t\t<\/section>\n\t\t\t\t<\/div>\n\t\t","protected":false},"excerpt":{"rendered":"<p>\u00bfC\u00f3mo ha evolucionado la responsabilidad social dentro del entorno educativo? El viernes\u00a0pasado Ignacio Barriendos, CEO [&hellip;]<\/p>\n","protected":false},"author":7,"featured_media":19653,"comment_status":"closed","ping_status":"closed","sticky":false,"template":"","format":"standard","meta":{"_acf_changed":false,"content-type":"","footnotes":""},"categories":[194],"tags":[],"class_list":["post-19644","post","type-post","status-publish","format-standard","has-post-thumbnail","hentry","category-webinars-de-sostenibilidad"],"acf":[],"yoast_head":"<!-- This site is optimized with the Yoast SEO Premium plugin v25.8 (Yoast SEO v27.5) - https:\/\/yoast.com\/product\/yoast-seo-premium-wordpress\/ -->\n<title>Responsabilidad social en el entorno educativo - DoGood People<\/title>\n<meta name=\"description\" content=\"Carmen de la Calle y Teresa de Dios de la UFV nos hablan sobre la importancia de integrar la responsabilidad social el entorno educativo.\" \/>\n<meta name=\"robots\" content=\"index, follow, max-snippet:-1, max-image-preview:large, max-video-preview:-1\" \/>\n<link rel=\"canonical\" href=\"https:\/\/www.dogoodpeople.com\/es\/webinars-de-sostenibilidad\/responsabilidad-social-en-el-entorno-educativo\/\" \/>\n<meta property=\"og:locale\" content=\"es_ES\" \/>\n<meta property=\"og:type\" content=\"article\" \/>\n<meta property=\"og:title\" content=\"Responsabilidad social en el entorno educativo\" \/>\n<meta property=\"og:description\" content=\"Carmen de la Calle y Teresa de Dios de la UFV nos hablan sobre la importancia de integrar la responsabilidad social el entorno educativo.\" \/>\n<meta property=\"og:url\" content=\"https:\/\/www.dogoodpeople.com\/es\/webinars-de-sostenibilidad\/responsabilidad-social-en-el-entorno-educativo\/\" \/>\n<meta property=\"og:site_name\" content=\"DoGood People\" \/>\n<meta property=\"article:published_time\" content=\"2023-04-06T10:49:27+00:00\" \/>\n<meta property=\"article:modified_time\" content=\"2023-04-06T11:24:53+00:00\" \/>\n<meta property=\"og:image\" content=\"https:\/\/www.dogoodpeople.com\/wp-content\/uploads\/2023\/04\/rsc-en-el-entorno-educativo.jpg\" \/>\n\t<meta property=\"og:image:width\" content=\"1280\" \/>\n\t<meta property=\"og:image:height\" content=\"914\" \/>\n\t<meta property=\"og:image:type\" content=\"image\/jpeg\" \/>\n<meta name=\"author\" content=\"DoGoodPeople\" \/>\n<meta name=\"twitter:card\" content=\"summary_large_image\" \/>\n<meta name=\"twitter:label1\" content=\"Escrito por\" \/>\n\t<meta name=\"twitter:data1\" content=\"DoGoodPeople\" \/>\n\t<meta name=\"twitter:label2\" content=\"Tiempo de lectura\" \/>\n\t<meta name=\"twitter:data2\" content=\"4 minutos\" \/>\n<script type=\"application\/ld+json\" class=\"yoast-schema-graph\">{\"@context\":\"https:\\\/\\\/schema.org\",\"@graph\":[{\"@type\":\"Article\",\"@id\":\"https:\\\/\\\/www.dogoodpeople.com\\\/es\\\/webinars-de-sostenibilidad\\\/responsabilidad-social-en-el-entorno-educativo\\\/#article\",\"isPartOf\":{\"@id\":\"https:\\\/\\\/www.dogoodpeople.com\\\/es\\\/webinars-de-sostenibilidad\\\/responsabilidad-social-en-el-entorno-educativo\\\/\"},\"author\":{\"name\":\"DoGoodPeople\",\"@id\":\"https:\\\/\\\/www.dogoodpeople.com\\\/es\\\/#\\\/schema\\\/person\\\/0a8577f3e5f8a41a9bc6c4c28af58981\"},\"headline\":\"Responsabilidad social en el entorno educativo\",\"datePublished\":\"2023-04-06T10:49:27+00:00\",\"dateModified\":\"2023-04-06T11:24:53+00:00\",\"mainEntityOfPage\":{\"@id\":\"https:\\\/\\\/www.dogoodpeople.com\\\/es\\\/webinars-de-sostenibilidad\\\/responsabilidad-social-en-el-entorno-educativo\\\/\"},\"wordCount\":268,\"publisher\":{\"@id\":\"https:\\\/\\\/www.dogoodpeople.com\\\/es\\\/#organization\"},\"image\":{\"@id\":\"https:\\\/\\\/www.dogoodpeople.com\\\/es\\\/webinars-de-sostenibilidad\\\/responsabilidad-social-en-el-entorno-educativo\\\/#primaryimage\"},\"thumbnailUrl\":\"https:\\\/\\\/www.dogoodpeople.com\\\/wp-content\\\/uploads\\\/2023\\\/04\\\/rsc-en-el-entorno-educativo.jpg\",\"articleSection\":[\"Webinars de sostenibilidad\"],\"inLanguage\":\"es\"},{\"@type\":\"WebPage\",\"@id\":\"https:\\\/\\\/www.dogoodpeople.com\\\/es\\\/webinars-de-sostenibilidad\\\/responsabilidad-social-en-el-entorno-educativo\\\/\",\"url\":\"https:\\\/\\\/www.dogoodpeople.com\\\/es\\\/webinars-de-sostenibilidad\\\/responsabilidad-social-en-el-entorno-educativo\\\/\",\"name\":\"Responsabilidad social en el entorno educativo - DoGood People\",\"isPartOf\":{\"@id\":\"https:\\\/\\\/www.dogoodpeople.com\\\/es\\\/#website\"},\"primaryImageOfPage\":{\"@id\":\"https:\\\/\\\/www.dogoodpeople.com\\\/es\\\/webinars-de-sostenibilidad\\\/responsabilidad-social-en-el-entorno-educativo\\\/#primaryimage\"},\"image\":{\"@id\":\"https:\\\/\\\/www.dogoodpeople.com\\\/es\\\/webinars-de-sostenibilidad\\\/responsabilidad-social-en-el-entorno-educativo\\\/#primaryimage\"},\"thumbnailUrl\":\"https:\\\/\\\/www.dogoodpeople.com\\\/wp-content\\\/uploads\\\/2023\\\/04\\\/rsc-en-el-entorno-educativo.jpg\",\"datePublished\":\"2023-04-06T10:49:27+00:00\",\"dateModified\":\"2023-04-06T11:24:53+00:00\",\"description\":\"Carmen de la Calle y Teresa de Dios de la UFV nos hablan sobre la importancia de integrar la responsabilidad social el entorno educativo.\",\"breadcrumb\":{\"@id\":\"https:\\\/\\\/www.dogoodpeople.com\\\/es\\\/webinars-de-sostenibilidad\\\/responsabilidad-social-en-el-entorno-educativo\\\/#breadcrumb\"},\"inLanguage\":\"es\",\"potentialAction\":[{\"@type\":\"ReadAction\",\"target\":[\"https:\\\/\\\/www.dogoodpeople.com\\\/es\\\/webinars-de-sostenibilidad\\\/responsabilidad-social-en-el-entorno-educativo\\\/\"]}]},{\"@type\":\"ImageObject\",\"inLanguage\":\"es\",\"@id\":\"https:\\\/\\\/www.dogoodpeople.com\\\/es\\\/webinars-de-sostenibilidad\\\/responsabilidad-social-en-el-entorno-educativo\\\/#primaryimage\",\"url\":\"https:\\\/\\\/www.dogoodpeople.com\\\/wp-content\\\/uploads\\\/2023\\\/04\\\/rsc-en-el-entorno-educativo.jpg\",\"contentUrl\":\"https:\\\/\\\/www.dogoodpeople.com\\\/wp-content\\\/uploads\\\/2023\\\/04\\\/rsc-en-el-entorno-educativo.jpg\",\"width\":1280,\"height\":914,\"caption\":\"rsc entorno educativo\"},{\"@type\":\"BreadcrumbList\",\"@id\":\"https:\\\/\\\/www.dogoodpeople.com\\\/es\\\/webinars-de-sostenibilidad\\\/responsabilidad-social-en-el-entorno-educativo\\\/#breadcrumb\",\"itemListElement\":[{\"@type\":\"ListItem\",\"position\":1,\"name\":\"Home\",\"item\":\"https:\\\/\\\/www.dogoodpeople.com\\\/es\\\/\"},{\"@type\":\"ListItem\",\"position\":2,\"name\":\"Responsabilidad social en el entorno educativo\"}]},{\"@type\":\"WebSite\",\"@id\":\"https:\\\/\\\/www.dogoodpeople.com\\\/es\\\/#website\",\"url\":\"https:\\\/\\\/www.dogoodpeople.com\\\/es\\\/\",\"name\":\"DoGood People\",\"description\":\"Software para digitalizar el impacto ESG de los empleados y mejorar la reputaci\u00f3n sostenible de las empresas.\",\"publisher\":{\"@id\":\"https:\\\/\\\/www.dogoodpeople.com\\\/es\\\/#organization\"},\"alternateName\":\"DoGood\",\"potentialAction\":[{\"@type\":\"SearchAction\",\"target\":{\"@type\":\"EntryPoint\",\"urlTemplate\":\"https:\\\/\\\/www.dogoodpeople.com\\\/es\\\/?s={search_term_string}\"},\"query-input\":{\"@type\":\"PropertyValueSpecification\",\"valueRequired\":true,\"valueName\":\"search_term_string\"}}],\"inLanguage\":\"es\"},{\"@type\":\"Organization\",\"@id\":\"https:\\\/\\\/www.dogoodpeople.com\\\/es\\\/#organization\",\"name\":\"DoGood People\",\"url\":\"https:\\\/\\\/www.dogoodpeople.com\\\/es\\\/\",\"logo\":{\"@type\":\"ImageObject\",\"inLanguage\":\"es\",\"@id\":\"https:\\\/\\\/www.dogoodpeople.com\\\/es\\\/#\\\/schema\\\/logo\\\/image\\\/\",\"url\":\"https:\\\/\\\/www.dogoodpeople.com\\\/wp-content\\\/uploads\\\/2022\\\/09\\\/Logo-DoGood-people.png\",\"contentUrl\":\"https:\\\/\\\/www.dogoodpeople.com\\\/wp-content\\\/uploads\\\/2022\\\/09\\\/Logo-DoGood-people.png\",\"width\":400,\"height\":280,\"caption\":\"DoGood People\"},\"image\":{\"@id\":\"https:\\\/\\\/www.dogoodpeople.com\\\/es\\\/#\\\/schema\\\/logo\\\/image\\\/\"},\"sameAs\":[\"https:\\\/\\\/www.linkedin.com\\\/company\\\/dogood\\\/\",\"https:\\\/\\\/www.instagram.com\\\/dogood_people\\\/\"]},{\"@type\":\"Person\",\"@id\":\"https:\\\/\\\/www.dogoodpeople.com\\\/es\\\/#\\\/schema\\\/person\\\/0a8577f3e5f8a41a9bc6c4c28af58981\",\"name\":\"DoGoodPeople\"}]}<\/script>\n<!-- \/ Yoast SEO Premium plugin. -->","yoast_head_json":{"title":"Responsabilidad social en el entorno educativo - DoGood People","description":"Carmen de la Calle y Teresa de Dios de la UFV nos hablan sobre la importancia de integrar la responsabilidad social el entorno educativo.","robots":{"index":"index","follow":"follow","max-snippet":"max-snippet:-1","max-image-preview":"max-image-preview:large","max-video-preview":"max-video-preview:-1"},"canonical":"https:\/\/www.dogoodpeople.com\/es\/webinars-de-sostenibilidad\/responsabilidad-social-en-el-entorno-educativo\/","og_locale":"es_ES","og_type":"article","og_title":"Responsabilidad social en el entorno educativo","og_description":"Carmen de la Calle y Teresa de Dios de la UFV nos hablan sobre la importancia de integrar la responsabilidad social el entorno educativo.","og_url":"https:\/\/www.dogoodpeople.com\/es\/webinars-de-sostenibilidad\/responsabilidad-social-en-el-entorno-educativo\/","og_site_name":"DoGood People","article_published_time":"2023-04-06T10:49:27+00:00","article_modified_time":"2023-04-06T11:24:53+00:00","og_image":[{"width":1280,"height":914,"url":"https:\/\/www.dogoodpeople.com\/wp-content\/uploads\/2023\/04\/rsc-en-el-entorno-educativo.jpg","type":"image\/jpeg"}],"author":"DoGoodPeople","twitter_card":"summary_large_image","twitter_misc":{"Escrito por":"DoGoodPeople","Tiempo de lectura":"4 minutos"},"schema":{"@context":"https:\/\/schema.org","@graph":[{"@type":"Article","@id":"https:\/\/www.dogoodpeople.com\/es\/webinars-de-sostenibilidad\/responsabilidad-social-en-el-entorno-educativo\/#article","isPartOf":{"@id":"https:\/\/www.dogoodpeople.com\/es\/webinars-de-sostenibilidad\/responsabilidad-social-en-el-entorno-educativo\/"},"author":{"name":"DoGoodPeople","@id":"https:\/\/www.dogoodpeople.com\/es\/#\/schema\/person\/0a8577f3e5f8a41a9bc6c4c28af58981"},"headline":"Responsabilidad social en el entorno educativo","datePublished":"2023-04-06T10:49:27+00:00","dateModified":"2023-04-06T11:24:53+00:00","mainEntityOfPage":{"@id":"https:\/\/www.dogoodpeople.com\/es\/webinars-de-sostenibilidad\/responsabilidad-social-en-el-entorno-educativo\/"},"wordCount":268,"publisher":{"@id":"https:\/\/www.dogoodpeople.com\/es\/#organization"},"image":{"@id":"https:\/\/www.dogoodpeople.com\/es\/webinars-de-sostenibilidad\/responsabilidad-social-en-el-entorno-educativo\/#primaryimage"},"thumbnailUrl":"https:\/\/www.dogoodpeople.com\/wp-content\/uploads\/2023\/04\/rsc-en-el-entorno-educativo.jpg","articleSection":["Webinars de sostenibilidad"],"inLanguage":"es"},{"@type":"WebPage","@id":"https:\/\/www.dogoodpeople.com\/es\/webinars-de-sostenibilidad\/responsabilidad-social-en-el-entorno-educativo\/","url":"https:\/\/www.dogoodpeople.com\/es\/webinars-de-sostenibilidad\/responsabilidad-social-en-el-entorno-educativo\/","name":"Responsabilidad social en el entorno educativo - DoGood People","isPartOf":{"@id":"https:\/\/www.dogoodpeople.com\/es\/#website"},"primaryImageOfPage":{"@id":"https:\/\/www.dogoodpeople.com\/es\/webinars-de-sostenibilidad\/responsabilidad-social-en-el-entorno-educativo\/#primaryimage"},"image":{"@id":"https:\/\/www.dogoodpeople.com\/es\/webinars-de-sostenibilidad\/responsabilidad-social-en-el-entorno-educativo\/#primaryimage"},"thumbnailUrl":"https:\/\/www.dogoodpeople.com\/wp-content\/uploads\/2023\/04\/rsc-en-el-entorno-educativo.jpg","datePublished":"2023-04-06T10:49:27+00:00","dateModified":"2023-04-06T11:24:53+00:00","description":"Carmen de la Calle y Teresa de Dios de la UFV nos hablan sobre la importancia de integrar la responsabilidad social el entorno educativo.","breadcrumb":{"@id":"https:\/\/www.dogoodpeople.com\/es\/webinars-de-sostenibilidad\/responsabilidad-social-en-el-entorno-educativo\/#breadcrumb"},"inLanguage":"es","potentialAction":[{"@type":"ReadAction","target":["https:\/\/www.dogoodpeople.com\/es\/webinars-de-sostenibilidad\/responsabilidad-social-en-el-entorno-educativo\/"]}]},{"@type":"ImageObject","inLanguage":"es","@id":"https:\/\/www.dogoodpeople.com\/es\/webinars-de-sostenibilidad\/responsabilidad-social-en-el-entorno-educativo\/#primaryimage","url":"https:\/\/www.dogoodpeople.com\/wp-content\/uploads\/2023\/04\/rsc-en-el-entorno-educativo.jpg","contentUrl":"https:\/\/www.dogoodpeople.com\/wp-content\/uploads\/2023\/04\/rsc-en-el-entorno-educativo.jpg","width":1280,"height":914,"caption":"rsc entorno educativo"},{"@type":"BreadcrumbList","@id":"https:\/\/www.dogoodpeople.com\/es\/webinars-de-sostenibilidad\/responsabilidad-social-en-el-entorno-educativo\/#breadcrumb","itemListElement":[{"@type":"ListItem","position":1,"name":"Home","item":"https:\/\/www.dogoodpeople.com\/es\/"},{"@type":"ListItem","position":2,"name":"Responsabilidad social en el entorno educativo"}]},{"@type":"WebSite","@id":"https:\/\/www.dogoodpeople.com\/es\/#website","url":"https:\/\/www.dogoodpeople.com\/es\/","name":"DoGood People","description":"Software para digitalizar el impacto ESG de los empleados y mejorar la reputaci\u00f3n sostenible de las empresas.","publisher":{"@id":"https:\/\/www.dogoodpeople.com\/es\/#organization"},"alternateName":"DoGood","potentialAction":[{"@type":"SearchAction","target":{"@type":"EntryPoint","urlTemplate":"https:\/\/www.dogoodpeople.com\/es\/?s={search_term_string}"},"query-input":{"@type":"PropertyValueSpecification","valueRequired":true,"valueName":"search_term_string"}}],"inLanguage":"es"},{"@type":"Organization","@id":"https:\/\/www.dogoodpeople.com\/es\/#organization","name":"DoGood People","url":"https:\/\/www.dogoodpeople.com\/es\/","logo":{"@type":"ImageObject","inLanguage":"es","@id":"https:\/\/www.dogoodpeople.com\/es\/#\/schema\/logo\/image\/","url":"https:\/\/www.dogoodpeople.com\/wp-content\/uploads\/2022\/09\/Logo-DoGood-people.png","contentUrl":"https:\/\/www.dogoodpeople.com\/wp-content\/uploads\/2022\/09\/Logo-DoGood-people.png","width":400,"height":280,"caption":"DoGood People"},"image":{"@id":"https:\/\/www.dogoodpeople.com\/es\/#\/schema\/logo\/image\/"},"sameAs":["https:\/\/www.linkedin.com\/company\/dogood\/","https:\/\/www.instagram.com\/dogood_people\/"]},{"@type":"Person","@id":"https:\/\/www.dogoodpeople.com\/es\/#\/schema\/person\/0a8577f3e5f8a41a9bc6c4c28af58981","name":"DoGoodPeople"}]}},"_links":{"self":[{"href":"https:\/\/www.dogoodpeople.com\/es\/wp-json\/wp\/v2\/posts\/19644","targetHints":{"allow":["GET"]}}],"collection":[{"href":"https:\/\/www.dogoodpeople.com\/es\/wp-json\/wp\/v2\/posts"}],"about":[{"href":"https:\/\/www.dogoodpeople.com\/es\/wp-json\/wp\/v2\/types\/post"}],"author":[{"embeddable":true,"href":"https:\/\/www.dogoodpeople.com\/es\/wp-json\/wp\/v2\/users\/7"}],"replies":[{"embeddable":true,"href":"https:\/\/www.dogoodpeople.com\/es\/wp-json\/wp\/v2\/comments?post=19644"}],"version-history":[{"count":0,"href":"https:\/\/www.dogoodpeople.com\/es\/wp-json\/wp\/v2\/posts\/19644\/revisions"}],"wp:featuredmedia":[{"embeddable":true,"href":"https:\/\/www.dogoodpeople.com\/es\/wp-json\/wp\/v2\/media\/19653"}],"wp:attachment":[{"href":"https:\/\/www.dogoodpeople.com\/es\/wp-json\/wp\/v2\/media?parent=19644"}],"wp:term":[{"taxonomy":"category","embeddable":true,"href":"https:\/\/www.dogoodpeople.com\/es\/wp-json\/wp\/v2\/categories?post=19644"},{"taxonomy":"post_tag","embeddable":true,"href":"https:\/\/www.dogoodpeople.com\/es\/wp-json\/wp\/v2\/tags?post=19644"}],"curies":[{"name":"wp","href":"https:\/\/api.w.org\/{rel}","templated":true}]}}