{"id":18908,"date":"2023-03-14T09:10:54","date_gmt":"2023-03-14T08:10:54","guid":{"rendered":"https:\/\/www.dogoodpeople.com\/?p=18908"},"modified":"2023-03-14T09:12:52","modified_gmt":"2023-03-14T08:12:52","slug":"por-que-proteger-la-naturaleza-deberia-estar-entre-las-prioridades-de-las-empresas","status":"publish","type":"post","link":"https:\/\/www.dogoodpeople.com\/es\/tendencias-rsc\/accion-climatica\/por-que-proteger-la-naturaleza-deberia-estar-entre-las-prioridades-de-las-empresas\/","title":{"rendered":"Por qu\u00e9 proteger la naturaleza deber\u00eda estar entre las prioridades de las empresas"},"content":{"rendered":"\t\t<div data-elementor-type=\"wp-post\" data-elementor-id=\"18908\" class=\"elementor elementor-18908 elementor-18881\" data-elementor-post-type=\"post\">\n\t\t\t\t\t\t<section class=\"elementor-section elementor-top-section elementor-element elementor-element-eb5c4ff elementor-section-boxed elementor-section-height-default elementor-section-height-default\" data-id=\"eb5c4ff\" data-element_type=\"section\">\n\t\t\t\t\t\t<div class=\"elementor-container elementor-column-gap-default\">\n\t\t\t\t\t<div class=\"elementor-column elementor-col-100 elementor-top-column elementor-element elementor-element-2d0b525\" data-id=\"2d0b525\" data-element_type=\"column\">\n\t\t\t<div class=\"elementor-widget-wrap elementor-element-populated\">\n\t\t\t\t\t\t<div class=\"elementor-element elementor-element-98291dd elementor-widget elementor-widget-heading\" data-id=\"98291dd\" data-element_type=\"widget\" data-widget_type=\"heading.default\">\n\t\t\t\t<div class=\"elementor-widget-container\">\n\t\t\t\t\t<h2 class=\"elementor-heading-title elementor-size-default\">Cuidar el planeta ya no es un ''nice-to-have'' para las empresas, sino una prioridad indispensable; desde combatir el cambio clim\u00e1tico hasta garantizar el bienestar de los empleados o mantener la credibilidad entre la sociedad, la protecci\u00f3n de la naturaleza es imprescindible. <\/h2>\t\t\t\t<\/div>\n\t\t\t\t<\/div>\n\t\t\t\t\t<\/div>\n\t\t<\/div>\n\t\t\t\t\t<\/div>\n\t\t<\/section>\n\t\t\t\t<section class=\"elementor-section elementor-top-section elementor-element elementor-element-6d81df1 elementor-section-boxed elementor-section-height-default elementor-section-height-default\" data-id=\"6d81df1\" data-element_type=\"section\">\n\t\t\t\t\t\t<div class=\"elementor-container elementor-column-gap-default\">\n\t\t\t\t\t<div class=\"elementor-column elementor-col-100 elementor-top-column elementor-element elementor-element-dca96b9\" data-id=\"dca96b9\" data-element_type=\"column\">\n\t\t\t<div class=\"elementor-widget-wrap elementor-element-populated\">\n\t\t\t\t\t\t<div class=\"elementor-element elementor-element-25dc4fc elementor-widget elementor-widget-text-editor\" data-id=\"25dc4fc\" data-element_type=\"widget\" data-widget_type=\"text-editor.default\">\n\t\t\t\t<div class=\"elementor-widget-container\">\n\t\t\t\t\t\t\t\t\t<p>Proteger la naturaleza ha estado durante mucho tiempo en las agendas pol\u00edticas, sociales y empresariales, especialmente cuando las consecuencias del cambio clim\u00e1tico comenzaron a limitar cada vez m\u00e1s nuestra forma de vida, modelo econ\u00f3mico, sistemas de producci\u00f3n o esfuerzos gubernamentales.<\/p>\n<p>De hecho, en la actualidad, parece haber asumido un papel de liderazgo en la definici\u00f3n de la confianza de los actores de la sociedad, dejando a las empresas como principales responsables para <strong>proporcionar resultados ambientales y sociales positivos<\/strong> en su desempe\u00f1o comercial general. Pero, \u00bfc\u00f3mo puede la simple protecci\u00f3n de la naturaleza crear un impacto tan extenso y una base para la confianza?<\/p>\n\t\t\t\t\t\t\t\t<\/div>\n\t\t\t\t<\/div>\n\t\t\t\t\t<\/div>\n\t\t<\/div>\n\t\t\t\t\t<\/div>\n\t\t<\/section>\n\t\t\t\t<section class=\"elementor-section elementor-top-section elementor-element elementor-element-1c1ee7d elementor-section-boxed elementor-section-height-default elementor-section-height-default\" data-id=\"1c1ee7d\" data-element_type=\"section\">\n\t\t\t\t\t\t<div class=\"elementor-container elementor-column-gap-default\">\n\t\t\t\t\t<div class=\"elementor-column elementor-col-100 elementor-top-column elementor-element elementor-element-cf97576\" data-id=\"cf97576\" data-element_type=\"column\">\n\t\t\t<div class=\"elementor-widget-wrap elementor-element-populated\">\n\t\t\t\t\t\t<div class=\"elementor-element elementor-element-1ca745e e-transform elementor-widget elementor-widget-image\" data-id=\"1ca745e\" data-element_type=\"widget\" data-settings=\"{&quot;_transform_scale_effect&quot;:{&quot;unit&quot;:&quot;px&quot;,&quot;size&quot;:0.9,&quot;sizes&quot;:[]},&quot;_transform_scale_effect_tablet&quot;:{&quot;unit&quot;:&quot;px&quot;,&quot;size&quot;:&quot;&quot;,&quot;sizes&quot;:[]},&quot;_transform_scale_effect_mobile&quot;:{&quot;unit&quot;:&quot;px&quot;,&quot;size&quot;:&quot;&quot;,&quot;sizes&quot;:[]}}\" data-widget_type=\"image.default\">\n\t\t\t\t<div class=\"elementor-widget-container\">\n\t\t\t\t\t\t\t\t\t\t\t\t\t\t\t<img fetchpriority=\"high\" decoding=\"async\" width=\"640\" height=\"427\" src=\"https:\/\/www.dogoodpeople.com\/wp-content\/uploads\/2023\/03\/pexels-anete-lusina-4792319.jpg\" class=\"attachment-large size-large wp-image-18890\" alt=\"protect nature\" srcset=\"https:\/\/www.dogoodpeople.com\/wp-content\/uploads\/2023\/03\/pexels-anete-lusina-4792319.jpg 640w, https:\/\/www.dogoodpeople.com\/wp-content\/uploads\/2023\/03\/pexels-anete-lusina-4792319-300x200.jpg 300w\" sizes=\"(max-width: 640px) 100vw, 640px\" \/>\t\t\t\t\t\t\t\t\t\t\t\t\t\t\t<\/div>\n\t\t\t\t<\/div>\n\t\t\t\t\t<\/div>\n\t\t<\/div>\n\t\t\t\t\t<\/div>\n\t\t<\/section>\n\t\t\t\t<section class=\"elementor-section elementor-top-section elementor-element elementor-element-d882a7e elementor-section-boxed elementor-section-height-default elementor-section-height-default\" data-id=\"d882a7e\" data-element_type=\"section\">\n\t\t\t\t\t\t<div class=\"elementor-container elementor-column-gap-default\">\n\t\t\t\t\t<div class=\"elementor-column elementor-col-100 elementor-top-column elementor-element elementor-element-8fac557\" data-id=\"8fac557\" data-element_type=\"column\">\n\t\t\t<div class=\"elementor-widget-wrap elementor-element-populated\">\n\t\t\t\t\t\t<div class=\"elementor-element elementor-element-72a0358 elementor-widget elementor-widget-heading\" data-id=\"72a0358\" data-element_type=\"widget\" data-widget_type=\"heading.default\">\n\t\t\t\t<div class=\"elementor-widget-container\">\n\t\t\t\t\t<h2 class=\"elementor-heading-title elementor-size-default\">\u00bfQu\u00e9 busca la gente en las empresas?<\/h2>\t\t\t\t<\/div>\n\t\t\t\t<\/div>\n\t\t\t\t\t<\/div>\n\t\t<\/div>\n\t\t\t\t\t<\/div>\n\t\t<\/section>\n\t\t\t\t<section class=\"elementor-section elementor-top-section elementor-element elementor-element-0ce4f59 elementor-section-boxed elementor-section-height-default elementor-section-height-default\" data-id=\"0ce4f59\" data-element_type=\"section\">\n\t\t\t\t\t\t<div class=\"elementor-container elementor-column-gap-default\">\n\t\t\t\t\t<div class=\"elementor-column elementor-col-100 elementor-top-column elementor-element elementor-element-bcd54d2\" data-id=\"bcd54d2\" data-element_type=\"column\">\n\t\t\t<div class=\"elementor-widget-wrap elementor-element-populated\">\n\t\t\t\t\t\t<div class=\"elementor-element elementor-element-ed04c06 elementor-widget elementor-widget-text-editor\" data-id=\"ed04c06\" data-element_type=\"widget\" data-widget_type=\"text-editor.default\">\n\t\t\t\t<div class=\"elementor-widget-container\">\n\t\t\t\t\t\t\t\t\t<p>Seg\u00fan el \u00faltimo <a href=\"https:\/\/www.edelman.com\/trust\/2023\/trust-barometer\" target=\"_blank\" rel=\"noopener\">Bar\u00f3metro de Confianza de Edelman<\/a>, las personas no solo buscan empresas que generen un impacto ambiental y social positivo y significativo, sino que, de hecho, depositan la mayor parte de su confianza en este \u00faltimo actor, superando la confianza en los gobiernos, los medios de comunicaci\u00f3n o las ONG. <\/p>\n<p>En otras palabras, la mayor\u00eda de las personas en todo el mundo ven a las empresas como <strong>un actor fiable y honesto.<\/strong> Ya sea por su papel social y medioambiental, o por la influencia de la informaci\u00f3n proporcionada por una determinada empresa, parece claro que <a href=\"https:\/\/www.dogoodpeople.com\/es\/tendencias-rsc\/reputacion-sostenible\/como-las-empresas-ayudan-a-generar-confianza-en-un-mundo-polarizado\/\">las empresas son la \u00faltima fuerza de uni\u00f3n que queda en un mundo cada vez m\u00e1s polarizado.<\/a> <\/p>\n<p>Pero si profundizamos a\u00fan m\u00e1s en los hallazgos del informe, de hecho, son los empleadores los que obtienen el mayor reconocimiento de los encuestados, lo que significa que <strong>las personas admiran a los miembros de su propia empresa como actores confiables<\/strong>, m\u00e1s que los entornos pol\u00edticos o sociales en los que la divisi\u00f3n parece estar alejando cada vez m\u00e1s a las personas. <\/p>\n\t\t\t\t\t\t\t\t<\/div>\n\t\t\t\t<\/div>\n\t\t\t\t\t<\/div>\n\t\t<\/div>\n\t\t\t\t\t<\/div>\n\t\t<\/section>\n\t\t\t\t<section class=\"elementor-section elementor-top-section elementor-element elementor-element-b2c8b8d elementor-section-boxed elementor-section-height-default elementor-section-height-default\" data-id=\"b2c8b8d\" data-element_type=\"section\">\n\t\t\t\t\t\t<div class=\"elementor-container elementor-column-gap-default\">\n\t\t\t\t\t<div class=\"elementor-column elementor-col-100 elementor-top-column elementor-element elementor-element-2807d19\" data-id=\"2807d19\" data-element_type=\"column\">\n\t\t\t<div class=\"elementor-widget-wrap elementor-element-populated\">\n\t\t\t\t\t\t<div class=\"elementor-element elementor-element-04770b6 elementor-widget elementor-widget-heading\" data-id=\"04770b6\" data-element_type=\"widget\" data-widget_type=\"heading.default\">\n\t\t\t\t<div class=\"elementor-widget-container\">\n\t\t\t\t\t<h3 class=\"elementor-heading-title elementor-size-default\">\u00bfQu\u00e9 espera la gente de los directores ejecutivos?<\/h3>\t\t\t\t<\/div>\n\t\t\t\t<\/div>\n\t\t\t\t\t<\/div>\n\t\t<\/div>\n\t\t\t\t\t<\/div>\n\t\t<\/section>\n\t\t\t\t<section class=\"elementor-section elementor-top-section elementor-element elementor-element-a4ad3d0 elementor-section-boxed elementor-section-height-default elementor-section-height-default\" data-id=\"a4ad3d0\" data-element_type=\"section\">\n\t\t\t\t\t\t<div class=\"elementor-container elementor-column-gap-default\">\n\t\t\t\t\t<div class=\"elementor-column elementor-col-50 elementor-top-column elementor-element elementor-element-99bf1fc\" data-id=\"99bf1fc\" data-element_type=\"column\">\n\t\t\t<div class=\"elementor-widget-wrap elementor-element-populated\">\n\t\t\t\t\t\t<div class=\"elementor-element elementor-element-e709b8a elementor-widget elementor-widget-text-editor\" data-id=\"e709b8a\" data-element_type=\"widget\" data-widget_type=\"text-editor.default\">\n\t\t\t\t<div class=\"elementor-widget-container\">\n\t\t\t\t\t\t\t\t\t<p>Con tanta confianza depositada tanto en los empleadores como en las empresas, es natural que la gente espere que los directores ejecutivos act\u00faen y tomen una posici\u00f3n p\u00fablica sobre los problemas sociales actuales. Seg\u00fan Edelman, hay <a href=\"https:\/\/www.edelman.com\/sites\/g\/files\/aatuss191\/files\/2023-01\/2023%20Edelman%20Trust%20Barometer%20Global%20Report.pdf\" target=\"_blank\" rel=\"noopener\">cinco temas recurrentes<\/a> que respondieron los encuestados.<\/p>\n<p>En orden de relevancia, encontramos el trato a los empleados, el cambio clim\u00e1tico, la discriminaci\u00f3n, la brecha de riqueza y la inmigraci\u00f3n. <\/p>\n\t\t\t\t\t\t\t\t<\/div>\n\t\t\t\t<\/div>\n\t\t\t\t\t<\/div>\n\t\t<\/div>\n\t\t\t\t<div class=\"elementor-column elementor-col-50 elementor-top-column elementor-element elementor-element-9bce440\" data-id=\"9bce440\" data-element_type=\"column\">\n\t\t\t<div class=\"elementor-widget-wrap elementor-element-populated\">\n\t\t\t\t\t\t<div class=\"elementor-element elementor-element-4019375 e-transform elementor-widget elementor-widget-image\" data-id=\"4019375\" data-element_type=\"widget\" data-settings=\"{&quot;_transform_scale_effect&quot;:{&quot;unit&quot;:&quot;px&quot;,&quot;size&quot;:1,&quot;sizes&quot;:[]},&quot;_transform_scale_effect_tablet&quot;:{&quot;unit&quot;:&quot;px&quot;,&quot;size&quot;:&quot;&quot;,&quot;sizes&quot;:[]},&quot;_transform_scale_effect_mobile&quot;:{&quot;unit&quot;:&quot;px&quot;,&quot;size&quot;:&quot;&quot;,&quot;sizes&quot;:[]}}\" data-widget_type=\"image.default\">\n\t\t\t\t<div class=\"elementor-widget-container\">\n\t\t\t\t\t\t\t\t\t\t\t\t\t\t\t<img decoding=\"async\" width=\"640\" height=\"427\" src=\"https:\/\/www.dogoodpeople.com\/wp-content\/uploads\/2021\/07\/pexels-tima-miroshnichenko-7202804.jpg\" class=\"attachment-large size-large wp-image-17834\" alt=\"CSR communication\" srcset=\"https:\/\/www.dogoodpeople.com\/wp-content\/uploads\/2021\/07\/pexels-tima-miroshnichenko-7202804.jpg 640w, https:\/\/www.dogoodpeople.com\/wp-content\/uploads\/2021\/07\/pexels-tima-miroshnichenko-7202804-300x200.jpg 300w\" sizes=\"(max-width: 640px) 100vw, 640px\" \/>\t\t\t\t\t\t\t\t\t\t\t\t\t\t\t<\/div>\n\t\t\t\t<\/div>\n\t\t\t\t\t<\/div>\n\t\t<\/div>\n\t\t\t\t\t<\/div>\n\t\t<\/section>\n\t\t\t\t<section class=\"elementor-section elementor-top-section elementor-element elementor-element-b80d6dc elementor-section-boxed elementor-section-height-default elementor-section-height-default\" data-id=\"b80d6dc\" data-element_type=\"section\">\n\t\t\t\t\t\t<div class=\"elementor-container elementor-column-gap-default\">\n\t\t\t\t\t<div class=\"elementor-column elementor-col-100 elementor-top-column elementor-element elementor-element-5e07d56\" data-id=\"5e07d56\" data-element_type=\"column\">\n\t\t\t<div class=\"elementor-widget-wrap elementor-element-populated\">\n\t\t\t\t\t\t<div class=\"elementor-element elementor-element-10e7b6f elementor-widget elementor-widget-text-editor\" data-id=\"10e7b6f\" data-element_type=\"widget\" data-widget_type=\"text-editor.default\">\n\t\t\t\t<div class=\"elementor-widget-container\">\n\t\t\t\t\t\t\t\t\t<p>En esta ocasi\u00f3n nos queremos centrar en los dos primeros temas, esto es, <strong>el trato o bienestar de los empleados, y el cambio clim\u00e1tico<\/strong>, con un 89% y 82% de los encuestados de acuerdo con ellos respectivamente. De hecho, creemos que estas dos \u00e1reas est\u00e1n estrechamente relacionadas entre s\u00ed.<\/p>\n\t\t\t\t\t\t\t\t<\/div>\n\t\t\t\t<\/div>\n\t\t\t\t\t<\/div>\n\t\t<\/div>\n\t\t\t\t\t<\/div>\n\t\t<\/section>\n\t\t\t\t<section class=\"elementor-section elementor-top-section elementor-element elementor-element-c6322b2 elementor-section-boxed elementor-section-height-default elementor-section-height-default\" data-id=\"c6322b2\" data-element_type=\"section\">\n\t\t\t\t\t\t<div class=\"elementor-container elementor-column-gap-default\">\n\t\t\t\t\t<div class=\"elementor-column elementor-col-100 elementor-top-column elementor-element elementor-element-7cd09d3\" data-id=\"7cd09d3\" data-element_type=\"column\">\n\t\t\t<div class=\"elementor-widget-wrap elementor-element-populated\">\n\t\t\t\t\t\t<div class=\"elementor-element elementor-element-1ce537c elementor-widget elementor-widget-heading\" data-id=\"1ce537c\" data-element_type=\"widget\" data-widget_type=\"heading.default\">\n\t\t\t\t<div class=\"elementor-widget-container\">\n\t\t\t\t\t<h4 class=\"elementor-heading-title elementor-size-default\">El cambio clim\u00e1tico y el bienestar de los empleados<\/h4>\t\t\t\t<\/div>\n\t\t\t\t<\/div>\n\t\t\t\t\t<\/div>\n\t\t<\/div>\n\t\t\t\t\t<\/div>\n\t\t<\/section>\n\t\t\t\t<section class=\"elementor-section elementor-top-section elementor-element elementor-element-0a8aa80 elementor-section-boxed elementor-section-height-default elementor-section-height-default\" data-id=\"0a8aa80\" data-element_type=\"section\">\n\t\t\t\t\t\t<div class=\"elementor-container elementor-column-gap-default\">\n\t\t\t\t\t<div class=\"elementor-column elementor-col-100 elementor-top-column elementor-element elementor-element-a09465a\" data-id=\"a09465a\" data-element_type=\"column\">\n\t\t\t<div class=\"elementor-widget-wrap elementor-element-populated\">\n\t\t\t\t\t\t<div class=\"elementor-element elementor-element-865c06b elementor-widget elementor-widget-text-editor\" data-id=\"865c06b\" data-element_type=\"widget\" data-widget_type=\"text-editor.default\">\n\t\t\t\t<div class=\"elementor-widget-container\">\n\t\t\t\t\t\t\t\t\t<p>Proteger la naturaleza y combatir el cambio clim\u00e1tico no es solo una vnetaja competitiva, de hecho, es una prioridad indispensable para las empresas; a medida que crecen las regulaciones, tambi\u00e9n crecen las demandas de la sociedad por acciones y pr\u00e1cticas transparentes y responsables. Pero, \u00bfc\u00f3mo las pol\u00edticas destinadas a proteger la naturaleza pueden ser beneficiosas para los empleados? <\/p>\n<p>Hay <strong>dos formas de entender esta correlaci\u00f3n y sus beneficios<\/strong>; por un lado podemos hablar de <a href=\"https:\/\/www.dogoodpeople.com\/es\/tendencias-rsc\/cultura-sostenible\/recursos-humanos\/el-valor-de-la-sostenibilidad-para-rrhh\/\" target=\"_blank\" rel=\"noopener\">beneficios relacionados con los recursos humanos<\/a>, por el otro, nos referimos a los beneficios sociales y comunitarios generales que inevitablemente afectar\u00e1n a los empleados. <\/p>\n\t\t\t\t\t\t\t\t<\/div>\n\t\t\t\t<\/div>\n\t\t\t\t\t<\/div>\n\t\t<\/div>\n\t\t\t\t\t<\/div>\n\t\t<\/section>\n\t\t\t\t<section class=\"elementor-section elementor-top-section elementor-element elementor-element-4d24d8c elementor-section-boxed elementor-section-height-default elementor-section-height-default\" data-id=\"4d24d8c\" data-element_type=\"section\">\n\t\t\t\t\t\t<div class=\"elementor-container elementor-column-gap-default\">\n\t\t\t\t\t<div class=\"elementor-column elementor-col-100 elementor-top-column elementor-element elementor-element-13e4245\" data-id=\"13e4245\" data-element_type=\"column\">\n\t\t\t<div class=\"elementor-widget-wrap elementor-element-populated\">\n\t\t\t\t\t\t<div class=\"elementor-element elementor-element-2bdf0f1 e-transform elementor-widget elementor-widget-image\" data-id=\"2bdf0f1\" data-element_type=\"widget\" data-settings=\"{&quot;_transform_scale_effect&quot;:{&quot;unit&quot;:&quot;px&quot;,&quot;size&quot;:0.9,&quot;sizes&quot;:[]},&quot;_transform_scale_effect_tablet&quot;:{&quot;unit&quot;:&quot;px&quot;,&quot;size&quot;:&quot;&quot;,&quot;sizes&quot;:[]},&quot;_transform_scale_effect_mobile&quot;:{&quot;unit&quot;:&quot;px&quot;,&quot;size&quot;:&quot;&quot;,&quot;sizes&quot;:[]}}\" data-widget_type=\"image.default\">\n\t\t\t\t<div class=\"elementor-widget-container\">\n\t\t\t\t\t\t\t\t\t\t\t\t\t\t\t<img decoding=\"async\" width=\"640\" height=\"409\" src=\"https:\/\/www.dogoodpeople.com\/wp-content\/uploads\/2023\/03\/pexels-pok-rie-673865.jpg\" class=\"attachment-large size-large wp-image-18904\" alt=\"climate change and employees\" srcset=\"https:\/\/www.dogoodpeople.com\/wp-content\/uploads\/2023\/03\/pexels-pok-rie-673865.jpg 640w, https:\/\/www.dogoodpeople.com\/wp-content\/uploads\/2023\/03\/pexels-pok-rie-673865-300x192.jpg 300w\" sizes=\"(max-width: 640px) 100vw, 640px\" \/>\t\t\t\t\t\t\t\t\t\t\t\t\t\t\t<\/div>\n\t\t\t\t<\/div>\n\t\t\t\t\t<\/div>\n\t\t<\/div>\n\t\t\t\t\t<\/div>\n\t\t<\/section>\n\t\t\t\t<section class=\"elementor-section elementor-top-section elementor-element elementor-element-c6b8343 elementor-section-boxed elementor-section-height-default elementor-section-height-default\" data-id=\"c6b8343\" data-element_type=\"section\">\n\t\t\t\t\t\t<div class=\"elementor-container elementor-column-gap-default\">\n\t\t\t\t\t<div class=\"elementor-column elementor-col-100 elementor-top-column elementor-element elementor-element-737ab5a\" data-id=\"737ab5a\" data-element_type=\"column\">\n\t\t\t<div class=\"elementor-widget-wrap elementor-element-populated\">\n\t\t\t\t\t\t<div class=\"elementor-element elementor-element-8672472 elementor-widget elementor-widget-heading\" data-id=\"8672472\" data-element_type=\"widget\" data-widget_type=\"heading.default\">\n\t\t\t\t<div class=\"elementor-widget-container\">\n\t\t\t\t\t<h5 class=\"elementor-heading-title elementor-size-default\">Cambio clim\u00e1tico, empleados y los beneficios de RRHH<\/h5>\t\t\t\t<\/div>\n\t\t\t\t<\/div>\n\t\t\t\t\t<\/div>\n\t\t<\/div>\n\t\t\t\t\t<\/div>\n\t\t<\/section>\n\t\t\t\t<section class=\"elementor-section elementor-top-section elementor-element elementor-element-2d738c9 elementor-section-boxed elementor-section-height-default elementor-section-height-default\" data-id=\"2d738c9\" data-element_type=\"section\">\n\t\t\t\t\t\t<div class=\"elementor-container elementor-column-gap-default\">\n\t\t\t\t\t<div class=\"elementor-column elementor-col-100 elementor-top-column elementor-element elementor-element-5a79db7\" data-id=\"5a79db7\" data-element_type=\"column\">\n\t\t\t<div class=\"elementor-widget-wrap elementor-element-populated\">\n\t\t\t\t\t\t<div class=\"elementor-element elementor-element-38ac838 elementor-widget elementor-widget-text-editor\" data-id=\"38ac838\" data-element_type=\"widget\" data-widget_type=\"text-editor.default\">\n\t\t\t\t<div class=\"elementor-widget-container\">\n\t\t\t\t\t\t\t\t\t<p>Entre las principales preocupaciones de los empleados en el lugar de trabajo (especialmente las generaciones m\u00e1s j\u00f3venes) est\u00e1 <a href=\"https:\/\/www.cnbc.com\/2022\/05\/18\/what-gen-z-and-millennials-want-from-employers-amid-great-resignation.html\" target=\"_blank\" rel=\"noopener\">la necesidad de alinear sus valores con los de la empresa.<\/a> En esta misma l\u00ednea, la sostenibilidad se ha convertido de hecho en uno de los principales motivos por los que los trabajadores sienten orgullo y pertenencia en sus empresas, ya que la <strong>sostenibilidad<\/strong> y todo lo que ella implica se ha convertido en el centro de sus valores y preocupaciones.<\/p>\n\t\t\t\t\t\t\t\t<\/div>\n\t\t\t\t<\/div>\n\t\t\t\t\t<\/div>\n\t\t<\/div>\n\t\t\t\t\t<\/div>\n\t\t<\/section>\n\t\t\t\t<section class=\"elementor-section elementor-top-section elementor-element elementor-element-3c1a83f elementor-section-boxed elementor-section-height-default elementor-section-height-default\" data-id=\"3c1a83f\" data-element_type=\"section\">\n\t\t\t\t\t\t<div class=\"elementor-container elementor-column-gap-default\">\n\t\t\t\t\t<div class=\"elementor-column elementor-col-50 elementor-top-column elementor-element elementor-element-696a982\" data-id=\"696a982\" data-element_type=\"column\">\n\t\t\t<div class=\"elementor-widget-wrap elementor-element-populated\">\n\t\t\t\t\t\t<div class=\"elementor-element elementor-element-0c75962 elementor-widget elementor-widget-text-editor\" data-id=\"0c75962\" data-element_type=\"widget\" data-widget_type=\"text-editor.default\">\n\t\t\t\t<div class=\"elementor-widget-container\">\n\t\t\t\t\t\t\t\t\t<p>Pero, \u00bfc\u00f3mo se relaciona la sostenibilidad con el trato a los empleados? Pues bien, en la lucha contra el cambio clim\u00e1tico y en el esfuerzo por proteger la naturaleza, <a href=\"https:\/\/www.dogoodpeople.com\/es\/tendencias-rsc\/cultura-sostenible\/recursos-humanos\/el-valor-de-la-sostenibilidad-para-rrhh\/\" target=\"_blank\" rel=\"noopener\">los empleados se convierten en una parte central de la estrategia de sostenibilidad<\/a>; sus valores, ideas, comportamientos y acciones realmente pueden dar forma al funcionamiento de la empresa, as\u00ed como a la reputaci\u00f3n de la organizaci\u00f3n. <\/p>\n<p>Por lo tanto, tiene sentido que los empleados sean una parte activa de tales esfuerzos ambientales y sociales para crear un impacto positivo, acerc\u00e1ndolos al prop\u00f3sito de la empresa, creando un sentido de pertenencia y, lo que es m\u00e1s importante, <strong>creando una cultura de sostenibilidad<\/strong> mientras trabajan para la consecuci\u00f3n objetivos significativos. <\/p>\n\t\t\t\t\t\t\t\t<\/div>\n\t\t\t\t<\/div>\n\t\t\t\t\t<\/div>\n\t\t<\/div>\n\t\t\t\t<div class=\"elementor-column elementor-col-50 elementor-top-column elementor-element elementor-element-7bf29c4\" data-id=\"7bf29c4\" data-element_type=\"column\">\n\t\t\t<div class=\"elementor-widget-wrap elementor-element-populated\">\n\t\t\t\t\t\t<div class=\"elementor-element elementor-element-b42bcb2 elementor-cta--skin-cover elementor-widget__width-initial e-transform elementor-animated-content elementor-widget elementor-widget-call-to-action\" data-id=\"b42bcb2\" data-element_type=\"widget\" data-settings=\"{&quot;_transform_scale_effect&quot;:{&quot;unit&quot;:&quot;px&quot;,&quot;size&quot;:0.8,&quot;sizes&quot;:[]},&quot;_transform_scale_effect_tablet&quot;:{&quot;unit&quot;:&quot;px&quot;,&quot;size&quot;:&quot;&quot;,&quot;sizes&quot;:[]},&quot;_transform_scale_effect_mobile&quot;:{&quot;unit&quot;:&quot;px&quot;,&quot;size&quot;:&quot;&quot;,&quot;sizes&quot;:[]}}\" data-widget_type=\"call-to-action.default\">\n\t\t\t\t<div class=\"elementor-widget-container\">\n\t\t\t\t\t\t\t<div class=\"elementor-cta\">\n\t\t\t\t\t<div class=\"elementor-cta__bg-wrapper\">\n\t\t\t\t<div class=\"elementor-cta__bg elementor-bg\" style=\"background-image: url(https:\/\/www.dogoodpeople.com\/wp-content\/uploads\/2023\/02\/pexels-alena-darmel-7710155.jpg);\" role=\"img\" aria-label=\"managing diversity in the workplace\"><\/div>\n\t\t\t\t<div class=\"elementor-cta__bg-overlay\"><\/div>\n\t\t\t<\/div>\n\t\t\t\t\t\t\t<div class=\"elementor-cta__content\">\n\t\t\t\t\n\t\t\t\t\t\t\t\t\t<h2 class=\"elementor-cta__title elementor-cta__content-item elementor-content-item elementor-animated-item--grow\">\n\t\t\t\t\t\tGu\u00eda del bienestar del empleado\t\t\t\t\t<\/h2>\n\t\t\t\t\n\t\t\t\t\t\t\t\t\t<div class=\"elementor-cta__description elementor-cta__content-item elementor-content-item elementor-animated-item--grow\">\n\t\t\t\t\t\t<p>\u00bfPor qu\u00e9 es importante la experiencia del empleado? \u00bfY por qu\u00e9 deber\u00eda ser una prioridad para las empresas?<\/p>\n\t\t\t\t\t<\/div>\n\t\t\t\t\n\t\t\t\t\t\t\t\t\t<div class=\"elementor-cta__button-wrapper elementor-cta__content-item elementor-content-item elementor-animated-item--grow\">\n\t\t\t\t\t<a class=\"elementor-cta__button elementor-button elementor-size-\" href=\"https:\/\/www.dogoodpeople.com\/sdg-guides\/guide-to-employee-wellbeing\/\">\n\t\t\t\t\t\tDescargala aqu\u00ed\t\t\t\t\t<\/a>\n\t\t\t\t\t<\/div>\n\t\t\t\t\t\t\t<\/div>\n\t\t\t\t\t\t<\/div>\n\t\t\t\t\t\t<\/div>\n\t\t\t\t<\/div>\n\t\t\t\t\t<\/div>\n\t\t<\/div>\n\t\t\t\t\t<\/div>\n\t\t<\/section>\n\t\t\t\t<section class=\"elementor-section elementor-top-section elementor-element elementor-element-3ce8a6d elementor-section-boxed elementor-section-height-default elementor-section-height-default\" data-id=\"3ce8a6d\" data-element_type=\"section\">\n\t\t\t\t\t\t<div class=\"elementor-container elementor-column-gap-default\">\n\t\t\t\t\t<div class=\"elementor-column elementor-col-100 elementor-top-column elementor-element elementor-element-c1b2406\" data-id=\"c1b2406\" data-element_type=\"column\">\n\t\t\t<div class=\"elementor-widget-wrap elementor-element-populated\">\n\t\t\t\t\t\t<div class=\"elementor-element elementor-element-215888f elementor-widget elementor-widget-heading\" data-id=\"215888f\" data-element_type=\"widget\" data-widget_type=\"heading.default\">\n\t\t\t\t<div class=\"elementor-widget-container\">\n\t\t\t\t\t<h5 class=\"elementor-heading-title elementor-size-default\">C\u00f3mo proteger la naturaleza mejora la salud de los empleados<\/h5>\t\t\t\t<\/div>\n\t\t\t\t<\/div>\n\t\t\t\t\t<\/div>\n\t\t<\/div>\n\t\t\t\t\t<\/div>\n\t\t<\/section>\n\t\t\t\t<section class=\"elementor-section elementor-top-section elementor-element elementor-element-8d280b3 elementor-section-boxed elementor-section-height-default elementor-section-height-default\" data-id=\"8d280b3\" data-element_type=\"section\">\n\t\t\t\t\t\t<div class=\"elementor-container elementor-column-gap-default\">\n\t\t\t\t\t<div class=\"elementor-column elementor-col-100 elementor-top-column elementor-element elementor-element-ab3c694\" data-id=\"ab3c694\" data-element_type=\"column\">\n\t\t\t<div class=\"elementor-widget-wrap elementor-element-populated\">\n\t\t\t\t\t\t<div class=\"elementor-element elementor-element-5378926 elementor-widget elementor-widget-text-editor\" data-id=\"5378926\" data-element_type=\"widget\" data-widget_type=\"text-editor.default\">\n\t\t\t\t<div class=\"elementor-widget-container\">\n\t\t\t\t\t\t\t\t\t<p>Proteger la naturaleza puede mejorar la salud de todos, y las empresas tienen una gran influencia e impacto al hacerlo, para sus comunidades e incluso m\u00e1s all\u00e1 de estas \u00faltimas. L\u00f3gicamente, los esfuerzos de las empresas para proteger la naturaleza pueden, a su vez, mejorar la salud y el bienestar de los empleados. <\/p>\n<p>Seg\u00fan <a href=\"https:\/\/www.nature.com\/articles\/s41598-019-44097-3\" target=\"_blank\" rel=\"noopener\">un estudio reciente<\/a>, las personas pueden ver beneficios y mejoras para la salud simplemente pasando dos horas en la naturaleza a lo largo de la semana. Este fen\u00f3meno tambi\u00e9n se conoce como <a href=\"https:\/\/e360.yale.edu\/features\/ecopsychology-how-immersion-in-nature-benefits-your-health\" target=\"_blank\" rel=\"noopener\">ecopsicolog\u00eda o c\u00f3mo la inmersi\u00f3n en la naturaleza mejora la salud.<\/a> <\/p>\n\t\t\t\t\t\t\t\t<\/div>\n\t\t\t\t<\/div>\n\t\t\t\t\t<\/div>\n\t\t<\/div>\n\t\t\t\t\t<\/div>\n\t\t<\/section>\n\t\t\t\t<section class=\"elementor-section elementor-top-section elementor-element elementor-element-14efb08 elementor-section-boxed elementor-section-height-default elementor-section-height-default\" data-id=\"14efb08\" data-element_type=\"section\">\n\t\t\t\t\t\t<div class=\"elementor-container elementor-column-gap-default\">\n\t\t\t\t\t<div class=\"elementor-column elementor-col-100 elementor-top-column elementor-element elementor-element-865038a\" data-id=\"865038a\" data-element_type=\"column\">\n\t\t\t<div class=\"elementor-widget-wrap elementor-element-populated\">\n\t\t\t\t\t\t<div class=\"elementor-element elementor-element-6feacd4 elementor-widget elementor-widget-text-editor\" data-id=\"6feacd4\" data-element_type=\"widget\" data-widget_type=\"text-editor.default\">\n\t\t\t\t<div class=\"elementor-widget-container\">\n\t\t\t\t\t\t\t\t\t<p><a href=\"https:\/\/e360.yale.edu\/features\/ecopsychology-how-immersion-in-nature-benefits-your-health\" target=\"_blank\" rel=\"noopener\"><em><strong>\u201cEl tiempo en la naturaleza, siempre que las personas se sientan seguras, es un ant\u00eddoto para el estr\u00e9s: puede reducir la presi\u00f3n arterial y los niveles de hormonas del estr\u00e9s, reducir la excitaci\u00f3n del sistema nervioso, mejorar la funci\u00f3n del sistema inmunol\u00f3gico, aumentar la autoestima, reducir la ansiedad y mejorar el estado de \u00e1nimo.\u00bb<\/strong><\/em><\/a><\/p>\n\t\t\t\t\t\t\t\t<\/div>\n\t\t\t\t<\/div>\n\t\t\t\t\t<\/div>\n\t\t<\/div>\n\t\t\t\t\t<\/div>\n\t\t<\/section>\n\t\t\t\t<section class=\"elementor-section elementor-top-section elementor-element elementor-element-d5b6f8f elementor-section-boxed elementor-section-height-default elementor-section-height-default\" data-id=\"d5b6f8f\" data-element_type=\"section\">\n\t\t\t\t\t\t<div class=\"elementor-container elementor-column-gap-default\">\n\t\t\t\t\t<div class=\"elementor-column elementor-col-100 elementor-top-column elementor-element elementor-element-2372253\" data-id=\"2372253\" data-element_type=\"column\">\n\t\t\t<div class=\"elementor-widget-wrap elementor-element-populated\">\n\t\t\t\t\t\t<div class=\"elementor-element elementor-element-6d4cc5b elementor-widget elementor-widget-text-editor\" data-id=\"6d4cc5b\" data-element_type=\"widget\" data-widget_type=\"text-editor.default\">\n\t\t\t\t<div class=\"elementor-widget-container\">\n\t\t\t\t\t\t\t\t\t<p>Las empresas pueden desempe\u00f1ar un papel clave para asegurarse de que sus acciones y pr\u00e1cticas no solo sean respetuosas con el medio ambiente y la naturaleza, sino que tambi\u00e9n <strong>ayuden a protegerlos y restaurarlos<\/strong>. Desde la promoci\u00f3n de pol\u00edticas locales hasta las nacionales, hacer que la naturaleza sea m\u00e1s accesible en la vida de las personas es beneficios para todas las partes. <\/p>\n\t\t\t\t\t\t\t\t<\/div>\n\t\t\t\t<\/div>\n\t\t\t\t\t<\/div>\n\t\t<\/div>\n\t\t\t\t\t<\/div>\n\t\t<\/section>\n\t\t\t\t<section class=\"elementor-section elementor-top-section elementor-element elementor-element-c84ad5a elementor-section-boxed elementor-section-height-default elementor-section-height-default\" data-id=\"c84ad5a\" data-element_type=\"section\">\n\t\t\t\t\t\t<div class=\"elementor-container elementor-column-gap-default\">\n\t\t\t\t\t<div class=\"elementor-column elementor-col-100 elementor-top-column elementor-element elementor-element-68a77de\" data-id=\"68a77de\" data-element_type=\"column\">\n\t\t\t<div class=\"elementor-widget-wrap elementor-element-populated\">\n\t\t\t\t\t\t<div class=\"elementor-element elementor-element-63055db e-transform elementor-widget elementor-widget-image\" data-id=\"63055db\" data-element_type=\"widget\" data-settings=\"{&quot;_transform_scale_effect&quot;:{&quot;unit&quot;:&quot;px&quot;,&quot;size&quot;:0.8,&quot;sizes&quot;:[]},&quot;_transform_scale_effect_tablet&quot;:{&quot;unit&quot;:&quot;px&quot;,&quot;size&quot;:&quot;&quot;,&quot;sizes&quot;:[]},&quot;_transform_scale_effect_mobile&quot;:{&quot;unit&quot;:&quot;px&quot;,&quot;size&quot;:&quot;&quot;,&quot;sizes&quot;:[]}}\" data-widget_type=\"image.default\">\n\t\t\t\t<div class=\"elementor-widget-container\">\n\t\t\t\t\t\t\t\t\t\t\t\t\t\t\t<img loading=\"lazy\" decoding=\"async\" width=\"640\" height=\"427\" src=\"https:\/\/www.dogoodpeople.com\/wp-content\/uploads\/2023\/02\/pexels-daniel-eliashevsky-6942325.jpg\" class=\"attachment-large size-large wp-image-18406\" alt=\"credibility and sustainability\" srcset=\"https:\/\/www.dogoodpeople.com\/wp-content\/uploads\/2023\/02\/pexels-daniel-eliashevsky-6942325.jpg 640w, https:\/\/www.dogoodpeople.com\/wp-content\/uploads\/2023\/02\/pexels-daniel-eliashevsky-6942325-300x200.jpg 300w\" sizes=\"(max-width: 640px) 100vw, 640px\" \/>\t\t\t\t\t\t\t\t\t\t\t\t\t\t\t<\/div>\n\t\t\t\t<\/div>\n\t\t\t\t\t<\/div>\n\t\t<\/div>\n\t\t\t\t\t<\/div>\n\t\t<\/section>\n\t\t\t\t<section class=\"elementor-section elementor-top-section elementor-element elementor-element-e05bec5 elementor-section-boxed elementor-section-height-default elementor-section-height-default\" data-id=\"e05bec5\" data-element_type=\"section\">\n\t\t\t\t\t\t<div class=\"elementor-container elementor-column-gap-default\">\n\t\t\t\t\t<div class=\"elementor-column elementor-col-100 elementor-top-column elementor-element elementor-element-9cdf1ad\" data-id=\"9cdf1ad\" data-element_type=\"column\">\n\t\t\t<div class=\"elementor-widget-wrap elementor-element-populated\">\n\t\t\t\t\t\t<div class=\"elementor-element elementor-element-4a54f42 elementor-widget elementor-widget-heading\" data-id=\"4a54f42\" data-element_type=\"widget\" data-widget_type=\"heading.default\">\n\t\t\t\t<div class=\"elementor-widget-container\">\n\t\t\t\t\t<h5 class=\"elementor-heading-title elementor-size-default\">DoGood te ayuda a priorizar el cambio clim\u00e1tico y los empleados<\/h5>\t\t\t\t<\/div>\n\t\t\t\t<\/div>\n\t\t\t\t\t<\/div>\n\t\t<\/div>\n\t\t\t\t\t<\/div>\n\t\t<\/section>\n\t\t\t\t<section class=\"elementor-section elementor-top-section elementor-element elementor-element-fe5b0a6 elementor-section-boxed elementor-section-height-default elementor-section-height-default\" data-id=\"fe5b0a6\" data-element_type=\"section\">\n\t\t\t\t\t\t<div class=\"elementor-container elementor-column-gap-default\">\n\t\t\t\t\t<div class=\"elementor-column elementor-col-100 elementor-top-column elementor-element elementor-element-c16d9ca\" data-id=\"c16d9ca\" data-element_type=\"column\">\n\t\t\t<div class=\"elementor-widget-wrap elementor-element-populated\">\n\t\t\t\t\t\t<div class=\"elementor-element elementor-element-1218c11 elementor-widget elementor-widget-text-editor\" data-id=\"1218c11\" data-element_type=\"widget\" data-widget_type=\"text-editor.default\">\n\t\t\t\t<div class=\"elementor-widget-container\">\n\t\t\t\t\t\t\t\t\t<p>En <strong>DoGood<\/strong> defendemos la importancia de hacer cambios peque\u00f1os pero significativos en nuestra vida cotidiana para encontrar un prop\u00f3sito y una relaci\u00f3n m\u00e1s saludable con lo que nos rodea. <\/p>\n<p>A trav\u00e9s de nuestra tecnolog\u00eda ayudamos a las empresas a <b>establecer objetivos de impacto ESG<\/b> para los empleados en relaci\u00f3n con la estrategia de sostenibilidad de la empresa. Podemos activar y trazar el impacto de los empleados, creando un compromiso que se traduce en mejores m\u00e9tricas ESG, valor de reputaci\u00f3n y un <strong>impacto positivo<\/strong> general para el medio ambiente y la sociedad.<\/p>\n\t\t\t\t\t\t\t\t<\/div>\n\t\t\t\t<\/div>\n\t\t\t\t\t<\/div>\n\t\t<\/div>\n\t\t\t\t\t<\/div>\n\t\t<\/section>\n\t\t\t\t<\/div>\n\t\t","protected":false},"excerpt":{"rendered":"<p>Cuidar el planeta ya no es un \u00bbnice-to-have\u00bb para las empresas, sino una prioridad indispensable; [&hellip;]<\/p>\n","protected":false},"author":7,"featured_media":18885,"comment_status":"closed","ping_status":"closed","sticky":false,"template":"","format":"standard","meta":{"_acf_changed":false,"content-type":"","footnotes":""},"categories":[184],"tags":[],"class_list":["post-18908","post","type-post","status-publish","format-standard","has-post-thumbnail","hentry","category-accion-climatica"],"acf":[],"yoast_head":"<!-- This site is optimized with the Yoast SEO Premium plugin v25.8 (Yoast SEO v27.5) - https:\/\/yoast.com\/product\/yoast-seo-premium-wordpress\/ -->\n<title>Proteger la naturaleza deber\u00eda estar entre las prioridades de las empresas - DoGood People<\/title>\n<meta name=\"description\" content=\"As\u00ed es como la protecci\u00f3n de la naturaleza ayuda a abordar la lucha contra el cambio clim\u00e1tico y el bienestar de los empleados.\" \/>\n<meta name=\"robots\" content=\"index, follow, max-snippet:-1, max-image-preview:large, max-video-preview:-1\" \/>\n<link rel=\"canonical\" href=\"https:\/\/www.dogoodpeople.com\/es\/tendencias-rsc\/accion-climatica\/por-que-proteger-la-naturaleza-deberia-estar-entre-las-prioridades-de-las-empresas\/\" \/>\n<meta property=\"og:locale\" content=\"es_ES\" \/>\n<meta property=\"og:type\" content=\"article\" \/>\n<meta property=\"og:title\" content=\"Por qu\u00e9 proteger la naturaleza deber\u00eda estar entre las prioridades de las empresas\" \/>\n<meta property=\"og:description\" content=\"As\u00ed es como la protecci\u00f3n de la naturaleza ayuda a abordar la lucha contra el cambio clim\u00e1tico y el bienestar de los empleados.\" \/>\n<meta property=\"og:url\" content=\"https:\/\/www.dogoodpeople.com\/es\/tendencias-rsc\/accion-climatica\/por-que-proteger-la-naturaleza-deberia-estar-entre-las-prioridades-de-las-empresas\/\" \/>\n<meta property=\"og:site_name\" content=\"DoGood People\" \/>\n<meta property=\"article:published_time\" content=\"2023-03-14T08:10:54+00:00\" \/>\n<meta property=\"article:modified_time\" content=\"2023-03-14T08:12:52+00:00\" \/>\n<meta property=\"og:image\" content=\"https:\/\/www.dogoodpeople.com\/wp-content\/uploads\/2023\/03\/pexels-brett-sayles-1101113.jpg\" \/>\n\t<meta property=\"og:image:width\" content=\"640\" \/>\n\t<meta property=\"og:image:height\" content=\"427\" \/>\n\t<meta property=\"og:image:type\" content=\"image\/jpeg\" \/>\n<meta name=\"author\" content=\"DoGoodPeople\" \/>\n<meta name=\"twitter:card\" content=\"summary_large_image\" \/>\n<meta name=\"twitter:label1\" content=\"Escrito por\" \/>\n\t<meta name=\"twitter:data1\" content=\"DoGoodPeople\" \/>\n\t<meta name=\"twitter:label2\" content=\"Tiempo de lectura\" \/>\n\t<meta name=\"twitter:data2\" content=\"6 minutos\" \/>\n<script type=\"application\/ld+json\" class=\"yoast-schema-graph\">{\"@context\":\"https:\\\/\\\/schema.org\",\"@graph\":[{\"@type\":\"Article\",\"@id\":\"https:\\\/\\\/www.dogoodpeople.com\\\/es\\\/tendencias-rsc\\\/accion-climatica\\\/por-que-proteger-la-naturaleza-deberia-estar-entre-las-prioridades-de-las-empresas\\\/#article\",\"isPartOf\":{\"@id\":\"https:\\\/\\\/www.dogoodpeople.com\\\/es\\\/tendencias-rsc\\\/accion-climatica\\\/por-que-proteger-la-naturaleza-deberia-estar-entre-las-prioridades-de-las-empresas\\\/\"},\"author\":{\"name\":\"DoGoodPeople\",\"@id\":\"https:\\\/\\\/www.dogoodpeople.com\\\/es\\\/#\\\/schema\\\/person\\\/0a8577f3e5f8a41a9bc6c4c28af58981\"},\"headline\":\"Por qu\u00e9 proteger la naturaleza deber\u00eda estar entre las prioridades de las empresas\",\"datePublished\":\"2023-03-14T08:10:54+00:00\",\"dateModified\":\"2023-03-14T08:12:52+00:00\",\"mainEntityOfPage\":{\"@id\":\"https:\\\/\\\/www.dogoodpeople.com\\\/es\\\/tendencias-rsc\\\/accion-climatica\\\/por-que-proteger-la-naturaleza-deberia-estar-entre-las-prioridades-de-las-empresas\\\/\"},\"wordCount\":1212,\"publisher\":{\"@id\":\"https:\\\/\\\/www.dogoodpeople.com\\\/es\\\/#organization\"},\"image\":{\"@id\":\"https:\\\/\\\/www.dogoodpeople.com\\\/es\\\/tendencias-rsc\\\/accion-climatica\\\/por-que-proteger-la-naturaleza-deberia-estar-entre-las-prioridades-de-las-empresas\\\/#primaryimage\"},\"thumbnailUrl\":\"https:\\\/\\\/www.dogoodpeople.com\\\/wp-content\\\/uploads\\\/2023\\\/03\\\/pexels-brett-sayles-1101113.jpg\",\"articleSection\":[\"Acci\u00f3n clim\u00e1tica\"],\"inLanguage\":\"es\"},{\"@type\":\"WebPage\",\"@id\":\"https:\\\/\\\/www.dogoodpeople.com\\\/es\\\/tendencias-rsc\\\/accion-climatica\\\/por-que-proteger-la-naturaleza-deberia-estar-entre-las-prioridades-de-las-empresas\\\/\",\"url\":\"https:\\\/\\\/www.dogoodpeople.com\\\/es\\\/tendencias-rsc\\\/accion-climatica\\\/por-que-proteger-la-naturaleza-deberia-estar-entre-las-prioridades-de-las-empresas\\\/\",\"name\":\"Proteger la naturaleza deber\u00eda estar entre las prioridades de las empresas - DoGood People\",\"isPartOf\":{\"@id\":\"https:\\\/\\\/www.dogoodpeople.com\\\/es\\\/#website\"},\"primaryImageOfPage\":{\"@id\":\"https:\\\/\\\/www.dogoodpeople.com\\\/es\\\/tendencias-rsc\\\/accion-climatica\\\/por-que-proteger-la-naturaleza-deberia-estar-entre-las-prioridades-de-las-empresas\\\/#primaryimage\"},\"image\":{\"@id\":\"https:\\\/\\\/www.dogoodpeople.com\\\/es\\\/tendencias-rsc\\\/accion-climatica\\\/por-que-proteger-la-naturaleza-deberia-estar-entre-las-prioridades-de-las-empresas\\\/#primaryimage\"},\"thumbnailUrl\":\"https:\\\/\\\/www.dogoodpeople.com\\\/wp-content\\\/uploads\\\/2023\\\/03\\\/pexels-brett-sayles-1101113.jpg\",\"datePublished\":\"2023-03-14T08:10:54+00:00\",\"dateModified\":\"2023-03-14T08:12:52+00:00\",\"description\":\"As\u00ed es como la protecci\u00f3n de la naturaleza ayuda a abordar la lucha contra el cambio clim\u00e1tico y el bienestar de los empleados.\",\"breadcrumb\":{\"@id\":\"https:\\\/\\\/www.dogoodpeople.com\\\/es\\\/tendencias-rsc\\\/accion-climatica\\\/por-que-proteger-la-naturaleza-deberia-estar-entre-las-prioridades-de-las-empresas\\\/#breadcrumb\"},\"inLanguage\":\"es\",\"potentialAction\":[{\"@type\":\"ReadAction\",\"target\":[\"https:\\\/\\\/www.dogoodpeople.com\\\/es\\\/tendencias-rsc\\\/accion-climatica\\\/por-que-proteger-la-naturaleza-deberia-estar-entre-las-prioridades-de-las-empresas\\\/\"]}]},{\"@type\":\"ImageObject\",\"inLanguage\":\"es\",\"@id\":\"https:\\\/\\\/www.dogoodpeople.com\\\/es\\\/tendencias-rsc\\\/accion-climatica\\\/por-que-proteger-la-naturaleza-deberia-estar-entre-las-prioridades-de-las-empresas\\\/#primaryimage\",\"url\":\"https:\\\/\\\/www.dogoodpeople.com\\\/wp-content\\\/uploads\\\/2023\\\/03\\\/pexels-brett-sayles-1101113.jpg\",\"contentUrl\":\"https:\\\/\\\/www.dogoodpeople.com\\\/wp-content\\\/uploads\\\/2023\\\/03\\\/pexels-brett-sayles-1101113.jpg\",\"width\":640,\"height\":427,\"caption\":\"protect nature CEO\"},{\"@type\":\"BreadcrumbList\",\"@id\":\"https:\\\/\\\/www.dogoodpeople.com\\\/es\\\/tendencias-rsc\\\/accion-climatica\\\/por-que-proteger-la-naturaleza-deberia-estar-entre-las-prioridades-de-las-empresas\\\/#breadcrumb\",\"itemListElement\":[{\"@type\":\"ListItem\",\"position\":1,\"name\":\"Home\",\"item\":\"https:\\\/\\\/www.dogoodpeople.com\\\/es\\\/\"},{\"@type\":\"ListItem\",\"position\":2,\"name\":\"Por qu\u00e9 proteger la naturaleza deber\u00eda estar entre las prioridades de las empresas\"}]},{\"@type\":\"WebSite\",\"@id\":\"https:\\\/\\\/www.dogoodpeople.com\\\/es\\\/#website\",\"url\":\"https:\\\/\\\/www.dogoodpeople.com\\\/es\\\/\",\"name\":\"DoGood People\",\"description\":\"Software para digitalizar el impacto ESG de los empleados y mejorar la reputaci\u00f3n sostenible de las empresas.\",\"publisher\":{\"@id\":\"https:\\\/\\\/www.dogoodpeople.com\\\/es\\\/#organization\"},\"alternateName\":\"DoGood\",\"potentialAction\":[{\"@type\":\"SearchAction\",\"target\":{\"@type\":\"EntryPoint\",\"urlTemplate\":\"https:\\\/\\\/www.dogoodpeople.com\\\/es\\\/?s={search_term_string}\"},\"query-input\":{\"@type\":\"PropertyValueSpecification\",\"valueRequired\":true,\"valueName\":\"search_term_string\"}}],\"inLanguage\":\"es\"},{\"@type\":\"Organization\",\"@id\":\"https:\\\/\\\/www.dogoodpeople.com\\\/es\\\/#organization\",\"name\":\"DoGood People\",\"url\":\"https:\\\/\\\/www.dogoodpeople.com\\\/es\\\/\",\"logo\":{\"@type\":\"ImageObject\",\"inLanguage\":\"es\",\"@id\":\"https:\\\/\\\/www.dogoodpeople.com\\\/es\\\/#\\\/schema\\\/logo\\\/image\\\/\",\"url\":\"https:\\\/\\\/www.dogoodpeople.com\\\/wp-content\\\/uploads\\\/2022\\\/09\\\/Logo-DoGood-people.png\",\"contentUrl\":\"https:\\\/\\\/www.dogoodpeople.com\\\/wp-content\\\/uploads\\\/2022\\\/09\\\/Logo-DoGood-people.png\",\"width\":400,\"height\":280,\"caption\":\"DoGood People\"},\"image\":{\"@id\":\"https:\\\/\\\/www.dogoodpeople.com\\\/es\\\/#\\\/schema\\\/logo\\\/image\\\/\"},\"sameAs\":[\"https:\\\/\\\/www.linkedin.com\\\/company\\\/dogood\\\/\",\"https:\\\/\\\/www.instagram.com\\\/dogood_people\\\/\"]},{\"@type\":\"Person\",\"@id\":\"https:\\\/\\\/www.dogoodpeople.com\\\/es\\\/#\\\/schema\\\/person\\\/0a8577f3e5f8a41a9bc6c4c28af58981\",\"name\":\"DoGoodPeople\"}]}<\/script>\n<!-- \/ Yoast SEO Premium plugin. -->","yoast_head_json":{"title":"Proteger la naturaleza deber\u00eda estar entre las prioridades de las empresas - DoGood People","description":"As\u00ed es como la protecci\u00f3n de la naturaleza ayuda a abordar la lucha contra el cambio clim\u00e1tico y el bienestar de los empleados.","robots":{"index":"index","follow":"follow","max-snippet":"max-snippet:-1","max-image-preview":"max-image-preview:large","max-video-preview":"max-video-preview:-1"},"canonical":"https:\/\/www.dogoodpeople.com\/es\/tendencias-rsc\/accion-climatica\/por-que-proteger-la-naturaleza-deberia-estar-entre-las-prioridades-de-las-empresas\/","og_locale":"es_ES","og_type":"article","og_title":"Por qu\u00e9 proteger la naturaleza deber\u00eda estar entre las prioridades de las empresas","og_description":"As\u00ed es como la protecci\u00f3n de la naturaleza ayuda a abordar la lucha contra el cambio clim\u00e1tico y el bienestar de los empleados.","og_url":"https:\/\/www.dogoodpeople.com\/es\/tendencias-rsc\/accion-climatica\/por-que-proteger-la-naturaleza-deberia-estar-entre-las-prioridades-de-las-empresas\/","og_site_name":"DoGood People","article_published_time":"2023-03-14T08:10:54+00:00","article_modified_time":"2023-03-14T08:12:52+00:00","og_image":[{"width":640,"height":427,"url":"https:\/\/www.dogoodpeople.com\/wp-content\/uploads\/2023\/03\/pexels-brett-sayles-1101113.jpg","type":"image\/jpeg"}],"author":"DoGoodPeople","twitter_card":"summary_large_image","twitter_misc":{"Escrito por":"DoGoodPeople","Tiempo de lectura":"6 minutos"},"schema":{"@context":"https:\/\/schema.org","@graph":[{"@type":"Article","@id":"https:\/\/www.dogoodpeople.com\/es\/tendencias-rsc\/accion-climatica\/por-que-proteger-la-naturaleza-deberia-estar-entre-las-prioridades-de-las-empresas\/#article","isPartOf":{"@id":"https:\/\/www.dogoodpeople.com\/es\/tendencias-rsc\/accion-climatica\/por-que-proteger-la-naturaleza-deberia-estar-entre-las-prioridades-de-las-empresas\/"},"author":{"name":"DoGoodPeople","@id":"https:\/\/www.dogoodpeople.com\/es\/#\/schema\/person\/0a8577f3e5f8a41a9bc6c4c28af58981"},"headline":"Por qu\u00e9 proteger la naturaleza deber\u00eda estar entre las prioridades de las empresas","datePublished":"2023-03-14T08:10:54+00:00","dateModified":"2023-03-14T08:12:52+00:00","mainEntityOfPage":{"@id":"https:\/\/www.dogoodpeople.com\/es\/tendencias-rsc\/accion-climatica\/por-que-proteger-la-naturaleza-deberia-estar-entre-las-prioridades-de-las-empresas\/"},"wordCount":1212,"publisher":{"@id":"https:\/\/www.dogoodpeople.com\/es\/#organization"},"image":{"@id":"https:\/\/www.dogoodpeople.com\/es\/tendencias-rsc\/accion-climatica\/por-que-proteger-la-naturaleza-deberia-estar-entre-las-prioridades-de-las-empresas\/#primaryimage"},"thumbnailUrl":"https:\/\/www.dogoodpeople.com\/wp-content\/uploads\/2023\/03\/pexels-brett-sayles-1101113.jpg","articleSection":["Acci\u00f3n clim\u00e1tica"],"inLanguage":"es"},{"@type":"WebPage","@id":"https:\/\/www.dogoodpeople.com\/es\/tendencias-rsc\/accion-climatica\/por-que-proteger-la-naturaleza-deberia-estar-entre-las-prioridades-de-las-empresas\/","url":"https:\/\/www.dogoodpeople.com\/es\/tendencias-rsc\/accion-climatica\/por-que-proteger-la-naturaleza-deberia-estar-entre-las-prioridades-de-las-empresas\/","name":"Proteger la naturaleza deber\u00eda estar entre las prioridades de las empresas - DoGood People","isPartOf":{"@id":"https:\/\/www.dogoodpeople.com\/es\/#website"},"primaryImageOfPage":{"@id":"https:\/\/www.dogoodpeople.com\/es\/tendencias-rsc\/accion-climatica\/por-que-proteger-la-naturaleza-deberia-estar-entre-las-prioridades-de-las-empresas\/#primaryimage"},"image":{"@id":"https:\/\/www.dogoodpeople.com\/es\/tendencias-rsc\/accion-climatica\/por-que-proteger-la-naturaleza-deberia-estar-entre-las-prioridades-de-las-empresas\/#primaryimage"},"thumbnailUrl":"https:\/\/www.dogoodpeople.com\/wp-content\/uploads\/2023\/03\/pexels-brett-sayles-1101113.jpg","datePublished":"2023-03-14T08:10:54+00:00","dateModified":"2023-03-14T08:12:52+00:00","description":"As\u00ed es como la protecci\u00f3n de la naturaleza ayuda a abordar la lucha contra el cambio clim\u00e1tico y el bienestar de los empleados.","breadcrumb":{"@id":"https:\/\/www.dogoodpeople.com\/es\/tendencias-rsc\/accion-climatica\/por-que-proteger-la-naturaleza-deberia-estar-entre-las-prioridades-de-las-empresas\/#breadcrumb"},"inLanguage":"es","potentialAction":[{"@type":"ReadAction","target":["https:\/\/www.dogoodpeople.com\/es\/tendencias-rsc\/accion-climatica\/por-que-proteger-la-naturaleza-deberia-estar-entre-las-prioridades-de-las-empresas\/"]}]},{"@type":"ImageObject","inLanguage":"es","@id":"https:\/\/www.dogoodpeople.com\/es\/tendencias-rsc\/accion-climatica\/por-que-proteger-la-naturaleza-deberia-estar-entre-las-prioridades-de-las-empresas\/#primaryimage","url":"https:\/\/www.dogoodpeople.com\/wp-content\/uploads\/2023\/03\/pexels-brett-sayles-1101113.jpg","contentUrl":"https:\/\/www.dogoodpeople.com\/wp-content\/uploads\/2023\/03\/pexels-brett-sayles-1101113.jpg","width":640,"height":427,"caption":"protect nature CEO"},{"@type":"BreadcrumbList","@id":"https:\/\/www.dogoodpeople.com\/es\/tendencias-rsc\/accion-climatica\/por-que-proteger-la-naturaleza-deberia-estar-entre-las-prioridades-de-las-empresas\/#breadcrumb","itemListElement":[{"@type":"ListItem","position":1,"name":"Home","item":"https:\/\/www.dogoodpeople.com\/es\/"},{"@type":"ListItem","position":2,"name":"Por qu\u00e9 proteger la naturaleza deber\u00eda estar entre las prioridades de las empresas"}]},{"@type":"WebSite","@id":"https:\/\/www.dogoodpeople.com\/es\/#website","url":"https:\/\/www.dogoodpeople.com\/es\/","name":"DoGood People","description":"Software para digitalizar el impacto ESG de los empleados y mejorar la reputaci\u00f3n sostenible de las empresas.","publisher":{"@id":"https:\/\/www.dogoodpeople.com\/es\/#organization"},"alternateName":"DoGood","potentialAction":[{"@type":"SearchAction","target":{"@type":"EntryPoint","urlTemplate":"https:\/\/www.dogoodpeople.com\/es\/?s={search_term_string}"},"query-input":{"@type":"PropertyValueSpecification","valueRequired":true,"valueName":"search_term_string"}}],"inLanguage":"es"},{"@type":"Organization","@id":"https:\/\/www.dogoodpeople.com\/es\/#organization","name":"DoGood People","url":"https:\/\/www.dogoodpeople.com\/es\/","logo":{"@type":"ImageObject","inLanguage":"es","@id":"https:\/\/www.dogoodpeople.com\/es\/#\/schema\/logo\/image\/","url":"https:\/\/www.dogoodpeople.com\/wp-content\/uploads\/2022\/09\/Logo-DoGood-people.png","contentUrl":"https:\/\/www.dogoodpeople.com\/wp-content\/uploads\/2022\/09\/Logo-DoGood-people.png","width":400,"height":280,"caption":"DoGood People"},"image":{"@id":"https:\/\/www.dogoodpeople.com\/es\/#\/schema\/logo\/image\/"},"sameAs":["https:\/\/www.linkedin.com\/company\/dogood\/","https:\/\/www.instagram.com\/dogood_people\/"]},{"@type":"Person","@id":"https:\/\/www.dogoodpeople.com\/es\/#\/schema\/person\/0a8577f3e5f8a41a9bc6c4c28af58981","name":"DoGoodPeople"}]}},"_links":{"self":[{"href":"https:\/\/www.dogoodpeople.com\/es\/wp-json\/wp\/v2\/posts\/18908","targetHints":{"allow":["GET"]}}],"collection":[{"href":"https:\/\/www.dogoodpeople.com\/es\/wp-json\/wp\/v2\/posts"}],"about":[{"href":"https:\/\/www.dogoodpeople.com\/es\/wp-json\/wp\/v2\/types\/post"}],"author":[{"embeddable":true,"href":"https:\/\/www.dogoodpeople.com\/es\/wp-json\/wp\/v2\/users\/7"}],"replies":[{"embeddable":true,"href":"https:\/\/www.dogoodpeople.com\/es\/wp-json\/wp\/v2\/comments?post=18908"}],"version-history":[{"count":0,"href":"https:\/\/www.dogoodpeople.com\/es\/wp-json\/wp\/v2\/posts\/18908\/revisions"}],"wp:featuredmedia":[{"embeddable":true,"href":"https:\/\/www.dogoodpeople.com\/es\/wp-json\/wp\/v2\/media\/18885"}],"wp:attachment":[{"href":"https:\/\/www.dogoodpeople.com\/es\/wp-json\/wp\/v2\/media?parent=18908"}],"wp:term":[{"taxonomy":"category","embeddable":true,"href":"https:\/\/www.dogoodpeople.com\/es\/wp-json\/wp\/v2\/categories?post=18908"},{"taxonomy":"post_tag","embeddable":true,"href":"https:\/\/www.dogoodpeople.com\/es\/wp-json\/wp\/v2\/tags?post=18908"}],"curies":[{"name":"wp","href":"https:\/\/api.w.org\/{rel}","templated":true}]}}