{"id":14317,"date":"2022-02-03T10:10:41","date_gmt":"2022-02-03T09:10:41","guid":{"rendered":"https:\/\/www.dogoodpeople.com\/sin-categorizar\/la-controversia-que-rodea-la-transicion-energetica-europea\/"},"modified":"2022-11-11T13:56:05","modified_gmt":"2022-11-11T12:56:05","slug":"la-controversia-que-rodea-la-transicion-energetica-europea","status":"publish","type":"post","link":"https:\/\/www.dogoodpeople.com\/es\/tendencias-rsc\/regulaciones-sostenibles\/la-controversia-que-rodea-la-transicion-energetica-europea\/","title":{"rendered":"La controversia que rodea la transici\u00f3n energ\u00e9tica Europea"},"content":{"rendered":"\r\n<p>Desde que la <strong>Taxonom\u00eda Europea<\/strong> entrase en vigor a principios de este a\u00f1o, se ha visto alabada por su ambicioso plan para luchar contra el greenwashing; sin embargo tambi\u00e9n se ha convertido en <strong>tema de controversia<\/strong> dada la percibida influencia que ha tenido el lobbying por encima de los datos cient\u00edficos.<\/p>\r\n\r\n\r\n\r\n<p>La Comisi\u00f3n describe el documento como un lenguaje com\u00fan para poder clasificar las actividades econ\u00f3micas pertinentes como sostenibles, con el objetivo de acabar con el greenwashing al mismo tiempo que procura impulsar la inversi\u00f3n en aquellas actividades financieras que est\u00e9n alineadas con los objetivos de sostenibilidad Europeos.<\/p>\r\n\r\n\r\n\r\n<p>A pesar del amplio apoyo popular para impulsar acciones que ayuden a frenar el cambio clim\u00e1tico, las controversias pol\u00edticas no han dejado de afectar a la consecuci\u00f3n de pol\u00edticas ambientales europeas. Actualmente destaca el complejo debate acerca de la <strong>inclusi\u00f3n del gas natural y la energ\u00eda nuclear<\/strong> como fuentes de energ\u00eda sostenible; esto ha despertado tensiones entre los estados miembros de la uni\u00f3n, la comunidad cient\u00edfica y el p\u00fablico general.<\/p>\r\n\r\n\r\n\r\n<p>&nbsp;<\/p>\r\n\r\n\r\n\r\n<h2 class=\"wp-block-heading\" id=\"the-commission-s-proposal\">La propuesta de la Comisi\u00f3n<\/h2>\r\n\r\n\r\n\r\n<p>&nbsp;<\/p>\r\n\r\n\r\n\r\n<p>Bajo estas nuevas normas desplegadas en la <a href=\"https:\/\/ec.europa.eu\/info\/business-economy-euro\/banking-and-finance\/sustainable-finance\/eu-taxonomy-sustainable-activities_en\" target=\"_blank\" rel=\"noreferrer noopener\">Taxonom\u00eda Europe<\/a>a, las <strong>empresas energ\u00e9ticas<\/strong> <strong>deber\u00e1n comenzar la transici\u00f3n de fuentes energ\u00e9ticas que emiten carbono hacia soluciones m\u00e1s sostenibles<\/strong>; de manera similar, los <strong>inversores<\/strong> tambi\u00e9n deber\u00e1n <strong>revelar informaci\u00f3n sobre el impacto de sus actividades financieras<\/strong> en productos ambientalmente sostenibles, incluyendo el porcentaje de inversi\u00f3n que destinan a proyectos verdes.<\/p>\r\n\r\n\r\n\r\n<p>La decisi\u00f3n viene \u2013 entre otras razones \u2013 impulsada por el compromiso por <a href=\"https:\/\/dogoodpeople.com\/en\/the-keys-to-a-sustainable-future-in-europe\/\">reducir las emisiones de carbono<\/a> en un 55% para el a\u00f1o 2030. Este objetivo tan ambicioso, junto con el plazo marcado por la UE para alcanzar la neutralidad de carbono en el a\u00f1o 2050, viene acompa\u00f1ado de un gran coste econ\u00f3mico y de recursos que no pueden alcanzarse s\u00f3lo con financiaci\u00f3n p\u00fablica. El capital privado tendr\u00e1 que jugar un papel muy importante en la transici\u00f3n sostenible de la Uni\u00f3n Europea.<\/p>\r\n\r\n\r\n\r\n<p>En este sentido, la Comisi\u00f3n Europea ha propuesto tratar tanto <strong>la inversi\u00f3n en gas natural como en energ\u00eda nuclear a un nivel similar al de fuentes de energ\u00eda renovables,<\/strong> en un esfuerzo por perseguir ese objetivo de econom\u00eda neutra en carbono en los pr\u00f3ximos a\u00f1os.<\/p>\r\n\r\n\r\n\r\n<ul class=\"wp-block-list\">\r\n<li><strong>Energ\u00eda nuclear:<\/strong> Seg\u00fan la propuesta, la inversi\u00f3n en plantas de energ\u00eda nuclear podr\u00e1 ser <strong>clasificada como verde hasta el a\u00f1o 2045<\/strong>, mientras que la inversi\u00f3n para extender la vida \u00fatil de las plantas ya existentes solo contar\u00e1 como sostenible hasta el a\u00f1o 2040; aunque existen otras condiciones. Las plantas nucleares deber\u00e1n poder demostrar (as\u00ed como sus respectivos gobiernos) que cuentan con los planes apropiados para gestionar los residuos t\u00f3xicos, hacer los reactores nucleares inoperativos y desmantelar las plantas de forma segura.<\/li>\r\n<\/ul>\r\n\r\n\r\n\r\n<p>&nbsp;<\/p>\r\n\r\n\r\n\r\n<p><strong>La energ\u00eda nuclear ser\u00e1 considerada como inversi\u00f3n sostenible siempre y cuando el pa\u00eds sea capaz de deshacerse de los residuos radiactivos de forma segura.<\/strong><\/p>\r\n\r\n\r\n\r\n<p>&nbsp;<\/p>\r\n\r\n\r\n\r\n<ul class=\"wp-block-list\">\r\n<li><strong>Gas natural:<\/strong> Por otro lado, la inversi\u00f3n en gas natural podr\u00e1 ser <strong>clasificada como verde por lo menos hasta el a\u00f1o 2030<\/strong> siempre y cuando las emisiones de carbono se encuentren bajo un umbral fijo, esto es, que no produzcan da\u00f1os medioambientales significativos. Asimismo, las firmas el\u00e9ctricas deber\u00e1n demostrar que est\u00e1n generando un porcentaje paulatinamente mayor de energ\u00eda mediante fuentes renovables.<\/li>\r\n<\/ul>\r\n\r\n\r\n\r\n<p>&nbsp;<\/p>\r\n\r\n\r\n\r\n<p><strong>El gas natural se denominar\u00e1 como energ\u00eda verde \u2018\u2019de transici\u00f3n\u2019\u2019 por prop\u00f3sitos de inversi\u00f3n si se cumplen ciertos criterios de emisiones y se reemplazan plantas de combustible f\u00f3sil mas contaminantes.<\/strong><\/p>\r\n\r\n\r\n\r\n<p>&nbsp;<\/p>\r\n\r\n\r\n\r\n<h2 class=\"wp-block-heading\" id=\"why-did-the-proposal-spark-controversy\">\u00bfPor qu\u00e9 surge la controversia de la propuesta?<\/h2>\r\n\r\n\r\n\r\n<p>&nbsp;<\/p>\r\n\r\n\r\n\r\n<p>Aunque la propuesta puede ayudar a atraer la ola de inversi\u00f3n necesaria para el futuro verde de la Uni\u00f3n, son muchos <strong>los cr\u00edticos que argumentan que estas dos fuentes de energ\u00eda son da\u00f1inas para el medio ambiente,<\/strong> descart\u00e1ndolas as\u00ed como medida viable para la transici\u00f3n energ\u00e9tica Europea. Sin embargo, la Comisi\u00f3n considera que la energ\u00eda nuclear y el gas natural juegan un papel importante a la hora de <strong>facilitar la transici\u00f3n<\/strong> hacia un futuro basado en las energ\u00edas renovables.<\/p>\r\n\r\n\r\n\r\n<p>La dualidad de opiniones causada por la propuesta se ha convertido en <strong>un debate pol\u00edtico cargado de tensiones<\/strong> con diferentes intereses nacionales, lobbying y opiniones cient\u00edficas enfrent\u00e1ndose en la lucha por conseguir alcanzar la tan necesitada transici\u00f3n energ\u00e9tica.<\/p>\r\n\r\n\r\n\r\n<p>Por un lado, Francia lidera una coalici\u00f3n junto con varios pa\u00edses del Este de Europa \u2013 los cuales a\u00fan dependen en gran medida del carb\u00f3n \u2013 para apoyar la inversi\u00f3n en energ\u00eda nuclear y gas natural como inversiones sostenibles. Alemania, por otro lado, junto con Austria, Luxemburgo, Portugal y Dinamarca ha expresado sus preocupaciones por el resurgir de la energ\u00eda nuclear en el continente, as\u00ed como por los residuos radiactivos que esta produce.<\/p>\r\n\r\n\r\n\r\n<p>Francia y Alemania son dos de las mayores potencias econ\u00f3micas de la regi\u00f3n, cuyos intereses divergen en direcciones opuestas, representando el grueso de la cuesti\u00f3n. Francia, cuya producci\u00f3n el\u00e9ctrica depende en un 70% de la energ\u00eda nuclear, defiende la seguridad y cualidades verdes de las plantas nucleares. Alemania, sin embargo, dej\u00f3 de lado todo tipo de planes relacionados con plantas nucleares tras el desastre de Fukushima en 2011.<\/p>\r\n\r\n\r\n\r\n<p>&nbsp;<\/p>\r\n\r\n\r\n\r\n<h2 class=\"wp-block-heading\" id=\"no-one-said-it-was-easy\">Nadie dijo que fuera f\u00e1cil<\/h2>\r\n\r\n\r\n\r\n<p>&nbsp;<\/p>\r\n\r\n\r\n\r\n<p>Mientras Europa prepara las bases para un futuro sostenible y neutro en carbono, inevitablemente <strong>emergen nuevos problemas.<\/strong> Las preocupaciones en torno al cambio clim\u00e1tico se mezclan con los intereses pol\u00edticos, la falta de recursos econ\u00f3micos, las tensiones sociales intensificadas por la crisis sanitaria y la creciente urgencia de tomar el control de la sostenibilidad.<\/p>\r\n\r\n\r\n\r\n<p>Pero si algo podemos sacar de todo ello, es la importancia de <strong>la transparencia y la precisi\u00f3n.<\/strong> La mayor\u00eda de los problemas relacionados con las preocupaciones ambientales nacen de la falta de informaci\u00f3n transparente o de la falta de m\u00e9tricas precisas que ayuden a entender y gestionar la informaci\u00f3n que debe divulgarse en primer lugar.<\/p>\r\n\r\n\r\n\r\n<p>En <strong>DoGood<\/strong> creemos que buscar informaci\u00f3n precisa y <strong>un entendimiento m\u00e1s profundo de los procesos que pueden impulsar la sostenibilidad<\/strong> son una parte esencial del trabajo de cualquier organizaci\u00f3n, desde empresas hasta instituciones y gobiernos, todos tenemos un papel que jugar en la supervivencia de nuestro planeta.<\/p>\r\n\r\n\r\n\r\n<p>En este sentido, es esencial para nuestro trabajo promover <strong>el buen gobierno corporativo<\/strong>esto es, seguir con rigor todos los procesos de divulgaci\u00f3n y transparencia para proveer a reguladores, accionistas y al p\u00fablico en general de la informaci\u00f3n m\u00e1s precisa acerca de los aspectos financieros, operacionales y de otros aspectos de la compa\u00f1\u00eda, incluyendo una definici\u00f3n m\u00e1s exacta del rendimiento ESG.<\/p>\r\n\r\n\r\n\r\n<p>Hemos desarrollado <strong>una herramienta de gobierno corporativo<\/strong> que ayuda a establecer cuotas de <strong>impacto de ESG<\/strong> para los empleados en lo que se refiere a la estrategia de sostenibilidad de la empresa. Mediante nuestra <strong>tecnolog\u00eda SaaS<\/strong> somos capaces de activar y trazar el impacto de los empleados, fomentando <strong>la involucraci\u00f3n<\/strong> que despu\u00e9s trasladamos a <strong>mejores m\u00e9tricas ESG, valor reputacional<\/strong> y un <strong>impacto positivo<\/strong> en el planeta y la sociedad.<\/p>\r\n\r\n\r\n\r\n<p>Si te interesa saber m\u00e1s sobre c\u00f3mo hacemos esto posible de una forma social y de impacto, haz clic <a href=\"https:\/\/dogoodpeople.com\/en\/contact\/\">aqu\u00ed.<\/a><\/p>\r\n","protected":false},"excerpt":{"rendered":"<p>Desde que la Taxonom\u00eda Europea entrase en vigor a principios de este a\u00f1o, se ha [&hellip;]<\/p>\n","protected":false},"author":10,"featured_media":15176,"comment_status":"closed","ping_status":"closed","sticky":false,"template":"","format":"standard","meta":{"_acf_changed":false,"content-type":"","footnotes":""},"categories":[176],"tags":[],"class_list":["post-14317","post","type-post","status-publish","format-standard","has-post-thumbnail","hentry","category-regulaciones-sostenibles"],"acf":[],"yoast_head":"<!-- This site is optimized with the Yoast SEO Premium plugin v25.8 (Yoast SEO v27.4) - https:\/\/yoast.com\/product\/yoast-seo-premium-wordpress\/ -->\n<title>La controversia que rodea la transici\u00f3n energ\u00e9tica Europea - DoGood People<\/title>\n<meta name=\"description\" content=\"Mientras la UE comienza a construir el camino hacia un futuro de energ\u00edas renovables, surgen las controversias sobre c\u00f3mo la transici\u00f3n se plantea.\" \/>\n<meta name=\"robots\" content=\"index, follow, max-snippet:-1, max-image-preview:large, max-video-preview:-1\" \/>\n<link rel=\"canonical\" href=\"https:\/\/www.dogoodpeople.com\/es\/tendencias-rsc\/regulaciones-sostenibles\/la-controversia-que-rodea-la-transicion-energetica-europea\/\" \/>\n<meta property=\"og:locale\" content=\"es_ES\" \/>\n<meta property=\"og:type\" content=\"article\" \/>\n<meta property=\"og:title\" content=\"La controversia que rodea la transici\u00f3n energ\u00e9tica Europea\" \/>\n<meta property=\"og:description\" content=\"Mientras la UE comienza a construir el camino hacia un futuro de energ\u00edas renovables, surgen las controversias sobre c\u00f3mo la transici\u00f3n se plantea.\" \/>\n<meta property=\"og:url\" content=\"https:\/\/www.dogoodpeople.com\/es\/tendencias-rsc\/regulaciones-sostenibles\/la-controversia-que-rodea-la-transicion-energetica-europea\/\" \/>\n<meta property=\"og:site_name\" content=\"DoGood People\" \/>\n<meta property=\"article:published_time\" content=\"2022-02-03T09:10:41+00:00\" \/>\n<meta property=\"article:modified_time\" content=\"2022-11-11T12:56:05+00:00\" \/>\n<meta property=\"og:image\" content=\"https:\/\/www.dogoodpeople.com\/wp-content\/uploads\/2022\/02\/pexels-sam-forson-243138.jpg\" \/>\n\t<meta property=\"og:image:width\" content=\"640\" \/>\n\t<meta property=\"og:image:height\" content=\"427\" \/>\n\t<meta property=\"og:image:type\" content=\"image\/jpeg\" \/>\n<meta name=\"author\" content=\"Natalia Mart\u00ednez\" \/>\n<meta name=\"twitter:card\" content=\"summary_large_image\" \/>\n<meta name=\"twitter:label1\" content=\"Escrito por\" \/>\n\t<meta name=\"twitter:data1\" content=\"Natalia Mart\u00ednez\" \/>\n\t<meta name=\"twitter:label2\" content=\"Tiempo de lectura\" \/>\n\t<meta name=\"twitter:data2\" content=\"5 minutos\" \/>\n<script type=\"application\/ld+json\" class=\"yoast-schema-graph\">{\"@context\":\"https:\\\/\\\/schema.org\",\"@graph\":[{\"@type\":\"Article\",\"@id\":\"https:\\\/\\\/www.dogoodpeople.com\\\/es\\\/tendencias-rsc\\\/regulaciones-sostenibles\\\/la-controversia-que-rodea-la-transicion-energetica-europea\\\/#article\",\"isPartOf\":{\"@id\":\"https:\\\/\\\/www.dogoodpeople.com\\\/es\\\/tendencias-rsc\\\/regulaciones-sostenibles\\\/la-controversia-que-rodea-la-transicion-energetica-europea\\\/\"},\"author\":{\"name\":\"Natalia Mart\u00ednez\",\"@id\":\"https:\\\/\\\/www.dogoodpeople.com\\\/es\\\/#\\\/schema\\\/person\\\/4f4fd41172bd8893ed23be07b6fccb3d\"},\"headline\":\"La controversia que rodea la transici\u00f3n energ\u00e9tica Europea\",\"datePublished\":\"2022-02-03T09:10:41+00:00\",\"dateModified\":\"2022-11-11T12:56:05+00:00\",\"mainEntityOfPage\":{\"@id\":\"https:\\\/\\\/www.dogoodpeople.com\\\/es\\\/tendencias-rsc\\\/regulaciones-sostenibles\\\/la-controversia-que-rodea-la-transicion-energetica-europea\\\/\"},\"wordCount\":1262,\"publisher\":{\"@id\":\"https:\\\/\\\/www.dogoodpeople.com\\\/es\\\/#organization\"},\"image\":{\"@id\":\"https:\\\/\\\/www.dogoodpeople.com\\\/es\\\/tendencias-rsc\\\/regulaciones-sostenibles\\\/la-controversia-que-rodea-la-transicion-energetica-europea\\\/#primaryimage\"},\"thumbnailUrl\":\"https:\\\/\\\/www.dogoodpeople.com\\\/wp-content\\\/uploads\\\/2022\\\/02\\\/pexels-sam-forson-243138.jpg\",\"articleSection\":[\"Regulaciones sostenibles\"],\"inLanguage\":\"es\"},{\"@type\":\"WebPage\",\"@id\":\"https:\\\/\\\/www.dogoodpeople.com\\\/es\\\/tendencias-rsc\\\/regulaciones-sostenibles\\\/la-controversia-que-rodea-la-transicion-energetica-europea\\\/\",\"url\":\"https:\\\/\\\/www.dogoodpeople.com\\\/es\\\/tendencias-rsc\\\/regulaciones-sostenibles\\\/la-controversia-que-rodea-la-transicion-energetica-europea\\\/\",\"name\":\"La controversia que rodea la transici\u00f3n energ\u00e9tica Europea - DoGood People\",\"isPartOf\":{\"@id\":\"https:\\\/\\\/www.dogoodpeople.com\\\/es\\\/#website\"},\"primaryImageOfPage\":{\"@id\":\"https:\\\/\\\/www.dogoodpeople.com\\\/es\\\/tendencias-rsc\\\/regulaciones-sostenibles\\\/la-controversia-que-rodea-la-transicion-energetica-europea\\\/#primaryimage\"},\"image\":{\"@id\":\"https:\\\/\\\/www.dogoodpeople.com\\\/es\\\/tendencias-rsc\\\/regulaciones-sostenibles\\\/la-controversia-que-rodea-la-transicion-energetica-europea\\\/#primaryimage\"},\"thumbnailUrl\":\"https:\\\/\\\/www.dogoodpeople.com\\\/wp-content\\\/uploads\\\/2022\\\/02\\\/pexels-sam-forson-243138.jpg\",\"datePublished\":\"2022-02-03T09:10:41+00:00\",\"dateModified\":\"2022-11-11T12:56:05+00:00\",\"description\":\"Mientras la UE comienza a construir el camino hacia un futuro de energ\u00edas renovables, surgen las controversias sobre c\u00f3mo la transici\u00f3n se plantea.\",\"breadcrumb\":{\"@id\":\"https:\\\/\\\/www.dogoodpeople.com\\\/es\\\/tendencias-rsc\\\/regulaciones-sostenibles\\\/la-controversia-que-rodea-la-transicion-energetica-europea\\\/#breadcrumb\"},\"inLanguage\":\"es\",\"potentialAction\":[{\"@type\":\"ReadAction\",\"target\":[\"https:\\\/\\\/www.dogoodpeople.com\\\/es\\\/tendencias-rsc\\\/regulaciones-sostenibles\\\/la-controversia-que-rodea-la-transicion-energetica-europea\\\/\"]}]},{\"@type\":\"ImageObject\",\"inLanguage\":\"es\",\"@id\":\"https:\\\/\\\/www.dogoodpeople.com\\\/es\\\/tendencias-rsc\\\/regulaciones-sostenibles\\\/la-controversia-que-rodea-la-transicion-energetica-europea\\\/#primaryimage\",\"url\":\"https:\\\/\\\/www.dogoodpeople.com\\\/wp-content\\\/uploads\\\/2022\\\/02\\\/pexels-sam-forson-243138.jpg\",\"contentUrl\":\"https:\\\/\\\/www.dogoodpeople.com\\\/wp-content\\\/uploads\\\/2022\\\/02\\\/pexels-sam-forson-243138.jpg\",\"width\":640,\"height\":427,\"caption\":\"transicion energetica UE\"},{\"@type\":\"BreadcrumbList\",\"@id\":\"https:\\\/\\\/www.dogoodpeople.com\\\/es\\\/tendencias-rsc\\\/regulaciones-sostenibles\\\/la-controversia-que-rodea-la-transicion-energetica-europea\\\/#breadcrumb\",\"itemListElement\":[{\"@type\":\"ListItem\",\"position\":1,\"name\":\"Home\",\"item\":\"https:\\\/\\\/www.dogoodpeople.com\\\/es\\\/\"},{\"@type\":\"ListItem\",\"position\":2,\"name\":\"La controversia que rodea la transici\u00f3n energ\u00e9tica Europea\"}]},{\"@type\":\"WebSite\",\"@id\":\"https:\\\/\\\/www.dogoodpeople.com\\\/es\\\/#website\",\"url\":\"https:\\\/\\\/www.dogoodpeople.com\\\/es\\\/\",\"name\":\"DoGood People\",\"description\":\"Software para digitalizar el impacto ESG de los empleados y mejorar la reputaci\u00f3n sostenible de las empresas.\",\"publisher\":{\"@id\":\"https:\\\/\\\/www.dogoodpeople.com\\\/es\\\/#organization\"},\"alternateName\":\"DoGood\",\"potentialAction\":[{\"@type\":\"SearchAction\",\"target\":{\"@type\":\"EntryPoint\",\"urlTemplate\":\"https:\\\/\\\/www.dogoodpeople.com\\\/es\\\/?s={search_term_string}\"},\"query-input\":{\"@type\":\"PropertyValueSpecification\",\"valueRequired\":true,\"valueName\":\"search_term_string\"}}],\"inLanguage\":\"es\"},{\"@type\":\"Organization\",\"@id\":\"https:\\\/\\\/www.dogoodpeople.com\\\/es\\\/#organization\",\"name\":\"DoGood People\",\"url\":\"https:\\\/\\\/www.dogoodpeople.com\\\/es\\\/\",\"logo\":{\"@type\":\"ImageObject\",\"inLanguage\":\"es\",\"@id\":\"https:\\\/\\\/www.dogoodpeople.com\\\/es\\\/#\\\/schema\\\/logo\\\/image\\\/\",\"url\":\"https:\\\/\\\/www.dogoodpeople.com\\\/wp-content\\\/uploads\\\/2022\\\/09\\\/Logo-DoGood-people.png\",\"contentUrl\":\"https:\\\/\\\/www.dogoodpeople.com\\\/wp-content\\\/uploads\\\/2022\\\/09\\\/Logo-DoGood-people.png\",\"width\":400,\"height\":280,\"caption\":\"DoGood People\"},\"image\":{\"@id\":\"https:\\\/\\\/www.dogoodpeople.com\\\/es\\\/#\\\/schema\\\/logo\\\/image\\\/\"},\"sameAs\":[\"https:\\\/\\\/www.linkedin.com\\\/company\\\/dogood\\\/\",\"https:\\\/\\\/www.instagram.com\\\/dogood_people\\\/\"]},{\"@type\":\"Person\",\"@id\":\"https:\\\/\\\/www.dogoodpeople.com\\\/es\\\/#\\\/schema\\\/person\\\/4f4fd41172bd8893ed23be07b6fccb3d\",\"name\":\"Natalia Mart\u00ednez\"}]}<\/script>\n<!-- \/ Yoast SEO Premium plugin. -->","yoast_head_json":{"title":"La controversia que rodea la transici\u00f3n energ\u00e9tica Europea - DoGood People","description":"Mientras la UE comienza a construir el camino hacia un futuro de energ\u00edas renovables, surgen las controversias sobre c\u00f3mo la transici\u00f3n se plantea.","robots":{"index":"index","follow":"follow","max-snippet":"max-snippet:-1","max-image-preview":"max-image-preview:large","max-video-preview":"max-video-preview:-1"},"canonical":"https:\/\/www.dogoodpeople.com\/es\/tendencias-rsc\/regulaciones-sostenibles\/la-controversia-que-rodea-la-transicion-energetica-europea\/","og_locale":"es_ES","og_type":"article","og_title":"La controversia que rodea la transici\u00f3n energ\u00e9tica Europea","og_description":"Mientras la UE comienza a construir el camino hacia un futuro de energ\u00edas renovables, surgen las controversias sobre c\u00f3mo la transici\u00f3n se plantea.","og_url":"https:\/\/www.dogoodpeople.com\/es\/tendencias-rsc\/regulaciones-sostenibles\/la-controversia-que-rodea-la-transicion-energetica-europea\/","og_site_name":"DoGood People","article_published_time":"2022-02-03T09:10:41+00:00","article_modified_time":"2022-11-11T12:56:05+00:00","og_image":[{"width":640,"height":427,"url":"https:\/\/www.dogoodpeople.com\/wp-content\/uploads\/2022\/02\/pexels-sam-forson-243138.jpg","type":"image\/jpeg"}],"author":"Natalia Mart\u00ednez","twitter_card":"summary_large_image","twitter_misc":{"Escrito por":"Natalia Mart\u00ednez","Tiempo de lectura":"5 minutos"},"schema":{"@context":"https:\/\/schema.org","@graph":[{"@type":"Article","@id":"https:\/\/www.dogoodpeople.com\/es\/tendencias-rsc\/regulaciones-sostenibles\/la-controversia-que-rodea-la-transicion-energetica-europea\/#article","isPartOf":{"@id":"https:\/\/www.dogoodpeople.com\/es\/tendencias-rsc\/regulaciones-sostenibles\/la-controversia-que-rodea-la-transicion-energetica-europea\/"},"author":{"name":"Natalia Mart\u00ednez","@id":"https:\/\/www.dogoodpeople.com\/es\/#\/schema\/person\/4f4fd41172bd8893ed23be07b6fccb3d"},"headline":"La controversia que rodea la transici\u00f3n energ\u00e9tica Europea","datePublished":"2022-02-03T09:10:41+00:00","dateModified":"2022-11-11T12:56:05+00:00","mainEntityOfPage":{"@id":"https:\/\/www.dogoodpeople.com\/es\/tendencias-rsc\/regulaciones-sostenibles\/la-controversia-que-rodea-la-transicion-energetica-europea\/"},"wordCount":1262,"publisher":{"@id":"https:\/\/www.dogoodpeople.com\/es\/#organization"},"image":{"@id":"https:\/\/www.dogoodpeople.com\/es\/tendencias-rsc\/regulaciones-sostenibles\/la-controversia-que-rodea-la-transicion-energetica-europea\/#primaryimage"},"thumbnailUrl":"https:\/\/www.dogoodpeople.com\/wp-content\/uploads\/2022\/02\/pexels-sam-forson-243138.jpg","articleSection":["Regulaciones sostenibles"],"inLanguage":"es"},{"@type":"WebPage","@id":"https:\/\/www.dogoodpeople.com\/es\/tendencias-rsc\/regulaciones-sostenibles\/la-controversia-que-rodea-la-transicion-energetica-europea\/","url":"https:\/\/www.dogoodpeople.com\/es\/tendencias-rsc\/regulaciones-sostenibles\/la-controversia-que-rodea-la-transicion-energetica-europea\/","name":"La controversia que rodea la transici\u00f3n energ\u00e9tica Europea - DoGood People","isPartOf":{"@id":"https:\/\/www.dogoodpeople.com\/es\/#website"},"primaryImageOfPage":{"@id":"https:\/\/www.dogoodpeople.com\/es\/tendencias-rsc\/regulaciones-sostenibles\/la-controversia-que-rodea-la-transicion-energetica-europea\/#primaryimage"},"image":{"@id":"https:\/\/www.dogoodpeople.com\/es\/tendencias-rsc\/regulaciones-sostenibles\/la-controversia-que-rodea-la-transicion-energetica-europea\/#primaryimage"},"thumbnailUrl":"https:\/\/www.dogoodpeople.com\/wp-content\/uploads\/2022\/02\/pexels-sam-forson-243138.jpg","datePublished":"2022-02-03T09:10:41+00:00","dateModified":"2022-11-11T12:56:05+00:00","description":"Mientras la UE comienza a construir el camino hacia un futuro de energ\u00edas renovables, surgen las controversias sobre c\u00f3mo la transici\u00f3n se plantea.","breadcrumb":{"@id":"https:\/\/www.dogoodpeople.com\/es\/tendencias-rsc\/regulaciones-sostenibles\/la-controversia-que-rodea-la-transicion-energetica-europea\/#breadcrumb"},"inLanguage":"es","potentialAction":[{"@type":"ReadAction","target":["https:\/\/www.dogoodpeople.com\/es\/tendencias-rsc\/regulaciones-sostenibles\/la-controversia-que-rodea-la-transicion-energetica-europea\/"]}]},{"@type":"ImageObject","inLanguage":"es","@id":"https:\/\/www.dogoodpeople.com\/es\/tendencias-rsc\/regulaciones-sostenibles\/la-controversia-que-rodea-la-transicion-energetica-europea\/#primaryimage","url":"https:\/\/www.dogoodpeople.com\/wp-content\/uploads\/2022\/02\/pexels-sam-forson-243138.jpg","contentUrl":"https:\/\/www.dogoodpeople.com\/wp-content\/uploads\/2022\/02\/pexels-sam-forson-243138.jpg","width":640,"height":427,"caption":"transicion energetica UE"},{"@type":"BreadcrumbList","@id":"https:\/\/www.dogoodpeople.com\/es\/tendencias-rsc\/regulaciones-sostenibles\/la-controversia-que-rodea-la-transicion-energetica-europea\/#breadcrumb","itemListElement":[{"@type":"ListItem","position":1,"name":"Home","item":"https:\/\/www.dogoodpeople.com\/es\/"},{"@type":"ListItem","position":2,"name":"La controversia que rodea la transici\u00f3n energ\u00e9tica Europea"}]},{"@type":"WebSite","@id":"https:\/\/www.dogoodpeople.com\/es\/#website","url":"https:\/\/www.dogoodpeople.com\/es\/","name":"DoGood People","description":"Software para digitalizar el impacto ESG de los empleados y mejorar la reputaci\u00f3n sostenible de las empresas.","publisher":{"@id":"https:\/\/www.dogoodpeople.com\/es\/#organization"},"alternateName":"DoGood","potentialAction":[{"@type":"SearchAction","target":{"@type":"EntryPoint","urlTemplate":"https:\/\/www.dogoodpeople.com\/es\/?s={search_term_string}"},"query-input":{"@type":"PropertyValueSpecification","valueRequired":true,"valueName":"search_term_string"}}],"inLanguage":"es"},{"@type":"Organization","@id":"https:\/\/www.dogoodpeople.com\/es\/#organization","name":"DoGood People","url":"https:\/\/www.dogoodpeople.com\/es\/","logo":{"@type":"ImageObject","inLanguage":"es","@id":"https:\/\/www.dogoodpeople.com\/es\/#\/schema\/logo\/image\/","url":"https:\/\/www.dogoodpeople.com\/wp-content\/uploads\/2022\/09\/Logo-DoGood-people.png","contentUrl":"https:\/\/www.dogoodpeople.com\/wp-content\/uploads\/2022\/09\/Logo-DoGood-people.png","width":400,"height":280,"caption":"DoGood People"},"image":{"@id":"https:\/\/www.dogoodpeople.com\/es\/#\/schema\/logo\/image\/"},"sameAs":["https:\/\/www.linkedin.com\/company\/dogood\/","https:\/\/www.instagram.com\/dogood_people\/"]},{"@type":"Person","@id":"https:\/\/www.dogoodpeople.com\/es\/#\/schema\/person\/4f4fd41172bd8893ed23be07b6fccb3d","name":"Natalia Mart\u00ednez"}]}},"_links":{"self":[{"href":"https:\/\/www.dogoodpeople.com\/es\/wp-json\/wp\/v2\/posts\/14317","targetHints":{"allow":["GET"]}}],"collection":[{"href":"https:\/\/www.dogoodpeople.com\/es\/wp-json\/wp\/v2\/posts"}],"about":[{"href":"https:\/\/www.dogoodpeople.com\/es\/wp-json\/wp\/v2\/types\/post"}],"author":[{"embeddable":true,"href":"https:\/\/www.dogoodpeople.com\/es\/wp-json\/wp\/v2\/users\/10"}],"replies":[{"embeddable":true,"href":"https:\/\/www.dogoodpeople.com\/es\/wp-json\/wp\/v2\/comments?post=14317"}],"version-history":[{"count":0,"href":"https:\/\/www.dogoodpeople.com\/es\/wp-json\/wp\/v2\/posts\/14317\/revisions"}],"wp:featuredmedia":[{"embeddable":true,"href":"https:\/\/www.dogoodpeople.com\/es\/wp-json\/wp\/v2\/media\/15176"}],"wp:attachment":[{"href":"https:\/\/www.dogoodpeople.com\/es\/wp-json\/wp\/v2\/media?parent=14317"}],"wp:term":[{"taxonomy":"category","embeddable":true,"href":"https:\/\/www.dogoodpeople.com\/es\/wp-json\/wp\/v2\/categories?post=14317"},{"taxonomy":"post_tag","embeddable":true,"href":"https:\/\/www.dogoodpeople.com\/es\/wp-json\/wp\/v2\/tags?post=14317"}],"curies":[{"name":"wp","href":"https:\/\/api.w.org\/{rel}","templated":true}]}}